{"id":97342,"date":"2020-03-09T05:05:48","date_gmt":"2020-03-09T08:05:48","guid":{"rendered":"http:\/\/www.eltrabajo.cl\/portal\/?p=97342"},"modified":"2020-03-08T21:07:38","modified_gmt":"2020-03-09T00:07:38","slug":"familia-desesperada-por-conocer-circunstancias-de-la-muerte-de-su-hijo-de-22-anos","status":"publish","type":"post","link":"https:\/\/eltrabajo.cl\/portal\/familia-desesperada-por-conocer-circunstancias-de-la-muerte-de-su-hijo-de-22-anos\/","title":{"rendered":"Familia desesperada por conocer circunstancias de la muerte de su hijo de 22 a\u00f1os"},"content":{"rendered":"<p><span style=\"color: #ff0000;\"><strong>Camino Santa Rosa Llay Llay:<\/strong><\/span><\/p>\n<p>Muy desesperada se encuentra una familia boliviana porque no sabe qu\u00e9 ocurri\u00f3 con uno de los suyos, s\u00f3lo que apareci\u00f3 tirado en un camino en el sector de Santa Rosa de Llay Llay. Lo que saben es que el joven hab\u00eda participado en una obra de beneficencia en favor de una compatriota el d\u00eda s\u00e1bado 29 de febrero, y que luego su cuerpo apareci\u00f3 el 1\u00ba de marzo pasadas las siete de la ma\u00f1ana con lesiones en su cabeza y rodilla, falleciendo posteriormente en el Hospital San Camilo de San Felipe. Por lo que hacen un ferviente llamado a la comunidad para que entregue alg\u00fan tipo de informaci\u00f3n sobre las circunstancias.<\/p>\n<p>&nbsp;<\/p>\n<p><span style=\"color: #ff0000;\"><strong>BUSCAN RESPUESTAS<\/strong><\/span><\/p>\n<p>Nuestro medio convers\u00f3 con un su primo de Rudy el d\u00eda jueves, cuando se aprestaban a retirar el cuerpo desde el Servicio M\u00e9dico Legal en San Felipe. La familia quiere puro saber qu\u00e9 sucedi\u00f3, porque se habla de un atropello, pero no tienen nada claro, la Polic\u00eda no le han dicho nada.<\/p>\n<p>Su primo <strong><em>Iv\u00e1n Lobo<\/em><\/strong> indic\u00f3 a nuestro medio que \u00ab<em>estamos muy desesperados, mi primo hab\u00eda salido a una quermes <\/em>(partido de f\u00fatbol) <em>que hicieron para ir en ayuda de una amiga, all\u00e1 se encontr\u00f3 con un amigo boliviano, empezaron creo a tomar y se copetearon, se curaron y mi primo se quiso ir, estaba medio mal perdido creo de curao, as\u00ed se fue, mientras que el amigo intent\u00f3 detenerlo, pero se fue, se fue nom\u00e1s, como no conoce bien Llay Llay en vez de ir a la carretera se fue pal\u2019 lado de Santa Rosa, as\u00ed es que ah\u00ed ocurri\u00f3 el accidente y no sabemos lo que pas\u00f3, si fue un atropello, pero seg\u00fan lo que nos dijeron fue un atropello, que la PDI lo hab\u00eda encontrado, todos estamos muy desesperados en saber todo lo que le pas\u00f3, hasta el momento no sabemos exactamente lo que pas\u00f3<\/em>\u00bb.<\/p>\n<p>&#8211; <strong>\u00bfC\u00f3mo se llama tu primo?<\/strong><\/p>\n<p>&#8211; Rudy Flores Lobo, ten\u00eda 22 a\u00f1os, no ten\u00eda hijos s\u00f3lo mam\u00e1 y pap\u00e1, ten\u00eda una polola.<\/p>\n<p>&#8211;<strong> \u00bfCu\u00e1les son las circunstancias o donde trabajaba \u00e9l?<\/strong><\/p>\n<p>&#8211; En La Calera, en el fundo Pachac\u00e1n trabajaba.<\/p>\n<p>&#8211;<strong> \u00bfEl viene a cooperar a un beneficio para una compatriota?<\/strong><\/p>\n<p>-S\u00ed, \u00e9l vino a ayudar con buena voluntad, se vino un poquito tarde, pero vino a ayudar.<\/p>\n<p>&#8211;<strong> \u00bfQu\u00e9 lesiones presenta \u00e9l?<\/strong><\/p>\n<p>-Tiene un golpe en la nuca, una fractura en la rodilla, es algo muy raro porque no tiene casi nada en el brazo, si hubiera sido un atropello tendr\u00eda muchas fracturas; en la cabeza, en las manos, en las rodillas, en el cuerpo hubiera tenido muchas fracturas, pero en este caso no tiene muchas, no sabemos qu\u00e9 decir, tampoco no hayamos qu\u00e9 hacer.<\/p>\n<p>&#8211; <strong>\u00bfQu\u00e9 se le puede pedir a la comunidad, en el caso que tengan alguna informaci\u00f3n?<\/strong><\/p>\n<p>&#8211; Por favor si tienen alguna informaci\u00f3n pueden comunicarse conmigo yo les dejo mi n\u00famero que es 9-71540532.<\/p>\n<p>&#8211;<strong> \u00bfCu\u00e1ndo ocurri\u00f3 el hecho?<\/strong><\/p>\n<p>&#8211; El accidente ocurri\u00f3 el d\u00eda domingo 1 de marzo por la ma\u00f1ana c\u00f3mo a las siete u ocho, aproximadamente.<\/p>\n<p>\u00bfAlg\u00fan otro antecedente que le haya entregado la Polic\u00eda?<\/p>\n<p>&#8211; No, nada de la Polic\u00eda no tenemos nada, del m\u00e9dico nos dijeron que era un accidente, pero no nos dijeron que era un atropello nada de eso.<\/p>\n<p>&#8211;<strong> \u00bfQu\u00e9 piensan ustedes que pas\u00f3?<\/strong><\/p>\n<p>&#8211; Hasta el momento no sabemos qu\u00e9 pensar, yo estoy mal.<\/p>\n<p>&#8211;<strong> \u00bfTe llevabas muy bien con \u00e9l?<\/strong><\/p>\n<p>&#8211; S\u00ed, \u00e9l era el \u00fanico primo, \u00fanico amigo, \u00fanico hermano que ten\u00eda, trabaj\u00e1bamos juntos.<\/p>\n<p>&#8211;<strong> \u00bfEn que trabajaban?<\/strong><\/p>\n<p>&#8211; En una empresa agr\u00edcola.<\/p>\n<p>&#8211;<strong> \u00bfEl pap\u00e1 c\u00f3mo est\u00e1?<\/strong><\/p>\n<p>&#8211; Est\u00e1 destrozado, la mam\u00e1 est\u00e1 muy mal.<\/p>\n<p>&#8211;<strong> \u00bfTen\u00eda m\u00e1s hermanos o era hijo \u00fanico?<\/strong><\/p>\n<p>&#8211; Ten\u00eda m\u00e1s hermanos, pero este era el hijo m\u00e1s querido, ayudaba a toda su familia, le mandaba plata, lo \u00faltimo que le dijo a los pap\u00e1s \u2018cu\u00eddense de las enfermedades, cu\u00eddense mucho\u2019 no hagan esto u otro, siempre, \u00e9l era buen hijo, buen trabajador, un bueno muchacho, no s\u00e9 lo que pas\u00f3.<\/p>\n<p>Se\u00f1alar que los restos del joven fallecido iban a ser trasladados a Bolivia, despu\u00e9s de realizar los tr\u00e1mites de rigor, los cuales estaban efectuando el jueves en la tarde. Reiteramos el tel\u00e9fono de su primo Iv\u00e1n Gonzalo Lobo Condori <strong><em>9-71540532<\/em><\/strong>, para cualquier informaci\u00f3n especialmente a la comunidad de Llay Llay.<\/p>\n<p>&nbsp;<\/p>\n<figure id=\"attachment_97343\" aria-describedby=\"caption-attachment-97343\" style=\"width: 580px\" class=\"wp-caption alignnone\"><img data-recalc-dims=\"1\" loading=\"lazy\" decoding=\"async\" class=\"size-full wp-image-97343\" src=\"https:\/\/i0.wp.com\/www.eltrabajo.cl\/portal\/wp-content\/uploads\/2020\/03\/Rudy-copia.jpg?resize=580%2C598\" alt=\"Rudy Flores Lobo, su muerte se ha transformado en todo un misterio para la familia.\" width=\"580\" height=\"598\" srcset=\"https:\/\/i0.wp.com\/eltrabajo.cl\/portal\/wp-content\/uploads\/2020\/03\/Rudy-copia.jpg?w=580&amp;ssl=1 580w, https:\/\/i0.wp.com\/eltrabajo.cl\/portal\/wp-content\/uploads\/2020\/03\/Rudy-copia.jpg?resize=291%2C300&amp;ssl=1 291w, https:\/\/i0.wp.com\/eltrabajo.cl\/portal\/wp-content\/uploads\/2020\/03\/Rudy-copia.jpg?resize=145%2C150&amp;ssl=1 145w, https:\/\/i0.wp.com\/eltrabajo.cl\/portal\/wp-content\/uploads\/2020\/03\/Rudy-copia.jpg?resize=400%2C412&amp;ssl=1 400w\" sizes=\"auto, (max-width: 580px) 100vw, 580px\" \/><figcaption id=\"caption-attachment-97343\" class=\"wp-caption-text\">Rudy Flores Lobo, su muerte se ha transformado en todo un misterio para la familia.<\/figcaption><\/figure>\n","protected":false},"excerpt":{"rendered":"<p>Camino Santa Rosa Llay Llay: Muy desesperada se encuentra una familia boliviana porque no sabe qu\u00e9 ocurri\u00f3 con uno de los suyos, s\u00f3lo que apareci\u00f3 tirado en un camino en el sector&#8230;<\/p>\n","protected":false},"author":482,"featured_media":97344,"comment_status":"open","ping_status":"open","sticky":false,"template":"","format":"standard","meta":{"advanced_seo_description":"","jetpack_seo_html_title":"","jetpack_seo_noindex":false,"_jetpack_memberships_contains_paid_content":false,"footnotes":""},"categories":[15,21],"tags":[],"class_list":["post-97342","post","type-post","status-publish","format-standard","has-post-thumbnail","hentry","category-comunidad","category-policial"],"jetpack_featured_media_url":"https:\/\/i0.wp.com\/eltrabajo.cl\/portal\/wp-content\/uploads\/2020\/03\/Rudy.jpg?fit=580%2C358&ssl=1","jetpack_sharing_enabled":true,"jetpack_likes_enabled":true,"jetpack-related-posts":[],"_links":{"self":[{"href":"https:\/\/eltrabajo.cl\/portal\/wp-json\/wp\/v2\/posts\/97342","targetHints":{"allow":["GET"]}}],"collection":[{"href":"https:\/\/eltrabajo.cl\/portal\/wp-json\/wp\/v2\/posts"}],"about":[{"href":"https:\/\/eltrabajo.cl\/portal\/wp-json\/wp\/v2\/types\/post"}],"author":[{"embeddable":true,"href":"https:\/\/eltrabajo.cl\/portal\/wp-json\/wp\/v2\/users\/482"}],"replies":[{"embeddable":true,"href":"https:\/\/eltrabajo.cl\/portal\/wp-json\/wp\/v2\/comments?post=97342"}],"version-history":[{"count":0,"href":"https:\/\/eltrabajo.cl\/portal\/wp-json\/wp\/v2\/posts\/97342\/revisions"}],"wp:featuredmedia":[{"embeddable":true,"href":"https:\/\/eltrabajo.cl\/portal\/wp-json\/wp\/v2\/media\/97344"}],"wp:attachment":[{"href":"https:\/\/eltrabajo.cl\/portal\/wp-json\/wp\/v2\/media?parent=97342"}],"wp:term":[{"taxonomy":"category","embeddable":true,"href":"https:\/\/eltrabajo.cl\/portal\/wp-json\/wp\/v2\/categories?post=97342"},{"taxonomy":"post_tag","embeddable":true,"href":"https:\/\/eltrabajo.cl\/portal\/wp-json\/wp\/v2\/tags?post=97342"}],"curies":[{"name":"wp","href":"https:\/\/api.w.org\/{rel}","templated":true}]}}