{"id":97346,"date":"2020-03-09T05:06:52","date_gmt":"2020-03-09T08:06:52","guid":{"rendered":"http:\/\/www.eltrabajo.cl\/portal\/?p=97346"},"modified":"2020-03-08T21:11:35","modified_gmt":"2020-03-09T00:11:35","slug":"macabro-asesinato-a-martillazos-matan-a-conocido-vecino-de-villa-bernardo-cruz","status":"publish","type":"post","link":"https:\/\/eltrabajo.cl\/portal\/macabro-asesinato-a-martillazos-matan-a-conocido-vecino-de-villa-bernardo-cruz\/","title":{"rendered":"Macabro asesinato: A martillazos matan a conocido vecino de Villa Bernardo Cruz"},"content":{"rendered":"<p><span style=\"color: #ff0000;\"><strong>Hija y su esposo detenidos como autores:<\/strong><\/span><\/p>\n<p>\u00bfQu\u00e9 pas\u00f3?, era la pregunta habitual que se hac\u00edan las personas que pasaban por fuera de un inmueble ubicado en Villa Bernardo Cruz de San Felipe. Porque nadie entend\u00eda nada de lo que pasaba. S\u00f3lo ve\u00edan veh\u00edculos de Carabineros estacionados afuera. Funcionarios policiales realizando movimientos. El fiscal Julio Palacios Bobadilla que entraba y sal\u00eda de la casa, conversaba unos minutos con hermanos de la v\u00edctima, quienes no pod\u00edan creer lo que estaba pasando entre ellos <em>Franco Lat\u00edn<\/em>, conocido por todos por su trabajo de receptor judicial, quien estaba junto a un hermano.<\/p>\n<p>En ese instante una funcionaria de la SIP de Carabineros ingres\u00f3 a la casa del lado a conversar con un vecino, quiz\u00e1s para preguntarle si hab\u00eda visto o sentido algo. Al conversar\u00a0 con nuestro medio nos se\u00f1al\u00f3 que reci\u00e9n se hab\u00eda enterado justamente por la carabinera de la SIP, \u00ab<em>reci\u00e9n me dicen que falleci\u00f3, pucha era todo un caballero, no molestaba a nadie era un s\u00faper caballero, un buen vecino, era guardia, no molestaba a nadie es una noticia terrible, cuando me dijo la funcionaria de la SIP que hab\u00eda fallecido no ten\u00eda idea, me pregunt\u00f3 si hab\u00eda sentido algo, nada yo no sent\u00ed nada, nada, nada, ni un asalto nada<\/em>\u00bb, indic\u00f3 un vecino que pidi\u00f3 su anonimato.<\/p>\n<p>&nbsp;<\/p>\n<p><span style=\"color: #ff0000;\"><strong>TRAGEDIA CONFIRMADA<\/strong><\/span><\/p>\n<p>Mientras termin\u00e1bamos de conversar con el vecino, pedimos alg\u00fan comentario a uno de sus hermanos, Franco, quien nos confirm\u00f3 la noticia entreg\u00e1ndonos el nombre\u2026<strong><em> Armando<\/em><\/strong>.<\/p>\n<p>En eso esteb\u00e1bamos cuando de pronto se acerca una mujer acompa\u00f1ada de un hombre, quienes ingresaron al antejard\u00edn y luego al domicilio, creemos, con la finalidad de poder obtener alguna informaci\u00f3n. Sin embargo el carabinero que estaba custodiando el sitio del suceso los conmin\u00f3 a salir, porque se estaba en investigaci\u00f3n. Pues bien, la mujer que intent\u00f3 entrar era la hija del fallecido, quien para sorpresa posteriormente fue detenida por la PDI por su presunta responsabilidad en la muerte de su padre. De todas maneras es importante se\u00f1alar que ella siempre estuvo en el lugar en una casa frente a la de su padre.<\/p>\n<p>&nbsp;<\/p>\n<p><span style=\"color: #ff0000;\"><strong>PARTE CARABINEROS<\/strong><\/span><\/p>\n<p>Tambi\u00e9n conversamos con el capit\u00e1n de Carabineros <strong><em>Rafael Ram\u00edrez Vallejo<\/em><\/strong>, de la Segunda Comisar\u00eda de San Felipe, quien nos confirm\u00f3 a esa hora cerca de la una que de acuerdo a los antecedentes preliminares estaban dando cuenta de un homicidio al Ministerio P\u00fablico, \u00ab<em>nosotros aproximadamente a las 12:30 recibimos un llamado telef\u00f3nico de una persona de sexo masculino, el cual denunciaba que su suegro habr\u00eda sido v\u00edctima de un asalto al interior del domicilio, en ese contexto se origina el fallecimiento de esta persona que es un adulto ya de 61 a\u00f1os, el cual ya lamentablemente a la llegada\u00a0 de personal de Carabineros ya se encontraba sin signos vitales esto es sin vida<\/em>\u00bb, dijo el oficial<\/p>\n<p>El Capit\u00e1n Ram\u00edrez coment\u00f3 que el fallecido presentaba lesiones atribuibles a terceras personas, las cuales en ese momento eran materia de investigaci\u00f3n. Justo en ese momento estaban tratando de establecer el tipo de armas usada. Tambi\u00e9n dijo que viv\u00eda solo, pero en este \u00faltimo tiempo estaba viviendo con su hija y la pareja de \u00e9sta.<\/p>\n<p>&#8211;<strong> \u00bfRobaron algo?<\/strong><\/p>\n<p>&#8211; Esa es la denuncia que nos llega y eso es lo que estamos investigando en ese momento.<\/p>\n<p>&nbsp;<\/p>\n<p><span style=\"color: #ff0000;\"><strong>PDI EN ACCI\u00d3N<\/strong><\/span><\/p>\n<p>En ese momento llegan al lugar dos veh\u00edculos de la PDI, que a la postre corresponder\u00edan a la BH comandada por el subcomisario <strong><em>Hern\u00e1n Garc\u00eda<\/em><\/strong>, ellos ingresaron, comenzando a trabajar en el sitio del suceso. Pasados unos minutos suben a bordo de un auto de la PDI a un joven que estaba en el lugar, seg\u00fan los vecinos era el yerno del occiso.<\/p>\n<p>El veh\u00edculo por lo que ten\u00edamos entendido, se fue a una unidad policial para poder entrevistarlo sobre este caso. Tambi\u00e9n abandona el sitio del suceso los oficiales de la BH, quienes vuelven pasada una media hora e ingresan a la casa nuevamente. Todo esto bajo la atenta mirada del Fiscal de Turno Julio Palacios Bobadilla, quien se mantuvo en todo momento en el sitio del suceso.<\/p>\n<p>&nbsp;<\/p>\n<p><span style=\"color: #ff0000;\"><strong>FRANCO LAT\u00cdN<\/strong><\/span><\/p>\n<p>Luego vuelven familiares del occiso conversan tanto con el fiscal como personal de la BH, pasan unos minutos se retiran y Franco Lat\u00edn a la pasada nos comenta lo siguiente \u00ab<em>lo que ha ocurrido es m\u00e1s que una tragedia, mi hermano a las diez y media estuvo con mi mam\u00e1, con mis sobrinos, estuvo con todos viene para ac\u00e1 y me parece muerto<\/em>\u00bb, dice Franco.<\/p>\n<p>&#8211; <strong>\u00bfQu\u00e9 nos puede decir a nombre de la familia?<\/strong><\/p>\n<p>&#8211; Mira en Chile, te voy a decir algo que es muy cierto muy verdadero, ac\u00e1 en Chile hay miles de robos, muchos hurtos y tambi\u00e9n asesinatos, los asesinatos que ocurren en Chile no son como en otros lados, el 99,9% en Chile son esclarecidos, tengo plena fe y confianza en la Polic\u00eda de Investigaciones, que va a lograr dilucidar, esclarecer este hecho violento que sufri\u00f3 una persona con discapacidad, muy conocida y querida en San Felipe.<\/p>\n<p>&nbsp;<\/p>\n<p><span style=\"color: #ff0000;\"><strong>ETAPA TERMINADA<\/strong><\/span><\/p>\n<p>Posteriormente la PDI retir\u00f3 algunos medios de prueba, todos dentro de unas bolsas de cart\u00f3n que echaron en la parte posterior del Jeep de la BH, como signo que las pericias estaban terminando.<\/p>\n<p>A todo esto ya hab\u00eda llegado la camioneta del Servicio M\u00e9dico Legal.<\/p>\n<p>Mientras tanto el Subcomisario Garc\u00eda conversaba con la hija del occiso frente a la casa donde se hab\u00eda producido el hecho de sangre.<\/p>\n<p>Se\u00f1alar que durante todo momento pudimos apreciar a la hija que estaba en el lugar en una casa del frente.<\/p>\n<p>El jefe de la BH en ese momento, subcomisario Hern\u00e1n Garc\u00eda, en conversaci\u00f3n con nuestro medio ya pr\u00e1cticamente terminadas las pericias, dijo que se estaban realizando diversas diligencias respecto a este crimen, donde la v\u00edctima presenta diversas heridas traum\u00e1ticas encef\u00e1licas que necesariamente son la causa de la muerte, \u00ab<em>en raz\u00f3n de eso a\u00fan estamos trabajando con el laboratorio de criminal\u00edstica, tomando declaraci\u00f3n a los testigos, familiares que se encontraban en el inmueble, por lo que no me puedo pronunciar con respecto a la causa de la muerte y la situaci\u00f3n de las personas que est\u00e1n en ese momento al cuartel<\/em>\u00bb, se\u00f1al\u00f3. Indicaba que en ese momento no se descartaba la hip\u00f3tesis de asalto que hab\u00eda dicho Carabineros. De todas maneras daba luces que de acuerdo a la investigaci\u00f3n, no ser\u00eda un asalto, habiendo otras circunstancias que llevan al fallecimiento de esta persona.<\/p>\n<p>&#8211;<strong> \u00bfHay una persona detenida o retenida?, porque subi\u00f3 una con\u00a0 detectives a un auto.<\/strong><\/p>\n<p>&#8211; S\u00ed, es testigo presencial, a quien se le est\u00e1 tomando declaraci\u00f3n.<\/p>\n<p>&#8211;<strong> \u00bfEs el yerno?<\/strong><\/p>\n<p>&#8211; Es el yerno a quien se le est\u00e1 tomando declaraci\u00f3n.<\/p>\n<p>Finalmente conversan con la hija, a quien suben al jeep de la BH y la trasladan a alguna unidad. Mientras la camioneta del SML se retira con el cuerpo. Carabineros ya se hab\u00eda retirado. Otro que se retira es el fiscal de turno Julio Palacios Bobadilla.<\/p>\n<p>&nbsp;<\/p>\n<p><span style=\"color: #ff0000;\"><strong>MACABRO RELATO<\/strong><\/span><\/p>\n<p>La casa se cierra, s\u00f3lo sentimos los aullidos de un perrito que dejaron al interior del inmueble. A todo esto en su momento, conversamos con la hija de Armando, quien se excus\u00f3 de entregar alg\u00fan comentario.<\/p>\n<p>Finalmente supimos que la pareja fue detenida. Ayer en la ma\u00f1ana pasaron a disposici\u00f3n del Juzgado de Garant\u00eda de San Felipe, donde el fiscal Julio Palacios Bobadilla dijo que el imputado estaba concertado con su c\u00f3nyuge (hija del occiso), para darle muerte a la v\u00edctima, porque ten\u00edan problemas familiares; \u00e9l era el propietario del inmueble y su hija junto a su c\u00f3nyuge estaban de allegados, entonces por estos problemas encontraron una salida: darle muerte al due\u00f1o de casa.<\/p>\n<p>&#8211;<strong> \u00bfDe qui\u00e9n nace la idea de dar muerte?<\/strong><\/p>\n<p>&#8211; Lo que se\u00f1ala el imputado es que estaban concertados ambos darle muerte, e incluso se escuch\u00f3 en la audiencia, donde hab\u00edan intentado envenenarlo utilizando alg\u00fan pesticida, mismo que el imputado trajo desde su trabajo, pero la v\u00edctima se habr\u00eda percatado de ello y no habr\u00eda tomado ese l\u00edquido, el cual estaba contaminado con pesticida.<\/p>\n<p>&#8211;<strong> \u00bfLe dieron martillazos?<\/strong><\/p>\n<p>&#8211; S\u00ed, el elemento contundente, se encontr\u00f3 un martillo, el cual estaba en el sitio del suceso cuando nosotros llegamos al lugar, estaba sobre un sill\u00f3n, con el cual habr\u00edan agredido en diferentes oportunidades en el cr\u00e1neo a la v\u00edctima, sin embargo lo que sindica es que como la v\u00edctima no falleci\u00f3 en el lugar y adem\u00e1s se resisti\u00f3 a esto, que logra darle rasgu\u00f1os en el pecho al imputado, ante esta situaci\u00f3n el imputado se sube sobre \u00e9l (v\u00edctima), ten\u00eda una mano con un guante y con ese guante le pone en la boca y finalmente termina por asfixiar a la v\u00edctima.<\/p>\n<p>&#8211;<strong> \u00bfCu\u00e1l es la participaci\u00f3n de la hija?<\/strong><\/p>\n<p>&#8211; En ese caso tambi\u00e9n es autora, es coautora seg\u00fan lo establece la ley a juicio del Ministerio P\u00fablico como lo indicamos, ya que ella en definitiva se concert\u00f3 con su c\u00f3nyuge para darle muerte a su padre, adem\u00e1s, prest\u00f3 colaboraci\u00f3n en ese caso sacando al hijo en com\u00fan para que no viera nada. Despu\u00e9s da aviso a su c\u00f3nyuge el horario en que su padre iba en su motocicleta hasta el domicilio para que lo esperara, mientras tanto se prepar\u00f3, se puso un guante, dej\u00f3 el martillo muy cerca de \u00e9l para atacar a la v\u00edctima, y tambi\u00e9n a juicio del Ministerio P\u00fablico toma participaci\u00f3n directa puesto que ella vio cuando su marido estaba intentando matar a la v\u00edctima y no pod\u00eda, entonces le pide que salga, entonces ella al ver eso toma parte.<\/p>\n<p>&#8211; <strong>\u00bfSe va de la casa?<\/strong><\/p>\n<p>&#8211; Se va de la casa en ese momento por unos minutos.<\/p>\n<p>&#8211;<strong> \u00bfEsta concertaci\u00f3n confabulaci\u00f3n es para quedarse con la casa, con dinero, ha logrado averiguar eso fiscal?<\/strong><\/p>\n<p>&#8211; No, lo que tenemos es un tema de convivencia en definitiva.<\/p>\n<p>&#8211;<strong> Supongamos que ya tenemos la autopsia, \u00bfpor qu\u00e9 debieran ser formalizados ellos?<\/strong><\/p>\n<p>&#8211; A nuestro juicio \u00e9l por el delito de Homicidio Calificado, con Premeditaci\u00f3n, conocida como indica la ley y ella por el delito de Parricidio en atenci\u00f3n a que era la hija de la v\u00edctima.<\/p>\n<p>&#8211;<strong> \u00bfQu\u00e9 penas arriesgan Perpetua Calificada ambos o hay diferencias?<\/strong><\/p>\n<p>&#8211; Las penas son de presidio mayor en su grado m\u00e1ximos, es decir desde los 15 a\u00f1os y un d\u00eda incluso hasta el Presidio Perpetuo Calificado podr\u00eda decir.<\/p>\n<p>&nbsp;<\/p>\n<p><span style=\"color: #ff0000;\"><strong>PIDEN AMPLIACI\u00d3N<\/strong><\/span><\/p>\n<p>Se pidi\u00f3 la Ampliaci\u00f3n de la detenci\u00f3n, la cual fue otorgada para que se efectuara la autopsia, porque en San Felipe no hay m\u00e9dico legista. Una vez realizado ese tr\u00e1mite se hace la Audiencia de Control de Detenci\u00f3n.<\/p>\n<p>Cabe se\u00f1alar que el imputado de iniciales <strong>C.F.M.R.<\/strong> de 24 a\u00f1os de edad se encuentra confeso, mientras que la hija e imputada del occiso iniciales <strong>N.L.A.<\/strong>, decidi\u00f3 guardar silencio. En la audiencia denunciaron alg\u00fan tipo de maltrato en el momento de tomarles declaraci\u00f3n. La abogada defensora declin\u00f3 entregar alg\u00fan comentario.<\/p>\n<p><strong><em>Diario El Trabajo<\/em><\/strong> como dicta el <strong><em>Art\u00edculo 4 del C\u00f3digo Procesal Penal<\/em><\/strong>, respetamos la <strong><em>Presunci\u00f3n de Inocencia<\/em><\/strong> de los imputados, hasta no existir una sentencia de un Tribunal que indique lo contrario.<\/p>\n<p>&nbsp;<\/p>\n<figure id=\"attachment_97347\" aria-describedby=\"caption-attachment-97347\" style=\"width: 580px\" class=\"wp-caption alignnone\"><img data-recalc-dims=\"1\" loading=\"lazy\" decoding=\"async\" class=\"size-full wp-image-97347\" src=\"https:\/\/i0.wp.com\/www.eltrabajo.cl\/portal\/wp-content\/uploads\/2020\/03\/parricidio-Armando-Latin.jpg?resize=580%2C600\" alt=\"Armando Lat\u00edn muy conocido en San Felipe por su labor como guardia.\" width=\"580\" height=\"600\" srcset=\"https:\/\/i0.wp.com\/eltrabajo.cl\/portal\/wp-content\/uploads\/2020\/03\/parricidio-Armando-Latin.jpg?w=580&amp;ssl=1 580w, https:\/\/i0.wp.com\/eltrabajo.cl\/portal\/wp-content\/uploads\/2020\/03\/parricidio-Armando-Latin.jpg?resize=290%2C300&amp;ssl=1 290w, https:\/\/i0.wp.com\/eltrabajo.cl\/portal\/wp-content\/uploads\/2020\/03\/parricidio-Armando-Latin.jpg?resize=145%2C150&amp;ssl=1 145w, https:\/\/i0.wp.com\/eltrabajo.cl\/portal\/wp-content\/uploads\/2020\/03\/parricidio-Armando-Latin.jpg?resize=400%2C414&amp;ssl=1 400w\" sizes=\"auto, (max-width: 580px) 100vw, 580px\" \/><figcaption id=\"caption-attachment-97347\" class=\"wp-caption-text\">Armando Lat\u00edn muy conocido en San Felipe por su labor como guardia.<\/figcaption><\/figure>\n<p>&nbsp;<\/p>\n<figure id=\"attachment_97348\" aria-describedby=\"caption-attachment-97348\" style=\"width: 580px\" class=\"wp-caption alignnone\"><img data-recalc-dims=\"1\" loading=\"lazy\" decoding=\"async\" class=\"size-full wp-image-97348\" src=\"https:\/\/i0.wp.com\/www.eltrabajo.cl\/portal\/wp-content\/uploads\/2020\/03\/parricidio-escena-crimen.jpg?resize=580%2C359\" alt=\"Carabineros de San Felipe manejaron la escena del cr\u00edmen en coordinaci\u00f3n de BH de Los Andes.\" width=\"580\" height=\"359\" srcset=\"https:\/\/i0.wp.com\/eltrabajo.cl\/portal\/wp-content\/uploads\/2020\/03\/parricidio-escena-crimen.jpg?w=580&amp;ssl=1 580w, https:\/\/i0.wp.com\/eltrabajo.cl\/portal\/wp-content\/uploads\/2020\/03\/parricidio-escena-crimen.jpg?resize=300%2C186&amp;ssl=1 300w, https:\/\/i0.wp.com\/eltrabajo.cl\/portal\/wp-content\/uploads\/2020\/03\/parricidio-escena-crimen.jpg?resize=200%2C124&amp;ssl=1 200w, https:\/\/i0.wp.com\/eltrabajo.cl\/portal\/wp-content\/uploads\/2020\/03\/parricidio-escena-crimen.jpg?resize=242%2C150&amp;ssl=1 242w, https:\/\/i0.wp.com\/eltrabajo.cl\/portal\/wp-content\/uploads\/2020\/03\/parricidio-escena-crimen.jpg?resize=400%2C248&amp;ssl=1 400w\" sizes=\"auto, (max-width: 580px) 100vw, 580px\" \/><figcaption id=\"caption-attachment-97348\" class=\"wp-caption-text\">Carabineros de San Felipe manejaron la escena del cr\u00edmen en coordinaci\u00f3n de BH de Los Andes.<\/figcaption><\/figure>\n<p>&nbsp;<\/p>\n<figure id=\"attachment_97349\" aria-describedby=\"caption-attachment-97349\" style=\"width: 580px\" class=\"wp-caption alignnone\"><img data-recalc-dims=\"1\" loading=\"lazy\" decoding=\"async\" class=\"size-full wp-image-97349\" src=\"https:\/\/i0.wp.com\/www.eltrabajo.cl\/portal\/wp-content\/uploads\/2020\/03\/parricidio-imputados.jpg?resize=580%2C359\" alt=\"Los imputados durante la audiencia en el Tribunal de Garant\u00eda.\" width=\"580\" height=\"359\" srcset=\"https:\/\/i0.wp.com\/eltrabajo.cl\/portal\/wp-content\/uploads\/2020\/03\/parricidio-imputados.jpg?w=580&amp;ssl=1 580w, https:\/\/i0.wp.com\/eltrabajo.cl\/portal\/wp-content\/uploads\/2020\/03\/parricidio-imputados.jpg?resize=300%2C186&amp;ssl=1 300w, https:\/\/i0.wp.com\/eltrabajo.cl\/portal\/wp-content\/uploads\/2020\/03\/parricidio-imputados.jpg?resize=200%2C124&amp;ssl=1 200w, https:\/\/i0.wp.com\/eltrabajo.cl\/portal\/wp-content\/uploads\/2020\/03\/parricidio-imputados.jpg?resize=242%2C150&amp;ssl=1 242w, https:\/\/i0.wp.com\/eltrabajo.cl\/portal\/wp-content\/uploads\/2020\/03\/parricidio-imputados.jpg?resize=400%2C248&amp;ssl=1 400w\" sizes=\"auto, (max-width: 580px) 100vw, 580px\" \/><figcaption id=\"caption-attachment-97349\" class=\"wp-caption-text\">Los imputados durante la audiencia en el Tribunal de Garant\u00eda.<\/figcaption><\/figure>\n<p>&nbsp;<\/p>\n<figure id=\"attachment_97350\" aria-describedby=\"caption-attachment-97350\" style=\"width: 580px\" class=\"wp-caption alignnone\"><img data-recalc-dims=\"1\" loading=\"lazy\" decoding=\"async\" class=\"size-full wp-image-97350\" src=\"https:\/\/i0.wp.com\/www.eltrabajo.cl\/portal\/wp-content\/uploads\/2020\/03\/parricidio-portada-imputados.jpg?resize=580%2C359\" alt=\"Los imputados durante la audiencia en el Tribunal de Garant\u00eda.\" width=\"580\" height=\"359\" srcset=\"https:\/\/i0.wp.com\/eltrabajo.cl\/portal\/wp-content\/uploads\/2020\/03\/parricidio-portada-imputados.jpg?w=580&amp;ssl=1 580w, https:\/\/i0.wp.com\/eltrabajo.cl\/portal\/wp-content\/uploads\/2020\/03\/parricidio-portada-imputados.jpg?resize=300%2C186&amp;ssl=1 300w, https:\/\/i0.wp.com\/eltrabajo.cl\/portal\/wp-content\/uploads\/2020\/03\/parricidio-portada-imputados.jpg?resize=200%2C124&amp;ssl=1 200w, https:\/\/i0.wp.com\/eltrabajo.cl\/portal\/wp-content\/uploads\/2020\/03\/parricidio-portada-imputados.jpg?resize=242%2C150&amp;ssl=1 242w, https:\/\/i0.wp.com\/eltrabajo.cl\/portal\/wp-content\/uploads\/2020\/03\/parricidio-portada-imputados.jpg?resize=400%2C248&amp;ssl=1 400w\" sizes=\"auto, (max-width: 580px) 100vw, 580px\" \/><figcaption id=\"caption-attachment-97350\" class=\"wp-caption-text\">Los imputados durante la audiencia en el Tribunal de Garant\u00eda.<\/figcaption><\/figure>\n","protected":false},"excerpt":{"rendered":"<p>Hija y su esposo detenidos como autores: \u00bfQu\u00e9 pas\u00f3?, era la pregunta habitual que se hac\u00edan las personas que pasaban por fuera de un inmueble ubicado en Villa Bernardo Cruz de San&#8230;<\/p>\n","protected":false},"author":482,"featured_media":97350,"comment_status":"open","ping_status":"open","sticky":false,"template":"","format":"standard","meta":{"advanced_seo_description":"","jetpack_seo_html_title":"","jetpack_seo_noindex":false,"_jetpack_memberships_contains_paid_content":false,"footnotes":""},"categories":[21,97],"tags":[],"class_list":["post-97346","post","type-post","status-publish","format-standard","has-post-thumbnail","hentry","category-policial","category-tribunales"],"jetpack_featured_media_url":"https:\/\/i0.wp.com\/eltrabajo.cl\/portal\/wp-content\/uploads\/2020\/03\/parricidio-portada-imputados.jpg?fit=580%2C359&ssl=1","jetpack_sharing_enabled":true,"jetpack_likes_enabled":true,"jetpack-related-posts":[],"_links":{"self":[{"href":"https:\/\/eltrabajo.cl\/portal\/wp-json\/wp\/v2\/posts\/97346","targetHints":{"allow":["GET"]}}],"collection":[{"href":"https:\/\/eltrabajo.cl\/portal\/wp-json\/wp\/v2\/posts"}],"about":[{"href":"https:\/\/eltrabajo.cl\/portal\/wp-json\/wp\/v2\/types\/post"}],"author":[{"embeddable":true,"href":"https:\/\/eltrabajo.cl\/portal\/wp-json\/wp\/v2\/users\/482"}],"replies":[{"embeddable":true,"href":"https:\/\/eltrabajo.cl\/portal\/wp-json\/wp\/v2\/comments?post=97346"}],"version-history":[{"count":0,"href":"https:\/\/eltrabajo.cl\/portal\/wp-json\/wp\/v2\/posts\/97346\/revisions"}],"wp:featuredmedia":[{"embeddable":true,"href":"https:\/\/eltrabajo.cl\/portal\/wp-json\/wp\/v2\/media\/97350"}],"wp:attachment":[{"href":"https:\/\/eltrabajo.cl\/portal\/wp-json\/wp\/v2\/media?parent=97346"}],"wp:term":[{"taxonomy":"category","embeddable":true,"href":"https:\/\/eltrabajo.cl\/portal\/wp-json\/wp\/v2\/categories?post=97346"},{"taxonomy":"post_tag","embeddable":true,"href":"https:\/\/eltrabajo.cl\/portal\/wp-json\/wp\/v2\/tags?post=97346"}],"curies":[{"name":"wp","href":"https:\/\/api.w.org\/{rel}","templated":true}]}}