{"id":97357,"date":"2020-03-10T05:02:06","date_gmt":"2020-03-10T08:02:06","guid":{"rendered":"http:\/\/www.eltrabajo.cl\/portal\/?p=97357"},"modified":"2020-03-09T21:03:06","modified_gmt":"2020-03-10T00:03:06","slug":"union-san-felipe-enfrenta-al-mediodia-de-hoy-a-un-complicado-deportes-valdivia","status":"publish","type":"post","link":"https:\/\/eltrabajo.cl\/portal\/union-san-felipe-enfrenta-al-mediodia-de-hoy-a-un-complicado-deportes-valdivia\/","title":{"rendered":"Uni\u00f3n San Felipe enfrenta al mediod\u00eda de hoy a un complicado Deportes Valdivia"},"content":{"rendered":"<p>Luego de despejarse las dudas respecto al estadio y ciudad donde se iba a disputar el partido correspondiente a la tercera fecha del torneo B del f\u00fatbol rentado chileno, hoy el Un\u00ed Un\u00ed desafiar\u00e1 a Deportes Valdivia en el piso sint\u00e9tico del estadio F\u00e9lix Gallardo en la capital de la Regi\u00f3n de Los R\u00edos.<\/p>\n<p>La escuadra aconcag\u00fcina llegar\u00e1 en un excelente pie an\u00edmico al pleito de este mediod\u00eda. <em>\u00abEsto reci\u00e9n comienza.\u00a0 No podemos quedarnos con la idea que todo est\u00e1 excelente. Siempre hay que buscar formas y f\u00f3rmulas para seguir mejorando.\u00a0 S\u00e9 perfectamente que hay momentos en los que nos hemos visto descontrolados y poco compactos; entonces se debe trabajar para corregir. Ahora es claro que todo eso se pude hacer de manera m\u00e1s sencilla cuando el equipo suma\u00bb,<\/em> explic\u00f3 el t\u00e9cnico <strong>Erwin Dur\u00e1n<\/strong>, en la previa al duelo con los valdivianos.<\/p>\n<p>El estratego entreg\u00f3 adem\u00e1s las claves por donde podr\u00eda pasar el encuentro de hoy ante el conjunto lacustre:\u00a0 <em>\u00abHabr\u00e1 que saber tomar decisiones en los distintos momentos del partido, porque es evidente que a veces tendremos el control y otras veces no, por lo que habr\u00e1 que ser criteriosos a la hora de defender y atacar\u00bb,<\/em> afirm\u00f3 Dur\u00e1n.<\/p>\n<p>La m\u00e1s probable formaci\u00f3n del Un\u00ed Un\u00ed ser\u00eda con: Nicol\u00e1s Rodr\u00edguez en el arco; Francisco Salinas, Jes\u00fas Pino, V\u00edctor Morales, Gonzalo Villegas; Juan M\u00e9ndez, Enzo Orme\u00f1o, Matt Lagos, Pablo Vergara, Gonzalo \u00c1lvarez y Lautaro Palacios.<\/p>\n<p>&nbsp;<\/p>\n<figure id=\"attachment_97358\" aria-describedby=\"caption-attachment-97358\" style=\"width: 580px\" class=\"wp-caption alignnone\"><img data-recalc-dims=\"1\" loading=\"lazy\" decoding=\"async\" class=\"size-full wp-image-97358\" src=\"https:\/\/i0.wp.com\/www.eltrabajo.cl\/portal\/wp-content\/uploads\/2020\/03\/duran.jpg?resize=580%2C358\" alt=\"El entrenador del Un\u00ed Un\u00ed, Erwin Dur\u00e1n, conf\u00eda en que su equipo podr\u00e1 sacar un buen resultado ante el aproblemado Deportes Valdivia.\" width=\"580\" height=\"358\" srcset=\"https:\/\/i0.wp.com\/eltrabajo.cl\/portal\/wp-content\/uploads\/2020\/03\/duran.jpg?w=580&amp;ssl=1 580w, https:\/\/i0.wp.com\/eltrabajo.cl\/portal\/wp-content\/uploads\/2020\/03\/duran.jpg?resize=300%2C185&amp;ssl=1 300w, https:\/\/i0.wp.com\/eltrabajo.cl\/portal\/wp-content\/uploads\/2020\/03\/duran.jpg?resize=200%2C123&amp;ssl=1 200w, https:\/\/i0.wp.com\/eltrabajo.cl\/portal\/wp-content\/uploads\/2020\/03\/duran.jpg?resize=243%2C150&amp;ssl=1 243w, https:\/\/i0.wp.com\/eltrabajo.cl\/portal\/wp-content\/uploads\/2020\/03\/duran.jpg?resize=400%2C247&amp;ssl=1 400w\" sizes=\"auto, (max-width: 580px) 100vw, 580px\" \/><figcaption id=\"caption-attachment-97358\" class=\"wp-caption-text\">El entrenador del Un\u00ed Un\u00ed, Erwin Dur\u00e1n, conf\u00eda en que su equipo podr\u00e1 sacar un buen resultado ante el aproblemado Deportes Valdivia.<\/figcaption><\/figure>\n","protected":false},"excerpt":{"rendered":"<p>Luego de despejarse las dudas respecto al estadio y ciudad donde se iba a disputar el partido correspondiente a la tercera fecha del torneo B del f\u00fatbol rentado chileno, hoy el Un\u00ed&#8230;<\/p>\n","protected":false},"author":482,"featured_media":97358,"comment_status":"open","ping_status":"open","sticky":false,"template":"","format":"standard","meta":{"advanced_seo_description":"","jetpack_seo_html_title":"","jetpack_seo_noindex":false,"_jetpack_memberships_contains_paid_content":false,"footnotes":""},"categories":[19],"tags":[],"class_list":["post-97357","post","type-post","status-publish","format-standard","has-post-thumbnail","hentry","category-deportes"],"jetpack_featured_media_url":"https:\/\/i0.wp.com\/eltrabajo.cl\/portal\/wp-content\/uploads\/2020\/03\/duran.jpg?fit=580%2C358&ssl=1","jetpack_sharing_enabled":true,"jetpack_likes_enabled":true,"jetpack-related-posts":[],"_links":{"self":[{"href":"https:\/\/eltrabajo.cl\/portal\/wp-json\/wp\/v2\/posts\/97357","targetHints":{"allow":["GET"]}}],"collection":[{"href":"https:\/\/eltrabajo.cl\/portal\/wp-json\/wp\/v2\/posts"}],"about":[{"href":"https:\/\/eltrabajo.cl\/portal\/wp-json\/wp\/v2\/types\/post"}],"author":[{"embeddable":true,"href":"https:\/\/eltrabajo.cl\/portal\/wp-json\/wp\/v2\/users\/482"}],"replies":[{"embeddable":true,"href":"https:\/\/eltrabajo.cl\/portal\/wp-json\/wp\/v2\/comments?post=97357"}],"version-history":[{"count":0,"href":"https:\/\/eltrabajo.cl\/portal\/wp-json\/wp\/v2\/posts\/97357\/revisions"}],"wp:featuredmedia":[{"embeddable":true,"href":"https:\/\/eltrabajo.cl\/portal\/wp-json\/wp\/v2\/media\/97358"}],"wp:attachment":[{"href":"https:\/\/eltrabajo.cl\/portal\/wp-json\/wp\/v2\/media?parent=97357"}],"wp:term":[{"taxonomy":"category","embeddable":true,"href":"https:\/\/eltrabajo.cl\/portal\/wp-json\/wp\/v2\/categories?post=97357"},{"taxonomy":"post_tag","embeddable":true,"href":"https:\/\/eltrabajo.cl\/portal\/wp-json\/wp\/v2\/tags?post=97357"}],"curies":[{"name":"wp","href":"https:\/\/api.w.org\/{rel}","templated":true}]}}