{"id":97363,"date":"2020-03-10T05:04:18","date_gmt":"2020-03-10T08:04:18","guid":{"rendered":"http:\/\/www.eltrabajo.cl\/portal\/?p=97363"},"modified":"2020-03-09T21:07:57","modified_gmt":"2020-03-10T00:07:57","slug":"sin-detenidos-incidentes-ocurridos-el-viernes-en-la-noche-en-avenida-encon","status":"publish","type":"post","link":"https:\/\/eltrabajo.cl\/portal\/sin-detenidos-incidentes-ocurridos-el-viernes-en-la-noche-en-avenida-encon\/","title":{"rendered":"Sin detenidos incidentes ocurridos el viernes en la noche en Avenida Enc\u00f3n"},"content":{"rendered":"<p>No hubo personas detenidas durante la noche de este viernes para s\u00e1bado, tras los hechos que ocurrieron en el sector de la Avenida Enc\u00f3n, donde personas encendieron barricadas.<\/p>\n<p>La informaci\u00f3n fue entregada por el capit\u00e1n de Carabineros <strong>Franco Herrera<\/strong>, se\u00f1alando que el d\u00eda viernes hubo un llamado a marcha que en general fue bastante tranquilo, <em>\u00absin embargo cuando esto finaliz\u00f3 comenzaron algunos problemas, en ese caso de barricadas y de lanzamiento de objetos contundentes a Carabineros. Pero esto fue controlado m\u00e1s menos a eso de las once de la noche y luego pasado las doce de la noche instalaron barricadas en combusti\u00f3n en el sector de Enc\u00f3n, se destruy\u00f3\u00a0 un poste de telefon\u00eda que fue depositado en la calzada, comenzando a hacer da\u00f1o al supermercado Unimarc. No alcanzaron a ingresar a las dependencias ni a sustraer mercader\u00eda porque el recinto fue bastante reforzado por la administraci\u00f3n, entonces es una tarea muy dif\u00edcil con las medidas que se instalaron, es decir, sin embargo ocasionaron da\u00f1os en la reja perimetral y en vitrinas de locales que a\u00fan no han sido utilizados\u00bb,<\/em> se\u00f1al\u00f3 Herrera.<\/p>\n<p>El oficial destac\u00f3 que gracias al llamado de los vecinos se pudo llegar al lugar, donde se tuvo que hacer uso de disuasivos qu\u00edmicos; <em>\u00abporque en ese caso los antisociales estaban bastante agresivos, lanzando todo tipo de objeto a Carabineros, sin embargo esta situaci\u00f3n pudo ser m\u00e1s menos controlada a las cuatro de la ma\u00f1ana\u00bb,<\/em> indic\u00f3 el capit\u00e1n Herrera.<\/p>\n<p>Agreg\u00f3 m\u00e1s adelante que no hubo personas detenidas y que los ruidos tipo balazos corresponden al lanzamiento de bombas lacrim\u00f3genas.<\/p>\n<p>De todas maneras se dio cuenta al Ministerio P\u00fablico sobre estos hechos.<\/p>\n<p>&nbsp;<\/p>\n<figure id=\"attachment_97364\" aria-describedby=\"caption-attachment-97364\" style=\"width: 580px\" class=\"wp-caption alignnone\"><img data-recalc-dims=\"1\" loading=\"lazy\" decoding=\"async\" class=\"size-full wp-image-97364\" src=\"https:\/\/i0.wp.com\/www.eltrabajo.cl\/portal\/wp-content\/uploads\/2020\/03\/barricadas.jpg?resize=580%2C360\" alt=\"Barricadas en Enc\u00f3n la noche de viernes para s\u00e1bado. No hubo detenidos.\" width=\"580\" height=\"360\" srcset=\"https:\/\/i0.wp.com\/eltrabajo.cl\/portal\/wp-content\/uploads\/2020\/03\/barricadas.jpg?w=580&amp;ssl=1 580w, https:\/\/i0.wp.com\/eltrabajo.cl\/portal\/wp-content\/uploads\/2020\/03\/barricadas.jpg?resize=300%2C186&amp;ssl=1 300w, https:\/\/i0.wp.com\/eltrabajo.cl\/portal\/wp-content\/uploads\/2020\/03\/barricadas.jpg?resize=200%2C124&amp;ssl=1 200w, https:\/\/i0.wp.com\/eltrabajo.cl\/portal\/wp-content\/uploads\/2020\/03\/barricadas.jpg?resize=242%2C150&amp;ssl=1 242w, https:\/\/i0.wp.com\/eltrabajo.cl\/portal\/wp-content\/uploads\/2020\/03\/barricadas.jpg?resize=400%2C248&amp;ssl=1 400w\" sizes=\"auto, (max-width: 580px) 100vw, 580px\" \/><figcaption id=\"caption-attachment-97364\" class=\"wp-caption-text\">Barricadas en Enc\u00f3n la noche de viernes para s\u00e1bado. No hubo detenidos.<\/figcaption><\/figure>\n","protected":false},"excerpt":{"rendered":"<p>No hubo personas detenidas durante la noche de este viernes para s\u00e1bado, tras los hechos que ocurrieron en el sector de la Avenida Enc\u00f3n, donde personas encendieron barricadas. La informaci\u00f3n fue entregada&#8230;<\/p>\n","protected":false},"author":482,"featured_media":97364,"comment_status":"open","ping_status":"open","sticky":false,"template":"","format":"standard","meta":{"advanced_seo_description":"","jetpack_seo_html_title":"","jetpack_seo_noindex":false,"_jetpack_memberships_contains_paid_content":false,"footnotes":""},"categories":[21],"tags":[],"class_list":["post-97363","post","type-post","status-publish","format-standard","has-post-thumbnail","hentry","category-policial"],"jetpack_featured_media_url":"https:\/\/i0.wp.com\/eltrabajo.cl\/portal\/wp-content\/uploads\/2020\/03\/barricadas.jpg?fit=580%2C360&ssl=1","jetpack_sharing_enabled":true,"jetpack_likes_enabled":true,"jetpack-related-posts":[],"_links":{"self":[{"href":"https:\/\/eltrabajo.cl\/portal\/wp-json\/wp\/v2\/posts\/97363","targetHints":{"allow":["GET"]}}],"collection":[{"href":"https:\/\/eltrabajo.cl\/portal\/wp-json\/wp\/v2\/posts"}],"about":[{"href":"https:\/\/eltrabajo.cl\/portal\/wp-json\/wp\/v2\/types\/post"}],"author":[{"embeddable":true,"href":"https:\/\/eltrabajo.cl\/portal\/wp-json\/wp\/v2\/users\/482"}],"replies":[{"embeddable":true,"href":"https:\/\/eltrabajo.cl\/portal\/wp-json\/wp\/v2\/comments?post=97363"}],"version-history":[{"count":0,"href":"https:\/\/eltrabajo.cl\/portal\/wp-json\/wp\/v2\/posts\/97363\/revisions"}],"wp:featuredmedia":[{"embeddable":true,"href":"https:\/\/eltrabajo.cl\/portal\/wp-json\/wp\/v2\/media\/97364"}],"wp:attachment":[{"href":"https:\/\/eltrabajo.cl\/portal\/wp-json\/wp\/v2\/media?parent=97363"}],"wp:term":[{"taxonomy":"category","embeddable":true,"href":"https:\/\/eltrabajo.cl\/portal\/wp-json\/wp\/v2\/categories?post=97363"},{"taxonomy":"post_tag","embeddable":true,"href":"https:\/\/eltrabajo.cl\/portal\/wp-json\/wp\/v2\/tags?post=97363"}],"curies":[{"name":"wp","href":"https:\/\/api.w.org\/{rel}","templated":true}]}}