{"id":97366,"date":"2020-03-10T05:05:17","date_gmt":"2020-03-10T08:05:17","guid":{"rendered":"http:\/\/www.eltrabajo.cl\/portal\/?p=97366"},"modified":"2020-03-09T21:11:19","modified_gmt":"2020-03-10T00:11:19","slug":"mujeres-aconcaguinas-se-hicieron-sentir-tambien-en-las-calles-de-san-felipe","status":"publish","type":"post","link":"https:\/\/eltrabajo.cl\/portal\/mujeres-aconcaguinas-se-hicieron-sentir-tambien-en-las-calles-de-san-felipe\/","title":{"rendered":"Mujeres aconcag\u00fcinas se hicieron sentir tambi\u00e9n en las calles de San Felipe"},"content":{"rendered":"<p><span style=\"color: #ff0000;\"><strong>Marchas 8M convocaron a m\u00e1s de 2.000 mujeres en Yungay:<\/strong><\/span><\/p>\n<p>Con gran Fuerza y Vigor se desarroll\u00f3 la tarde de este domingo la masiva concentraci\u00f3n sociocultural reivindicando la figura de las mujeres en el marco del D\u00eda Mundial de la Mujer. La actividad se realiz\u00f3 en el bandej\u00f3n central de Alameda Yungay, frente al Liceo Corina Urbina, lugar al que llegaron m\u00e1s de 2.000 vecinas de todas las comunas del valle.<\/p>\n<p>La jornada cont\u00f3 con bailes, m\u00fasica, Micr\u00f3fono Abierto y tambi\u00e9n una pac\u00edfica pero multitudinaria marcha por las c\u00e9ntricas calles de la ciudad de San Felipe. <strong>Diario El Trabajo<\/strong> habl\u00f3 ayer lunes con varias de las activistas del Colectivo Coordinadora Mujeres de Aconcagua, quienes organizaron esta doble jornada, pues la misma se desarroll\u00f3 el domingo y tambi\u00e9n ayer lunes en la tarde hasta las 21:00 horas.<\/p>\n<p><strong>Rosa Herrera Pavez<\/strong>, una de las voceras del Colectivo, habl\u00f3 con nuestro medio para recalcar que <em>\u00abfue una concentraci\u00f3n tranquila, cultural, con mucho punch femenino. Nos instalamos m\u00e1s de 2.000 aconcag\u00fcinas en el bandej\u00f3n de Alameda Yungay, frente al Liceo Corina Urbina, agradecemos que se nos otorgaron todos los permisos municipales para desarrollar este evento, agradecemos el aporte de la amplificaci\u00f3n para el sonido de la jornada. Tambi\u00e9n nos apoyaron con gran energ\u00eda las chicas de Soy Movimiento, SanfeArte, la rapera sanfelipe\u00f1a \u2018Flancita\u2019, la Asociaci\u00f3n Yo Cuido y muchas mujeres emprendedoras. Instalamos el Micr\u00f3fono Abierto, din\u00e1mica en la cual las participantes expresaron su sentir al calor de la conmemoraci\u00f3n del D\u00eda de la Mujer, de los asesinatos de tantas mujeres a nivel mundial, no solamente los cr\u00edmenes mortales, sino la violencia permanente contra la Mujer desde que \u00e9sta viene al mundo. Si bien es cierto hemos avanzado en esta lucha sin fin por la igualdad de la Mujer, sigue siendo verdad que en lo poco que llevamos de 2020 ya son seis las mujeres asesinadas y 19 ataques frustrados. Luchamos por cambiar los paradigmas globales y locales en Justicia Social, pol\u00edtica y econ\u00f3micamente, para nosotras y muchos grupos disidentes oprimidos<\/em>\u00bb, indic\u00f3 Herrera a <strong>Diario El Trabajo<\/strong>.<\/p>\n<p>&nbsp;<\/p>\n<p><span style=\"color: #ff0000;\"><strong>DENUNCIAN AGRESI\u00d3N<\/strong><\/span><\/p>\n<p>Tambi\u00e9n las activistas que visitaron nuestra Sala de Redacci\u00f3n, denunciaron que media hora antes de terminar la jornada en el bandej\u00f3n de Yungay, llegaron varias unidades de Carabineros, y sin avisar o advertir sus intenciones, habr\u00edan lanzado varias bombas lacrim\u00f3genas, por lo que ellas informaron al gobernador de San Felipe, <strong>Claudio Rodr\u00edguez Cataldo<\/strong>, la situaci\u00f3n.<\/p>\n<p><strong>Diario El Trabajo<\/strong> tuvo acceso al documento entregado al Gobernador, aqu\u00ed compartimos algunas de las l\u00edneas de la misiva:<\/p>\n<p>\u00ab\u2026<em>Para esta conmemoraci\u00f3n se convoc\u00f3 a distintas actividades, la de ayer 8 de marzo era una de ellas. Un acto cultural<\/em> (que contaba con los permisos correspondientes), <em>donde participaron artistas locales, emprendedoras y por sobre todo, familias,\u00a0 actividad que ten\u00eda como hora de t\u00e9rmino las 21:00 horas. <\/em><\/p>\n<p>\u00ab<em>Los problemas comenzaron pasadas las 20:00 horas, antes de que terminara la actividad seg\u00fan nuestro permiso. Lleg\u00f3 Carabineros de Chile al sector de Yungay, frente al Liceo Corina Urbina, y sin mediar provocaci\u00f3n alguna comenzaron a dispersar a las familias asistentes al acto cultural con bombas lacrim\u00f3genas lanzadas a quemarropa. Le contamos que en ese espacio hab\u00eda ni\u00f1os peque\u00f1os y personas en situaci\u00f3n de discapacidad, quienes fueron totalmente vulneradas en sus derechos por el actuar irresponsable de Carabineros de Chile que -le recordamos- act\u00faa bajo su responsabilidad.<\/em><\/p>\n<p>\u00ab<em>No es primera vez que la fuerza policial act\u00faa alejada del \u2018protocolo\u2019 que los gu\u00eda, pero esta vez fue contra personas que no pod\u00edan defenderse, que nunca siquiera se acercar\u00edan a asimilar la fuerza que posee Carabineros de Chile, sus acciones fueron irracionales, innecesarias y rotundamente criminales. Por todo esto, como la Coordinadora Feminista de Provincia exigimos a usted reevaluar los protocolos de Carabineros de Chile, pues no s\u00f3lo reprimieron a una ciudadan\u00eda que asist\u00eda a una actividad familiar y pac\u00edfica, sino que adem\u00e1s no prestaron ayuda a una mujer agredida por un hombre a dos metros de un veh\u00edculo policial, faltando desde todo punto de vista al supuesto protocolo policial y varios tratados internacionales que resguardan nuestros derechos <\/em>(\u2026) <em>Para finalizar, le recordamos que hoy 9 de marzo hay convocatoria para una Huelga General y tambi\u00e9n para marchar\u00bb,<\/em> dice parte del documento.<\/p>\n<p>&nbsp;<\/p>\n<p><span style=\"color: #ff0000;\"><strong>GOBERNADOR RESPONDE<\/strong><\/span><\/p>\n<p><strong>Diario El Trabajo<\/strong> solicit\u00f3 una respuesta al gobernador de San Felipe <strong>Claudio Rodr\u00edguez<\/strong>, quien respondi\u00f3 que <em>\u00abprimero que todo me gustar\u00eda destacar la gran convocatoria que tuvo en San Felipe la marcha de conmemoraci\u00f3n del D\u00eda Internacional de la Mujer y las actividades que relevan el rol de la mujer y que se desarrollaron en diferentes comunas de la provincia. En el caso de la comuna de San Felipe, esta marcha fue masiva y se desarroll\u00f3 de manera pac\u00edfica y sin incidentes en la mayor parte del tiempo y el trayecto, salvo incidentes aislados que se registraron una vez culminada la actividad, lo que oblig\u00f3 la intervenci\u00f3n de Carabineros. Este accionar pudo haber importunado a quienes se encontraban a\u00fan en el lugar y que se manifestaban de manera pac\u00edfica. Por esta raz\u00f3n quisiera recordar que se encuentran disponibles los canales oficiales para realizar este tipo de denuncias de manera responsable. En este caso, las personas que se pudieran haber sentido afectadas tienen el derecho de presentar su denuncia ante el Ministerio P\u00fablico, entidad encargada de investigar los hechos ocurridos y as\u00ed establecer responsabilidades en caso que corresponda<\/em>\u00bb, dijo Rodr\u00edguez.<\/p>\n<p>La tarde de ayer lunes se desarroll\u00f3 la segunda jornada, misma en la que hasta el cierre de nuestra edici\u00f3n no se hab\u00edan registrado actos violentos.<\/p>\n<p><strong>Roberto Gonz\u00e1lez Short<\/strong><\/p>\n<p><strong>Fotos: Jos\u00e9 Claudio Fern\u00e1ndez<\/strong><\/p>\n<p>&nbsp;<\/p>\n<figure id=\"attachment_97371\" aria-describedby=\"caption-attachment-97371\" style=\"width: 580px\" class=\"wp-caption alignnone\"><img data-recalc-dims=\"1\" loading=\"lazy\" decoding=\"async\" class=\"size-full wp-image-97371\" src=\"https:\/\/i0.wp.com\/www.eltrabajo.cl\/portal\/wp-content\/uploads\/2020\/03\/Mujeres3.jpg?resize=580%2C360\" alt=\"COMO EL AGUA.- El mensaje es muy claro, las mujeres no quieren ser tratadas m\u00e1s como prostitutas o zorras s\u00f3lo por el hecho de ejercer su libertad de cambiar de pareja cuando as\u00ed lo quiera.\" width=\"580\" height=\"360\" srcset=\"https:\/\/i0.wp.com\/eltrabajo.cl\/portal\/wp-content\/uploads\/2020\/03\/Mujeres3.jpg?w=580&amp;ssl=1 580w, https:\/\/i0.wp.com\/eltrabajo.cl\/portal\/wp-content\/uploads\/2020\/03\/Mujeres3.jpg?resize=300%2C186&amp;ssl=1 300w, https:\/\/i0.wp.com\/eltrabajo.cl\/portal\/wp-content\/uploads\/2020\/03\/Mujeres3.jpg?resize=200%2C124&amp;ssl=1 200w, https:\/\/i0.wp.com\/eltrabajo.cl\/portal\/wp-content\/uploads\/2020\/03\/Mujeres3.jpg?resize=242%2C150&amp;ssl=1 242w, https:\/\/i0.wp.com\/eltrabajo.cl\/portal\/wp-content\/uploads\/2020\/03\/Mujeres3.jpg?resize=400%2C248&amp;ssl=1 400w\" sizes=\"auto, (max-width: 580px) 100vw, 580px\" \/><figcaption id=\"caption-attachment-97371\" class=\"wp-caption-text\">COMO EL AGUA.- El mensaje es muy claro, las mujeres no quieren ser tratadas m\u00e1s como prostitutas o zorras s\u00f3lo por el hecho de ejercer su libertad de cambiar de pareja cuando as\u00ed lo quiera.<\/figcaption><\/figure>\n<p>&nbsp;<\/p>\n<figure id=\"attachment_97370\" aria-describedby=\"caption-attachment-97370\" style=\"width: 580px\" class=\"wp-caption alignnone\"><img data-recalc-dims=\"1\" loading=\"lazy\" decoding=\"async\" class=\"size-full wp-image-97370\" src=\"https:\/\/i0.wp.com\/www.eltrabajo.cl\/portal\/wp-content\/uploads\/2020\/03\/Mujeres2.jpg?resize=580%2C360\" alt=\"En estas jornadas hubo alegr\u00eda, rabia tambi\u00e9n, bailes y mucha unidad, as\u00ed se expresa el Colectivo Coordinadora Mujeres de Aconcagua en nuestra comuna.\" width=\"580\" height=\"360\" srcset=\"https:\/\/i0.wp.com\/eltrabajo.cl\/portal\/wp-content\/uploads\/2020\/03\/Mujeres2.jpg?w=580&amp;ssl=1 580w, https:\/\/i0.wp.com\/eltrabajo.cl\/portal\/wp-content\/uploads\/2020\/03\/Mujeres2.jpg?resize=300%2C186&amp;ssl=1 300w, https:\/\/i0.wp.com\/eltrabajo.cl\/portal\/wp-content\/uploads\/2020\/03\/Mujeres2.jpg?resize=200%2C124&amp;ssl=1 200w, https:\/\/i0.wp.com\/eltrabajo.cl\/portal\/wp-content\/uploads\/2020\/03\/Mujeres2.jpg?resize=242%2C150&amp;ssl=1 242w, https:\/\/i0.wp.com\/eltrabajo.cl\/portal\/wp-content\/uploads\/2020\/03\/Mujeres2.jpg?resize=400%2C248&amp;ssl=1 400w\" sizes=\"auto, (max-width: 580px) 100vw, 580px\" \/><figcaption id=\"caption-attachment-97370\" class=\"wp-caption-text\">En estas jornadas hubo alegr\u00eda, rabia tambi\u00e9n, bailes y mucha unidad, as\u00ed se expresa el Colectivo Coordinadora Mujeres de Aconcagua en nuestra comuna.<\/figcaption><\/figure>\n<p>&nbsp;<\/p>\n<figure id=\"attachment_97369\" aria-describedby=\"caption-attachment-97369\" style=\"width: 580px\" class=\"wp-caption alignnone\"><img data-recalc-dims=\"1\" loading=\"lazy\" decoding=\"async\" class=\"size-full wp-image-97369\" src=\"https:\/\/i0.wp.com\/www.eltrabajo.cl\/portal\/wp-content\/uploads\/2020\/03\/Mujeres1.jpg?resize=580%2C360\" alt=\"PATRIARCADO EN CA\u00cdDA LIBRE.- Ellas son las mujeres aconcag\u00fcinas empoderadas de su destino, reclamando ser tratadas igual que a los hombres.\" width=\"580\" height=\"360\" srcset=\"https:\/\/i0.wp.com\/eltrabajo.cl\/portal\/wp-content\/uploads\/2020\/03\/Mujeres1.jpg?w=580&amp;ssl=1 580w, https:\/\/i0.wp.com\/eltrabajo.cl\/portal\/wp-content\/uploads\/2020\/03\/Mujeres1.jpg?resize=300%2C186&amp;ssl=1 300w, https:\/\/i0.wp.com\/eltrabajo.cl\/portal\/wp-content\/uploads\/2020\/03\/Mujeres1.jpg?resize=200%2C124&amp;ssl=1 200w, https:\/\/i0.wp.com\/eltrabajo.cl\/portal\/wp-content\/uploads\/2020\/03\/Mujeres1.jpg?resize=242%2C150&amp;ssl=1 242w, https:\/\/i0.wp.com\/eltrabajo.cl\/portal\/wp-content\/uploads\/2020\/03\/Mujeres1.jpg?resize=400%2C248&amp;ssl=1 400w\" sizes=\"auto, (max-width: 580px) 100vw, 580px\" \/><figcaption id=\"caption-attachment-97369\" class=\"wp-caption-text\">PATRIARCADO EN CA\u00cdDA LIBRE.- Ellas son las mujeres aconcag\u00fcinas empoderadas de su destino, reclamando ser tratadas igual que a los hombres.<\/figcaption><\/figure>\n<p>&nbsp;<\/p>\n<figure id=\"attachment_97373\" aria-describedby=\"caption-attachment-97373\" style=\"width: 579px\" class=\"wp-caption alignnone\"><img data-recalc-dims=\"1\" loading=\"lazy\" decoding=\"async\" class=\"size-full wp-image-97373\" src=\"https:\/\/i0.wp.com\/www.eltrabajo.cl\/portal\/wp-content\/uploads\/2020\/03\/Mujeres5.jpg?resize=579%2C382\" alt=\"VISITAN NUESTRO DIARIO.- Varias de las activistas de este colectivo feminista visitaron ayer nuestra Sala de Redacci\u00f3n en Diario El Trabajo.\" width=\"579\" height=\"382\" srcset=\"https:\/\/i0.wp.com\/eltrabajo.cl\/portal\/wp-content\/uploads\/2020\/03\/Mujeres5.jpg?w=579&amp;ssl=1 579w, https:\/\/i0.wp.com\/eltrabajo.cl\/portal\/wp-content\/uploads\/2020\/03\/Mujeres5.jpg?resize=300%2C198&amp;ssl=1 300w, https:\/\/i0.wp.com\/eltrabajo.cl\/portal\/wp-content\/uploads\/2020\/03\/Mujeres5.jpg?resize=200%2C132&amp;ssl=1 200w, https:\/\/i0.wp.com\/eltrabajo.cl\/portal\/wp-content\/uploads\/2020\/03\/Mujeres5.jpg?resize=227%2C150&amp;ssl=1 227w, https:\/\/i0.wp.com\/eltrabajo.cl\/portal\/wp-content\/uploads\/2020\/03\/Mujeres5.jpg?resize=400%2C264&amp;ssl=1 400w\" sizes=\"auto, (max-width: 579px) 100vw, 579px\" \/><figcaption id=\"caption-attachment-97373\" class=\"wp-caption-text\">VISITAN NUESTRO DIARIO.- Varias de las activistas de este colectivo feminista visitaron ayer nuestra Sala de Redacci\u00f3n en Diario El Trabajo.<\/figcaption><\/figure>\n<p>&nbsp;<\/p>\n<figure id=\"attachment_97374\" aria-describedby=\"caption-attachment-97374\" style=\"width: 579px\" class=\"wp-caption alignnone\"><img data-recalc-dims=\"1\" loading=\"lazy\" decoding=\"async\" class=\"size-full wp-image-97374\" src=\"https:\/\/i0.wp.com\/www.eltrabajo.cl\/portal\/wp-content\/uploads\/2020\/03\/Mujeres6.jpg?resize=579%2C749\" alt=\"LA LUCHA ES MUNDIAL.- Ni\u00f1as, j\u00f3venes y mujeres adultas levantaron su voz la tarde del domingo y ayer lunes en las calles de San Felipe.\" width=\"579\" height=\"749\" srcset=\"https:\/\/i0.wp.com\/eltrabajo.cl\/portal\/wp-content\/uploads\/2020\/03\/Mujeres6.jpg?w=579&amp;ssl=1 579w, https:\/\/i0.wp.com\/eltrabajo.cl\/portal\/wp-content\/uploads\/2020\/03\/Mujeres6.jpg?resize=232%2C300&amp;ssl=1 232w, https:\/\/i0.wp.com\/eltrabajo.cl\/portal\/wp-content\/uploads\/2020\/03\/Mujeres6.jpg?resize=116%2C150&amp;ssl=1 116w, https:\/\/i0.wp.com\/eltrabajo.cl\/portal\/wp-content\/uploads\/2020\/03\/Mujeres6.jpg?resize=400%2C517&amp;ssl=1 400w\" sizes=\"auto, (max-width: 579px) 100vw, 579px\" \/><figcaption id=\"caption-attachment-97374\" class=\"wp-caption-text\">LA LUCHA ES MUNDIAL.- Ni\u00f1as, j\u00f3venes y mujeres adultas levantaron su voz la tarde del domingo y ayer lunes en las calles de San Felipe.<\/figcaption><\/figure>\n<p>&nbsp;<\/p>\n<figure id=\"attachment_97372\" aria-describedby=\"caption-attachment-97372\" style=\"width: 579px\" class=\"wp-caption alignnone\"><img data-recalc-dims=\"1\" loading=\"lazy\" decoding=\"async\" class=\"size-full wp-image-97372\" src=\"https:\/\/i0.wp.com\/www.eltrabajo.cl\/portal\/wp-content\/uploads\/2020\/03\/Mujeres4.jpg?resize=579%2C650\" alt=\"HUYENDO DEL GAS.- Esta captura de celular registra el momento cuando una madre huye despavorida con su guagua en el bandej\u00f3n de Yungay.\" width=\"579\" height=\"650\" srcset=\"https:\/\/i0.wp.com\/eltrabajo.cl\/portal\/wp-content\/uploads\/2020\/03\/Mujeres4.jpg?w=579&amp;ssl=1 579w, https:\/\/i0.wp.com\/eltrabajo.cl\/portal\/wp-content\/uploads\/2020\/03\/Mujeres4.jpg?resize=267%2C300&amp;ssl=1 267w, https:\/\/i0.wp.com\/eltrabajo.cl\/portal\/wp-content\/uploads\/2020\/03\/Mujeres4.jpg?resize=134%2C150&amp;ssl=1 134w, https:\/\/i0.wp.com\/eltrabajo.cl\/portal\/wp-content\/uploads\/2020\/03\/Mujeres4.jpg?resize=400%2C449&amp;ssl=1 400w\" sizes=\"auto, (max-width: 579px) 100vw, 579px\" \/><figcaption id=\"caption-attachment-97372\" class=\"wp-caption-text\">HUYENDO DEL GAS.- Esta captura de celular registra el momento cuando una madre huye despavorida con su guagua en el bandej\u00f3n de Yungay.<\/figcaption><\/figure>\n<p>&nbsp;<\/p>\n<figure id=\"attachment_97368\" aria-describedby=\"caption-attachment-97368\" style=\"width: 579px\" class=\"wp-caption alignnone\"><img data-recalc-dims=\"1\" loading=\"lazy\" decoding=\"async\" class=\"size-full wp-image-97368\" src=\"https:\/\/i0.wp.com\/www.eltrabajo.cl\/portal\/wp-content\/uploads\/2020\/03\/Mujeres_Rosa-Herrera-Pavez.jpg?resize=579%2C595\" alt=\"Rosa Herrera Pavez, una de las voceras del Colectivo Coordinadora Mujeres de Aconcagua.\" width=\"579\" height=\"595\" srcset=\"https:\/\/i0.wp.com\/eltrabajo.cl\/portal\/wp-content\/uploads\/2020\/03\/Mujeres_Rosa-Herrera-Pavez.jpg?w=579&amp;ssl=1 579w, https:\/\/i0.wp.com\/eltrabajo.cl\/portal\/wp-content\/uploads\/2020\/03\/Mujeres_Rosa-Herrera-Pavez.jpg?resize=292%2C300&amp;ssl=1 292w, https:\/\/i0.wp.com\/eltrabajo.cl\/portal\/wp-content\/uploads\/2020\/03\/Mujeres_Rosa-Herrera-Pavez.jpg?resize=146%2C150&amp;ssl=1 146w, https:\/\/i0.wp.com\/eltrabajo.cl\/portal\/wp-content\/uploads\/2020\/03\/Mujeres_Rosa-Herrera-Pavez.jpg?resize=400%2C411&amp;ssl=1 400w\" sizes=\"auto, (max-width: 579px) 100vw, 579px\" \/><figcaption id=\"caption-attachment-97368\" class=\"wp-caption-text\">Rosa Herrera Pavez, una de las voceras del Colectivo Coordinadora Mujeres de Aconcagua.<\/figcaption><\/figure>\n<p>&nbsp;<\/p>\n<figure id=\"attachment_97367\" aria-describedby=\"caption-attachment-97367\" style=\"width: 580px\" class=\"wp-caption alignnone\"><img data-recalc-dims=\"1\" loading=\"lazy\" decoding=\"async\" class=\"size-full wp-image-97367\" src=\"https:\/\/i0.wp.com\/www.eltrabajo.cl\/portal\/wp-content\/uploads\/2020\/03\/GOBERNACION_CLAUDIO-RODRIGUEZ.jpg?resize=580%2C359\" alt=\"Claudio Rodr\u00edguez, gobernador de San Felipe.\" width=\"580\" height=\"359\" srcset=\"https:\/\/i0.wp.com\/eltrabajo.cl\/portal\/wp-content\/uploads\/2020\/03\/GOBERNACION_CLAUDIO-RODRIGUEZ.jpg?w=580&amp;ssl=1 580w, https:\/\/i0.wp.com\/eltrabajo.cl\/portal\/wp-content\/uploads\/2020\/03\/GOBERNACION_CLAUDIO-RODRIGUEZ.jpg?resize=300%2C186&amp;ssl=1 300w, https:\/\/i0.wp.com\/eltrabajo.cl\/portal\/wp-content\/uploads\/2020\/03\/GOBERNACION_CLAUDIO-RODRIGUEZ.jpg?resize=200%2C124&amp;ssl=1 200w, https:\/\/i0.wp.com\/eltrabajo.cl\/portal\/wp-content\/uploads\/2020\/03\/GOBERNACION_CLAUDIO-RODRIGUEZ.jpg?resize=242%2C150&amp;ssl=1 242w, https:\/\/i0.wp.com\/eltrabajo.cl\/portal\/wp-content\/uploads\/2020\/03\/GOBERNACION_CLAUDIO-RODRIGUEZ.jpg?resize=400%2C248&amp;ssl=1 400w\" sizes=\"auto, (max-width: 580px) 100vw, 580px\" \/><figcaption id=\"caption-attachment-97367\" class=\"wp-caption-text\">Claudio Rodr\u00edguez, gobernador de San Felipe.<\/figcaption><\/figure>\n","protected":false},"excerpt":{"rendered":"<p>Marchas 8M convocaron a m\u00e1s de 2.000 mujeres en Yungay: Con gran Fuerza y Vigor se desarroll\u00f3 la tarde de este domingo la masiva concentraci\u00f3n sociocultural reivindicando la figura de las mujeres&#8230;<\/p>\n","protected":false},"author":482,"featured_media":97371,"comment_status":"open","ping_status":"open","sticky":false,"template":"","format":"standard","meta":{"advanced_seo_description":"","jetpack_seo_html_title":"","jetpack_seo_noindex":false,"_jetpack_memberships_contains_paid_content":false,"footnotes":""},"categories":[15],"tags":[],"class_list":["post-97366","post","type-post","status-publish","format-standard","has-post-thumbnail","hentry","category-comunidad"],"jetpack_featured_media_url":"https:\/\/i0.wp.com\/eltrabajo.cl\/portal\/wp-content\/uploads\/2020\/03\/Mujeres3.jpg?fit=580%2C360&ssl=1","jetpack_sharing_enabled":true,"jetpack_likes_enabled":true,"jetpack-related-posts":[],"_links":{"self":[{"href":"https:\/\/eltrabajo.cl\/portal\/wp-json\/wp\/v2\/posts\/97366","targetHints":{"allow":["GET"]}}],"collection":[{"href":"https:\/\/eltrabajo.cl\/portal\/wp-json\/wp\/v2\/posts"}],"about":[{"href":"https:\/\/eltrabajo.cl\/portal\/wp-json\/wp\/v2\/types\/post"}],"author":[{"embeddable":true,"href":"https:\/\/eltrabajo.cl\/portal\/wp-json\/wp\/v2\/users\/482"}],"replies":[{"embeddable":true,"href":"https:\/\/eltrabajo.cl\/portal\/wp-json\/wp\/v2\/comments?post=97366"}],"version-history":[{"count":0,"href":"https:\/\/eltrabajo.cl\/portal\/wp-json\/wp\/v2\/posts\/97366\/revisions"}],"wp:featuredmedia":[{"embeddable":true,"href":"https:\/\/eltrabajo.cl\/portal\/wp-json\/wp\/v2\/media\/97371"}],"wp:attachment":[{"href":"https:\/\/eltrabajo.cl\/portal\/wp-json\/wp\/v2\/media?parent=97366"}],"wp:term":[{"taxonomy":"category","embeddable":true,"href":"https:\/\/eltrabajo.cl\/portal\/wp-json\/wp\/v2\/categories?post=97366"},{"taxonomy":"post_tag","embeddable":true,"href":"https:\/\/eltrabajo.cl\/portal\/wp-json\/wp\/v2\/tags?post=97366"}],"curies":[{"name":"wp","href":"https:\/\/api.w.org\/{rel}","templated":true}]}}