{"id":97376,"date":"2020-03-10T05:07:25","date_gmt":"2020-03-10T08:07:25","guid":{"rendered":"http:\/\/www.eltrabajo.cl\/portal\/?p=97376"},"modified":"2020-03-09T21:13:54","modified_gmt":"2020-03-10T00:13:54","slug":"a-la-carcel-ambos-imputados-por-la-muerte-de-conocido-guardia-de-seguridad","status":"publish","type":"post","link":"https:\/\/eltrabajo.cl\/portal\/a-la-carcel-ambos-imputados-por-la-muerte-de-conocido-guardia-de-seguridad\/","title":{"rendered":"A la c\u00e1rcel ambos imputados por la muerte de conocido guardia de seguridad"},"content":{"rendered":"<p><span style=\"color: #ff0000;\"><strong>Homicidio-Parricidio de Armando Lat\u00edn Su\u00e1rez:<\/strong><\/span><\/p>\n<ul>\n<li><strong>Audiencia revel\u00f3 los detalles del macabro crimen que ha estremecido al Valle de Aconcagua.<\/strong><\/li>\n<\/ul>\n<p>En prisi\u00f3n preventiva, formalizados por Homicidio Calificado en caso del imputado y Parricidio en el caso de la imputada por ser hija del occiso, qued\u00f3 el matrimonio acusado de dar muerte a <strong>Armando Lat\u00edn Su\u00e1rez<\/strong>, hecho ocurrido este s\u00e1bado pasado el mediod\u00eda en el inmueble de la v\u00edctima ubicado en la Villa Bernardo Cruz.<\/p>\n<p>La audiencia hab\u00eda quedado pendiente por falta del resultado de la autopsia, pero se entreg\u00f3 pre informe indicando que la causa de la muerte fue asfixia por sofocaci\u00f3n. La audiencia se efectu\u00f3 ayer a las 13:00 horas en la segunda sala del tribunal de garant\u00eda de San Felipe. Se fij\u00f3 un plazo de 120 d\u00edas para la investigaci\u00f3n. Ambos imputados, por seguridad, fueron enviados a la c\u00e1rcel de Los Andes.<\/p>\n<p>El fiscal <strong>Julio Palacios Bobadilla<\/strong>, a cargo del caso, dijo que el imputado estaba realizando clases de conducci\u00f3n y a las nueve de la ma\u00f1ana aproximadamente sali\u00f3 del domicilio y despu\u00e9s de un rato llega. Ah\u00ed es donde \u00e9l le comenta a su c\u00f3nyuge que <em>\u00abcuando llegue t\u00fa pap\u00e1 lo vamos a matar el d\u00eda de hoy con el martillo\u00bb,<\/em> indic\u00f3.<\/p>\n<p>&#8211; <strong>Seg\u00fan la defensora, todo esto se produce por problemas de convivencia.<\/strong><\/p>\n<p>&#8211; Bueno, esa es la teor\u00eda que manifiestan ellos, que hab\u00eda violencia intrafamiliar, pero en definitiva dicen ellos que no soportaban al pap\u00e1 viviendo en el domicilio, a pesar que el padre era due\u00f1o de este domicilio, pero ellos como dicen no ten\u00edan donde arrendar, dec\u00edan que la \u00fanica soluci\u00f3n era darle muerte a \u00e9l.<\/p>\n<p>&#8211; <strong>Ya la v\u00edctima le hab\u00eda comentado a su hermano Franco que estaba teniendo problemas, como por ejemplo lo del pesticida.<\/strong><\/p>\n<p>&#8211; S\u00ed, \u00e9l me coment\u00f3 cuando fui al sitio del suceso, que su hermano ten\u00eda mucho miedo y por eso \u00e9ste llevaba alrededor de tres noches que no llegaba a alojar al domicilio, sino que se quedaba en casa de su madre, a ra\u00edz que lo hab\u00edan intentado envenenar. \u00c9l mismo hab\u00eda sentido el olor a pesticida que se lo hab\u00edan dejado al interior de una botella de agua que \u00e9l tomaba, la cual estaba en su velador.<\/p>\n<p>&#8211; <strong>Lo otro fiscal, aclarar sobre esta persona que seg\u00fan dijo es un delincuente amigo de la escuela de la imputada, a quien le hab\u00eda pedido matar a su padre.<\/strong><\/p>\n<p>&#8211; Ese es un antecedente que se aporta por parte del imputado, que dentro de lo que planearon para poder dar muerte al se\u00f1or Lat\u00edn, era que la hija de \u00e9l se hab\u00eda contactado con un delincuente que hab\u00eda sido compa\u00f1ero de curso para que le diera muerte. \u00c9l lo iba a matar con un balazo, pero despu\u00e9s dijo con sus propias palabra <em>\u00ab\u00e9l se ech\u00f3 para atr\u00e1s\u00bb,<\/em> entonces por eso que no se concret\u00f3 y por ello es que decidieron buscar otra f\u00f3rmula\u00a0 de darle muerte. \u00bfCu\u00e1l era?, golpearlo con un martillo.<\/p>\n<p>&#8211; <strong>Se dijo en la audiencia que la imputada hab\u00eda ido a cazar pokemones a la vuelta de la plaza.<\/strong><\/p>\n<p>&#8211; Bueno, eso fue lo que se\u00f1al\u00f3 la defensa. Ahora en ese caso qu\u00e9 es lo que le habr\u00eda dicho la imputada, bueno ahora ese antecedente que sali\u00f3 que el imputado manifest\u00f3 que su se\u00f1ora le avisa en que momento va el padre, o sea como que estaba vigilando al padre para que llegara y darle muerte, entonces si en la plaza de los Dinosauros donde estar\u00eda cazando pokemones era por donde pasaba el padre en la motocicleta, por eso cuando lo ve pasar avisa y por eso es que llega al domicilio.<\/p>\n<p>&#8211; <strong>\u00bfQu\u00e9 se produce cuando llega al domicilio, seg\u00fan la versi\u00f3n del imputado?<\/strong><\/p>\n<p>&#8211; Bueno, seg\u00fan la versi\u00f3n del imputado, en el domicilio \u00e9l lo espera con un martillo que ten\u00eda en la cocina, entonces \u00e9l conoc\u00eda lo que hac\u00eda el suegro, llegaba a la casa, abr\u00eda y dejaba inmediatamente el casco sobre la mesa, ah\u00ed era donde lo iba a golpear por la espalda, pero esta vez\u00a0 no hizo lo que hac\u00eda siempre como era dejar el casco en la mesa, sino que se fue directamente a la pieza, por lo cual dice que se encontr\u00f3 de frente y por eso \u00e9l se impresion\u00f3 y no hizo nada. Posterior a ello, est\u00e1n un rato muy breve en el dormitorio y sale, ah\u00ed es donde el imputado agrede por la espalda con el martillo directamente a la cabeza.<\/p>\n<p>&#8211; <strong>\u00bfSe sabe cu\u00e1ntos golpes le dio?<\/strong><\/p>\n<p>&#8211; No tenemos, porque eso lo vamos a ver en la autopsia final, ahora se entreg\u00f3 solamente un pre informe.<\/p>\n<p>En la audiencia se descart\u00f3 el asalto porque el celular estaba debajo del cuerpo de la v\u00edctima, hab\u00eda dos mil pesos m\u00e1s unas monedas en uno de sus bolsillos, es decir no hubo sustracci\u00f3n de ninguna especie. M\u00e1s a\u00fan, no hay forzamiento en las chapas de acceso a la casa, las llaves de la motocicleta estaban ah\u00ed. Es decir todo era muy confuso, se\u00f1al\u00f3 el fiscal Palacios Bobadilla en su argumentaci\u00f3n.<\/p>\n<p>&#8211; <strong>Cuando la hija ingresa por primera vez, \u00bfes ah\u00ed donde el imputado le dice \u00abespera, no he terminado\u00bb?<\/strong><\/p>\n<p>&#8211; S\u00ed, cuando se ponen de acuerdo ella ingresa y \u00e9l a\u00fan estaba luchando con la v\u00edctima en el suelo, estaba golpeando, tratando de asfixiar a la v\u00edctima. Ella ingresa, ve esto y \u00e9l dice que \u00aba\u00fan no termino\u00bb, entonces ella sale de ah\u00ed esperando para que le den muerte a su padre.<\/p>\n<p>&#8211; <strong>\u00bfVuelve despu\u00e9s?<\/strong><\/p>\n<p>&#8211; Vuelve despu\u00e9s en un rato cuando ya estaba fallecido, y al estar fallecido el imputado le se\u00f1ala seg\u00fan sus propias palabras \u00abque le demos cinco minutos\u00bb para que \u00e9l arregle todo el lugar. A ra\u00edz de ello, ella sale del lugar, da una vuelta por unos minutos y ah\u00ed vuelve cuando el imputado ya se hab\u00eda cambiado de ropa, la cual ten\u00eda manchada con sangre que fue la ropa que encontramos posteriormente en el dormitorio.<\/p>\n<p>&#8211; <strong>\u00bfAh\u00ed llaman a Carabineros y el SAMU respectivamente?<\/strong><\/p>\n<p>&#8211; Al momento despu\u00e9s, cuando vuelve por tercera vez que ella ingresa ah\u00ed, es cuando reci\u00e9n llaman; ella llama al SAMU, quienes le dan instrucciones de reanimaci\u00f3n y \u00e9l llama a Carabineros.<\/p>\n<p>&#8211; <strong>\u00bfLas penas que arriesgan en este caso, fiscal?<\/strong><\/p>\n<p>&#8211; Las penas son bastante altas, porque parte en presidio mayor en su grado m\u00e1ximo, es decir la pena m\u00ednima que arriesgan son los 15 a\u00f1os y un d\u00eda, ah\u00ed tenemos que ver si hay atenuantes o no.<\/p>\n<p>&#8211; <strong>Fundamental fue la reacci\u00f3n de la mujer para el juez dejarla en prisi\u00f3n preventiva, en el sentido que si es mi pap\u00e1 y lo est\u00e1n agrediendo, podr\u00eda haberse quedado ah\u00ed.<\/strong><\/p>\n<p>&#8211; Claro, lo que se alude ah\u00ed es en cuanto a la participaci\u00f3n\u2026 colabora en definitiva para darle muerte, entreg\u00e1ndole informaci\u00f3n y adem\u00e1s despu\u00e9s, si bien es cierto no toma parte en el hecho, pero lo presencia, presenci\u00f3 el momento en el cual le estaban dando muerte a su padre, como no pod\u00edan matarlo, ella sale del lugar, no hizo nada en definitiva para poder protegerlo.<\/p>\n<p>&#8211; <strong>Tambi\u00e9n se supo fiscal de estos mensajes por WhatsApp que se enviaban com\u00fanmente, avis\u00e1ndose que iba el padre porque no le gustaba que le metieran boche.<\/strong><\/p>\n<p>&#8211; Claro, eso es lo que manifestaron ellos, es lo que conocimos el d\u00eda de hoy reci\u00e9n en la audiencia, al igual que se\u00f1alaron que el pap\u00e1 ven\u00eda llegando del turno, cuando hay antecedentes que \u00e9l estaba sin trabajo.<\/p>\n<p>&#8211; <strong>Incluso iba a recibir una indemnizaci\u00f3n por un juicio laboral a su favor.<\/strong><\/p>\n<p>&#8211; S\u00ed, hay antecedentes que iba a recibir una indemnizaci\u00f3n porque hab\u00eda ganado un juicio laboral y usted lo ve una persona que llega del trabajo, guardia de seguridad, turno de noche y llega en polera, con un color rosado, ese no es un uniforme para guardia de seguridad\u2026 menos de noche.<\/p>\n<p>&#8211; <strong>\u00bfQu\u00e9 opini\u00f3n le merece que se diga por parte de la defensa que las declaraciones fueron conseguidas por medio de la fuerza orill\u00e1ndola con presiones?<\/strong><\/p>\n<p>&#8211; Eso es lo que se\u00f1al\u00f3 el imputado, pero las declaraciones despu\u00e9s se condicen mucho con lo que se\u00f1ala el sitio del suceso, es tal cual, adem\u00e1s la imputada dice que a ella la golpearon, que la presionaron para que dijera lo que la polic\u00eda quisiera, sin embargo hizo uso de su derecho de guardar silencio, entonces es poco cre\u00edble si la torturaron y bueno no declar\u00f3.<\/p>\n<p>&#8211; <strong>\u00bfQu\u00e9 queda ahora, m\u00e1s que nada seguir con la investigaci\u00f3n?<\/strong><\/p>\n<p>&#8211; Continuamos con la investigaci\u00f3n, ver otros medios de prueba que puedan existir ac\u00e1 y algunas diligencias por parte de la defensa que va a solicitar, al igual que los equipos de los celulares que tambi\u00e9n fueron incautados judicialmente.<\/p>\n<p>&nbsp;<\/p>\n<p><span style=\"color: #ff0000;\"><strong>DEFENSA DESCARTA CONCERTACI\u00d3N<\/strong><\/span><\/p>\n<p>Por su parte la abogada defensora Ver\u00f3nica Barraza dijo que ellos como defensa descartan cualquier tipo de concertaci\u00f3n previa o de conspiraci\u00f3n, <em>\u00abpero no voy a dar mayores antecedentes porque eso forma parte de la estrategia de la defensa que vamos a utilizar en juicio, por el momento s\u00f3lo se\u00f1alar que la defensa no qued\u00f3 conforme con la medida cautelar decretada por el tribunal y vamos a recurrir de la misma\u00bb,<\/em> se\u00f1al\u00f3.<\/p>\n<p>La defensa estaba pidiendo para la imputado una medida cautelar menos intensiva, no la prisi\u00f3n preventiva.<\/p>\n<p>Se\u00f1alar que ayer, a eso de las cuatro de la tarde, estaba planificado el funeral de Armando Lat\u00edn Su\u00e1rez.<\/p>\n<p>&nbsp;<\/p>\n<figure id=\"attachment_97377\" aria-describedby=\"caption-attachment-97377\" style=\"width: 580px\" class=\"wp-caption alignnone\"><img data-recalc-dims=\"1\" loading=\"lazy\" decoding=\"async\" class=\"size-full wp-image-97377\" src=\"https:\/\/i0.wp.com\/www.eltrabajo.cl\/portal\/wp-content\/uploads\/2020\/03\/imputados.jpg?resize=580%2C360\" alt=\"Los imputados en la audiencia de formalizaci\u00f3n. Finalmente quedaron en prisi\u00f3n preventiva.\" width=\"580\" height=\"360\" srcset=\"https:\/\/i0.wp.com\/eltrabajo.cl\/portal\/wp-content\/uploads\/2020\/03\/imputados.jpg?w=580&amp;ssl=1 580w, https:\/\/i0.wp.com\/eltrabajo.cl\/portal\/wp-content\/uploads\/2020\/03\/imputados.jpg?resize=300%2C186&amp;ssl=1 300w, https:\/\/i0.wp.com\/eltrabajo.cl\/portal\/wp-content\/uploads\/2020\/03\/imputados.jpg?resize=200%2C124&amp;ssl=1 200w, https:\/\/i0.wp.com\/eltrabajo.cl\/portal\/wp-content\/uploads\/2020\/03\/imputados.jpg?resize=242%2C150&amp;ssl=1 242w, https:\/\/i0.wp.com\/eltrabajo.cl\/portal\/wp-content\/uploads\/2020\/03\/imputados.jpg?resize=400%2C248&amp;ssl=1 400w\" sizes=\"auto, (max-width: 580px) 100vw, 580px\" \/><figcaption id=\"caption-attachment-97377\" class=\"wp-caption-text\">Los imputados en la audiencia de formalizaci\u00f3n. Finalmente quedaron en prisi\u00f3n preventiva.<\/figcaption><\/figure>\n","protected":false},"excerpt":{"rendered":"<p>Homicidio-Parricidio de Armando Lat\u00edn Su\u00e1rez: Audiencia revel\u00f3 los detalles del macabro crimen que ha estremecido al Valle de Aconcagua. En prisi\u00f3n preventiva, formalizados por Homicidio Calificado en caso del imputado y Parricidio&#8230;<\/p>\n","protected":false},"author":482,"featured_media":97377,"comment_status":"open","ping_status":"open","sticky":false,"template":"","format":"standard","meta":{"advanced_seo_description":"","jetpack_seo_html_title":"","jetpack_seo_noindex":false,"_jetpack_memberships_contains_paid_content":false,"footnotes":""},"categories":[97],"tags":[],"class_list":["post-97376","post","type-post","status-publish","format-standard","has-post-thumbnail","hentry","category-tribunales"],"jetpack_featured_media_url":"https:\/\/i0.wp.com\/eltrabajo.cl\/portal\/wp-content\/uploads\/2020\/03\/imputados.jpg?fit=580%2C360&ssl=1","jetpack_sharing_enabled":true,"jetpack_likes_enabled":true,"jetpack-related-posts":[],"_links":{"self":[{"href":"https:\/\/eltrabajo.cl\/portal\/wp-json\/wp\/v2\/posts\/97376","targetHints":{"allow":["GET"]}}],"collection":[{"href":"https:\/\/eltrabajo.cl\/portal\/wp-json\/wp\/v2\/posts"}],"about":[{"href":"https:\/\/eltrabajo.cl\/portal\/wp-json\/wp\/v2\/types\/post"}],"author":[{"embeddable":true,"href":"https:\/\/eltrabajo.cl\/portal\/wp-json\/wp\/v2\/users\/482"}],"replies":[{"embeddable":true,"href":"https:\/\/eltrabajo.cl\/portal\/wp-json\/wp\/v2\/comments?post=97376"}],"version-history":[{"count":0,"href":"https:\/\/eltrabajo.cl\/portal\/wp-json\/wp\/v2\/posts\/97376\/revisions"}],"wp:featuredmedia":[{"embeddable":true,"href":"https:\/\/eltrabajo.cl\/portal\/wp-json\/wp\/v2\/media\/97377"}],"wp:attachment":[{"href":"https:\/\/eltrabajo.cl\/portal\/wp-json\/wp\/v2\/media?parent=97376"}],"wp:term":[{"taxonomy":"category","embeddable":true,"href":"https:\/\/eltrabajo.cl\/portal\/wp-json\/wp\/v2\/categories?post=97376"},{"taxonomy":"post_tag","embeddable":true,"href":"https:\/\/eltrabajo.cl\/portal\/wp-json\/wp\/v2\/tags?post=97376"}],"curies":[{"name":"wp","href":"https:\/\/api.w.org\/{rel}","templated":true}]}}