{"id":97383,"date":"2020-03-10T21:00:24","date_gmt":"2020-03-11T00:00:24","guid":{"rendered":"http:\/\/www.eltrabajo.cl\/portal\/?p=97383"},"modified":"2020-03-10T21:09:08","modified_gmt":"2020-03-11T00:09:08","slug":"cobardes-delincuentes-agreden-y-roban-a-mujer-cuando-se-dirigia-a-su-trabajo","status":"publish","type":"post","link":"https:\/\/eltrabajo.cl\/portal\/cobardes-delincuentes-agreden-y-roban-a-mujer-cuando-se-dirigia-a-su-trabajo\/","title":{"rendered":"Cobardes delincuentes agreden y roban a mujer cuando se dirig\u00eda a su trabajo"},"content":{"rendered":"<ul>\n<li><strong>La abordaron frente al Buen Pastor, temprano en la ma\u00f1ana, en su trayecto al Terminal Rodoviario para tomar bus rumbo a Santiago.<\/strong><\/li>\n<\/ul>\n<p>Una mujer fue asaltada cuando se dirig\u00eda desde su domicilio, ubicado en la Villa El Carmen de San Felipe, hacia el Terminal Rodoviario para abordar el bus de las cinco y media de la ma\u00f1ana con destino a Santiago donde trabaja. Sin embargo, al pasar frente al colegio Buen Pastor, fue abordada por dos sujetos que la agredieron y le robaron.<\/p>\n<p>En conversaci\u00f3n con nuestro medio, la se\u00f1ora <strong>Sylvia Garc\u00eda<\/strong> relat\u00f3 que <em>\u00abjusto donde est\u00e1n las puertas del Buen Pastor, sorpresivamente dos muchachos j\u00f3venes se encontraron conmigo y quisieron arrebatarme la cartera. No me pregunte por qu\u00e9, pero atin\u00e9 a afirmar la cartera igual, forcejeamos y yo le digo d\u00e9jame sacar los papeles y te llevas todo lo dem\u00e1s, ellos me dijeron: \u2018\u00a1No, su\u00e9ltala!\u2019, le dije que no y uno de ellos me tir\u00f3 al suelo, puso su rodilla sobre mi costado y con su mano tambi\u00e9n aplast\u00f3 mi cara contra el suelo para inmovilizarme, as\u00ed el otro tom\u00f3 la cartera y salieron los dos arrancando. Igual los persegu\u00ed porque tomaron direcci\u00f3n hacia la Villa El Carmen de vuelta, subieron por Michimalonco. Yo corr\u00ed hasta un poquito m\u00e1s arriba de la vuelta de David del Curto, ven\u00eda un radio taxi, lo hice parar con la intenci\u00f3n m\u00e1s que nada me llevara a casa y yo ah\u00ed le pagaba la carrera, no era para que me llevara gratis ni nada, y el radio taxi me esquiv\u00f3\u2026 Yo estaba al medio de la calle\u2026 me esquiv\u00f3 y pas\u00f3 de largo. Los muchachos siguieron corriendo, se metieron por el pasaje Vedruna y se perdieron obviamente\u00bb,<\/em> dijo la afectada.<\/p>\n<p>Finalmente llega a su casa donde su hijo la auxili\u00f3, llamaron a Carabineros quienes en cinco minutos estaban en su casa: <em>\u00abMe tom\u00f3 la denuncia correspondiente, salimos a dar vueltas por si los encontr\u00e1bamos por ah\u00ed\u2026 obviamente que no y afortunadamente me enter\u00e9 que alguien encontr\u00f3 mis documentos y los vino a dejar a la radio Aconcagua\u00bb,<\/em> dijo la v\u00edctima.<\/p>\n<p>&#8211; <strong>\u00bfLe robaron dinero, cosas as\u00ed?<\/strong><\/p>\n<p>&#8211; Bueno, hab\u00edan 20 mil pesos en dinero en efectivo y el celular, esas son las cosas de valor, nada m\u00e1s.<\/p>\n<p>&#8211; <strong>El susto tremendo.<\/strong><\/p>\n<p>&#8211; S\u00ed, el susto tremendo, si yo todav\u00eda tirito, ando con una sensaci\u00f3n de inseguridad tremenda; imag\u00ednese, viaj\u00f3 todos los d\u00edas a Santiago en ese horario, estaba m\u00e1s preparada que me pasara algo en Santiago, pero no aqu\u00ed en mi ciudad\u2026 Toda mi vida he vivido en esta ciudad y ahora no hay tranquilidad en ninguna parte, la ciudad aqu\u00ed est\u00e1 muy insegura, muy insegura.<\/p>\n<p>&#8211; <strong>\u00bfVa a tener que tomar alguna medida?<\/strong><\/p>\n<p>&#8211; Obviamente que ahora resguardos personales, en el sentido que alguien me acompa\u00f1e al terminal en ese horario, y lo m\u00e1s probable que ya definitivamente busque otro lugar donde vivir porque no puede ser.<\/p>\n<p>&#8211; <strong>\u00bfQu\u00e9 consecuencia le qued\u00f3 de esto?<\/strong><\/p>\n<p>&#8211; Tengo rasmillones, en el costado izquierdo, brazo, piernas y todo, seguramente ma\u00f1ana me va a doler m\u00e1s todo porque al momento que me arrojaron al suelo uno puso su rodilla aqu\u00ed en el costado y la cara en el suelo, entonces lo m\u00e1s probable es que ma\u00f1ana amanezca con m\u00e1s dolor.<\/p>\n<p>&#8211; <strong>\u00bfLogr\u00f3 visualizar algo de los sujetos?<\/strong><\/p>\n<p>&#8211; S\u00ed, son dos j\u00f3venes delgados\u2026 muy delgados, con olor a que estuvieron como de parranda toda la noche, al parecer drogadictos\u2026 cara de drogadictos.<\/p>\n<p>Dice que grit\u00f3, porque siempre ve gente por ah\u00ed; <em>\u00abhoy d\u00eda nadie\u2026 nadie, la verdad que nadie, entonces igual trat\u00e9 como para pedir ayuda, pero nadie, y lo otro\u2026 los hombres estaban como raros, no lograron as\u00ed como escapar muy fuerte porque generalmente esos malos arrancan y se pierden de inmediato; \u00e9stos no, por lo mismo yo trat\u00e9 de seguirlos por donde se fueron y todo, no iban muy fuerte corriendo\u00bb\u2026<\/em><\/p>\n<p>&nbsp;<\/p>\n<figure id=\"attachment_97384\" aria-describedby=\"caption-attachment-97384\" style=\"width: 580px\" class=\"wp-caption alignnone\"><img data-recalc-dims=\"1\" loading=\"lazy\" decoding=\"async\" class=\"size-full wp-image-97384\" src=\"https:\/\/i0.wp.com\/www.eltrabajo.cl\/portal\/wp-content\/uploads\/2020\/03\/Silvia-Garcia-victima-de-asalto.jpg?resize=580%2C359\" alt=\"Silvia Garc\u00eda, v\u00edctima de asalto ayer en la madrugada frente al Buen Pastor.\" width=\"580\" height=\"359\" srcset=\"https:\/\/i0.wp.com\/eltrabajo.cl\/portal\/wp-content\/uploads\/2020\/03\/Silvia-Garcia-victima-de-asalto.jpg?w=580&amp;ssl=1 580w, https:\/\/i0.wp.com\/eltrabajo.cl\/portal\/wp-content\/uploads\/2020\/03\/Silvia-Garcia-victima-de-asalto.jpg?resize=300%2C186&amp;ssl=1 300w, https:\/\/i0.wp.com\/eltrabajo.cl\/portal\/wp-content\/uploads\/2020\/03\/Silvia-Garcia-victima-de-asalto.jpg?resize=200%2C124&amp;ssl=1 200w, https:\/\/i0.wp.com\/eltrabajo.cl\/portal\/wp-content\/uploads\/2020\/03\/Silvia-Garcia-victima-de-asalto.jpg?resize=242%2C150&amp;ssl=1 242w, https:\/\/i0.wp.com\/eltrabajo.cl\/portal\/wp-content\/uploads\/2020\/03\/Silvia-Garcia-victima-de-asalto.jpg?resize=400%2C248&amp;ssl=1 400w\" sizes=\"auto, (max-width: 580px) 100vw, 580px\" \/><figcaption id=\"caption-attachment-97384\" class=\"wp-caption-text\">Silvia Garc\u00eda, v\u00edctima de asalto ayer en la madrugada frente al Buen Pastor.<\/figcaption><\/figure>\n","protected":false},"excerpt":{"rendered":"<p>La abordaron frente al Buen Pastor, temprano en la ma\u00f1ana, en su trayecto al Terminal Rodoviario para tomar bus rumbo a Santiago. Una mujer fue asaltada cuando se dirig\u00eda desde su domicilio,&#8230;<\/p>\n","protected":false},"author":482,"featured_media":97384,"comment_status":"open","ping_status":"open","sticky":false,"template":"","format":"standard","meta":{"advanced_seo_description":"","jetpack_seo_html_title":"","jetpack_seo_noindex":false,"_jetpack_memberships_contains_paid_content":false,"footnotes":""},"categories":[15,21],"tags":[],"class_list":["post-97383","post","type-post","status-publish","format-standard","has-post-thumbnail","hentry","category-comunidad","category-policial"],"jetpack_featured_media_url":"https:\/\/i0.wp.com\/eltrabajo.cl\/portal\/wp-content\/uploads\/2020\/03\/Silvia-Garcia-victima-de-asalto.jpg?fit=580%2C359&ssl=1","jetpack_sharing_enabled":true,"jetpack_likes_enabled":true,"jetpack-related-posts":[],"_links":{"self":[{"href":"https:\/\/eltrabajo.cl\/portal\/wp-json\/wp\/v2\/posts\/97383","targetHints":{"allow":["GET"]}}],"collection":[{"href":"https:\/\/eltrabajo.cl\/portal\/wp-json\/wp\/v2\/posts"}],"about":[{"href":"https:\/\/eltrabajo.cl\/portal\/wp-json\/wp\/v2\/types\/post"}],"author":[{"embeddable":true,"href":"https:\/\/eltrabajo.cl\/portal\/wp-json\/wp\/v2\/users\/482"}],"replies":[{"embeddable":true,"href":"https:\/\/eltrabajo.cl\/portal\/wp-json\/wp\/v2\/comments?post=97383"}],"version-history":[{"count":0,"href":"https:\/\/eltrabajo.cl\/portal\/wp-json\/wp\/v2\/posts\/97383\/revisions"}],"wp:featuredmedia":[{"embeddable":true,"href":"https:\/\/eltrabajo.cl\/portal\/wp-json\/wp\/v2\/media\/97384"}],"wp:attachment":[{"href":"https:\/\/eltrabajo.cl\/portal\/wp-json\/wp\/v2\/media?parent=97383"}],"wp:term":[{"taxonomy":"category","embeddable":true,"href":"https:\/\/eltrabajo.cl\/portal\/wp-json\/wp\/v2\/categories?post=97383"},{"taxonomy":"post_tag","embeddable":true,"href":"https:\/\/eltrabajo.cl\/portal\/wp-json\/wp\/v2\/tags?post=97383"}],"curies":[{"name":"wp","href":"https:\/\/api.w.org\/{rel}","templated":true}]}}