{"id":97400,"date":"2020-03-12T05:01:25","date_gmt":"2020-03-12T08:01:25","guid":{"rendered":"http:\/\/www.eltrabajo.cl\/portal\/?p=97400"},"modified":"2020-03-11T21:15:01","modified_gmt":"2020-03-12T00:15:01","slug":"diputada-camila-flores-plantea-usar-todos-los-medios-para-proteger-infraestructura-critica","status":"publish","type":"post","link":"https:\/\/eltrabajo.cl\/portal\/diputada-camila-flores-plantea-usar-todos-los-medios-para-proteger-infraestructura-critica\/","title":{"rendered":"Diputada Camila Flores plantea usar todos los medios para proteger Infraestructura Cr\u00edtica"},"content":{"rendered":"<ul>\n<li><strong>La parlamentaria oficialista asegur\u00f3 que si el resguardo y el orden p\u00fablico implica tener a los militares en la calle es una situaci\u00f3n que tiene que darse para la tranquilidad de todos los chilenos.<\/strong><\/li>\n<\/ul>\n<p>El debate por la Infraestructura Cr\u00edtica est\u00e1 lejos de acabarse. Pese a que el pasado lunes la Comisi\u00f3n de Constituci\u00f3n de la C\u00e1mara de Diputados aprob\u00f3 el proyecto en general por siete votos a favor y seis en contra, todav\u00eda genera discrepancias.<\/p>\n<p>Para la diputada de Renovaci\u00f3n Nacional, <strong>Camila Flores<\/strong>, quien integra la Comisi\u00f3n de Constituci\u00f3n, el Ejecutivo con todas las situaciones acaecidas pudo actuar con mayor fuerza en el restablecimiento del orden p\u00fablico en las ocasiones que se amerit\u00f3: <em>\u00abEl Presidente podr\u00eda perfectamente haber decretado estado de excepci\u00f3n y no lo hizo. Es lamentable porque hemos vivido situaciones muy extremas\u00bb,<\/em> expres\u00f3 la parlamentaria.<\/p>\n<p>A su vez, reiter\u00f3 su postura en favor de priorizar el orden p\u00fablico porque de esa manera se pavimenta el camino hacia la paz en el pa\u00eds, y si eso significa que la milicia tenga que salir a las calles, se debe hacer: <em>\u00abTenemos que dejar estos complejos de lado y pensar en el bienestar de los chilenos. Si eso implica tener a nuestros militares en la calle, hay que proceder con ello. Para algunos sectores sacar a militares a las calles es una aberraci\u00f3n, pero para otros como yo es una garant\u00eda de tranquilidad\u00bb,<\/em> subray\u00f3.<\/p>\n<p>El debate tambi\u00e9n ha estado centrado en qu\u00e9 instalaci\u00f3n entra en la definici\u00f3n de Infraestructura Cr\u00edtica. Hasta ahora se entiende como aquellos sistemas esenciales para el mantenimiento de las funciones sociales b\u00e1sicas, y cuya perturbaci\u00f3n o destrucci\u00f3n afectar\u00eda gravemente la salud, la integridad f\u00edsica, la seguridad y el bienestar social y econ\u00f3mico de la poblaci\u00f3n.<\/p>\n<p>\u00ab<em>En los tiempos que hoy vivimos es fundamental entregar seguridad a la ciudadan\u00eda respecto de qu\u00e9 recintos son vitales. En esta categor\u00eda entrar\u00edan las plantas de agua potable, de electricidad y supermercados que podr\u00edan contar con el resguardo de nuestras FF.AA.\u00bb,<\/em> concluy\u00f3 Flores.<\/p>\n<p>La discusi\u00f3n en torno a la Infraestructura Cr\u00edtica se encuentra en su segundo tr\u00e1mite legislativo y continuar\u00e1 en la Comisi\u00f3n de Constituci\u00f3n a la espera de la votaci\u00f3n de las indicaciones particulares.<\/p>\n<p>&nbsp;<\/p>\n<figure id=\"attachment_97401\" aria-describedby=\"caption-attachment-97401\" style=\"width: 580px\" class=\"wp-caption alignnone\"><img data-recalc-dims=\"1\" loading=\"lazy\" decoding=\"async\" class=\"size-full wp-image-97401\" src=\"https:\/\/i0.wp.com\/www.eltrabajo.cl\/portal\/wp-content\/uploads\/2020\/03\/diputada-CAMILA-FLORES.jpg?resize=580%2C358\" alt=\"\u00abPara algunos sectores sacar a militares a las calles es una aberraci\u00f3n, pero para otros como yo es una garant\u00eda de tranquilidad\u00bb, sostuvo la diputada Camila Flores.\" width=\"580\" height=\"358\" srcset=\"https:\/\/i0.wp.com\/eltrabajo.cl\/portal\/wp-content\/uploads\/2020\/03\/diputada-CAMILA-FLORES.jpg?w=580&amp;ssl=1 580w, https:\/\/i0.wp.com\/eltrabajo.cl\/portal\/wp-content\/uploads\/2020\/03\/diputada-CAMILA-FLORES.jpg?resize=300%2C185&amp;ssl=1 300w, https:\/\/i0.wp.com\/eltrabajo.cl\/portal\/wp-content\/uploads\/2020\/03\/diputada-CAMILA-FLORES.jpg?resize=200%2C123&amp;ssl=1 200w, https:\/\/i0.wp.com\/eltrabajo.cl\/portal\/wp-content\/uploads\/2020\/03\/diputada-CAMILA-FLORES.jpg?resize=243%2C150&amp;ssl=1 243w, https:\/\/i0.wp.com\/eltrabajo.cl\/portal\/wp-content\/uploads\/2020\/03\/diputada-CAMILA-FLORES.jpg?resize=400%2C247&amp;ssl=1 400w\" sizes=\"auto, (max-width: 580px) 100vw, 580px\" \/><figcaption id=\"caption-attachment-97401\" class=\"wp-caption-text\">\u00abPara algunos sectores sacar a militares a las calles es una aberraci\u00f3n, pero para otros como yo es una garant\u00eda de tranquilidad\u00bb, sostuvo la diputada Camila Flores.<\/figcaption><\/figure>\n","protected":false},"excerpt":{"rendered":"<p>La parlamentaria oficialista asegur\u00f3 que si el resguardo y el orden p\u00fablico implica tener a los militares en la calle es una situaci\u00f3n que tiene que darse para la tranquilidad de todos&#8230;<\/p>\n","protected":false},"author":482,"featured_media":97401,"comment_status":"open","ping_status":"open","sticky":false,"template":"","format":"standard","meta":{"advanced_seo_description":"","jetpack_seo_html_title":"","jetpack_seo_noindex":false,"_jetpack_memberships_contains_paid_content":false,"footnotes":""},"categories":[16],"tags":[],"class_list":["post-97400","post","type-post","status-publish","format-standard","has-post-thumbnail","hentry","category-politica"],"jetpack_featured_media_url":"https:\/\/i0.wp.com\/eltrabajo.cl\/portal\/wp-content\/uploads\/2020\/03\/diputada-CAMILA-FLORES.jpg?fit=580%2C358&ssl=1","jetpack_sharing_enabled":true,"jetpack_likes_enabled":true,"jetpack-related-posts":[],"_links":{"self":[{"href":"https:\/\/eltrabajo.cl\/portal\/wp-json\/wp\/v2\/posts\/97400","targetHints":{"allow":["GET"]}}],"collection":[{"href":"https:\/\/eltrabajo.cl\/portal\/wp-json\/wp\/v2\/posts"}],"about":[{"href":"https:\/\/eltrabajo.cl\/portal\/wp-json\/wp\/v2\/types\/post"}],"author":[{"embeddable":true,"href":"https:\/\/eltrabajo.cl\/portal\/wp-json\/wp\/v2\/users\/482"}],"replies":[{"embeddable":true,"href":"https:\/\/eltrabajo.cl\/portal\/wp-json\/wp\/v2\/comments?post=97400"}],"version-history":[{"count":0,"href":"https:\/\/eltrabajo.cl\/portal\/wp-json\/wp\/v2\/posts\/97400\/revisions"}],"wp:featuredmedia":[{"embeddable":true,"href":"https:\/\/eltrabajo.cl\/portal\/wp-json\/wp\/v2\/media\/97401"}],"wp:attachment":[{"href":"https:\/\/eltrabajo.cl\/portal\/wp-json\/wp\/v2\/media?parent=97400"}],"wp:term":[{"taxonomy":"category","embeddable":true,"href":"https:\/\/eltrabajo.cl\/portal\/wp-json\/wp\/v2\/categories?post=97400"},{"taxonomy":"post_tag","embeddable":true,"href":"https:\/\/eltrabajo.cl\/portal\/wp-json\/wp\/v2\/tags?post=97400"}],"curies":[{"name":"wp","href":"https:\/\/api.w.org\/{rel}","templated":true}]}}