{"id":97403,"date":"2020-03-12T05:02:10","date_gmt":"2020-03-12T08:02:10","guid":{"rendered":"http:\/\/www.eltrabajo.cl\/portal\/?p=97403"},"modified":"2020-03-11T21:18:22","modified_gmt":"2020-03-12T00:18:22","slug":"manana-es-rifa-para-una-de-las-familias-afectada-por-incendio-en-la-parrasia","status":"publish","type":"post","link":"https:\/\/eltrabajo.cl\/portal\/manana-es-rifa-para-una-de-las-familias-afectada-por-incendio-en-la-parrasia\/","title":{"rendered":"Ma\u00f1ana es Rifa para una de las familias afectada por incendio en La Parras\u00eda"},"content":{"rendered":"<p><span style=\"color: #ff0000;\"><strong>A\u00fan hay n\u00fameros y muchos premios por ganar:<\/strong><\/span><\/p>\n<p>Para una de las familias afectadas por el incendio de enero ocurrido en La Parras\u00eda y que apenas empiezan a levantarse de haber perdido sus bodegas de campo y sus 80 cerditos, est\u00e1 necesitando de nuestro apoyo con una Rifa a Beneficio. Se trata del vecino <strong>Jano Silva<\/strong>, quien tambi\u00e9n perdi\u00f3 dos de sus viejos autos de trabajo agr\u00edcola, por esa raz\u00f3n una de sus familiares y con autorizaci\u00f3n del afectado, visit\u00f3 nuestra Sala de Redacci\u00f3n para anunciar la Rifa.<\/p>\n<p>\u00ab<em>Es una Rifa a Beneficio, entre los premios hay un horno el\u00e9ctrico, cartera de cuero, y varios premios sorpresa. El n\u00famero tiene un costo de $1.000, todo esto es para apoyar a la Familia <strong>Silva Larraguibel<\/strong>, una de las familias afectadas por el incendio en La Parras\u00eda<\/em>\u00bb, coment\u00f3 <strong>Patricia Soto<\/strong>, quien est\u00e1 vendiendo los n\u00fameros para esta rifa. Por iniciativa de esta misma vecina, el sorteo de la Rifa se realizar\u00e1 en las afueras de <strong>Diario El Trabajo<\/strong> ma\u00f1ana viernes a las 17:00 horas.<\/p>\n<p>&nbsp;<\/p>\n<figure id=\"attachment_97404\" aria-describedby=\"caption-attachment-97404\" style=\"width: 580px\" class=\"wp-caption alignnone\"><img data-recalc-dims=\"1\" loading=\"lazy\" decoding=\"async\" class=\"size-full wp-image-97404\" src=\"https:\/\/i0.wp.com\/www.eltrabajo.cl\/portal\/wp-content\/uploads\/2020\/03\/Rifa2.jpg?resize=580%2C359\" alt=\"BUENOS PREMIOS.- Aqu\u00ed tenemos algunos de los premios a sortear ma\u00f1ana viernes en el frontis de Diario El Trabajo.\" width=\"580\" height=\"359\" srcset=\"https:\/\/i0.wp.com\/eltrabajo.cl\/portal\/wp-content\/uploads\/2020\/03\/Rifa2.jpg?w=580&amp;ssl=1 580w, https:\/\/i0.wp.com\/eltrabajo.cl\/portal\/wp-content\/uploads\/2020\/03\/Rifa2.jpg?resize=300%2C186&amp;ssl=1 300w, https:\/\/i0.wp.com\/eltrabajo.cl\/portal\/wp-content\/uploads\/2020\/03\/Rifa2.jpg?resize=200%2C124&amp;ssl=1 200w, https:\/\/i0.wp.com\/eltrabajo.cl\/portal\/wp-content\/uploads\/2020\/03\/Rifa2.jpg?resize=242%2C150&amp;ssl=1 242w, https:\/\/i0.wp.com\/eltrabajo.cl\/portal\/wp-content\/uploads\/2020\/03\/Rifa2.jpg?resize=400%2C248&amp;ssl=1 400w\" sizes=\"auto, (max-width: 580px) 100vw, 580px\" \/><figcaption id=\"caption-attachment-97404\" class=\"wp-caption-text\">BUENOS PREMIOS.- Aqu\u00ed tenemos algunos de los premios a sortear ma\u00f1ana viernes en el frontis de Diario El Trabajo.<\/figcaption><\/figure>\n<p>&nbsp;<\/p>\n<figure id=\"attachment_97405\" aria-describedby=\"caption-attachment-97405\" style=\"width: 580px\" class=\"wp-caption alignnone\"><img data-recalc-dims=\"1\" loading=\"lazy\" decoding=\"async\" class=\"size-full wp-image-97405\" src=\"https:\/\/i0.wp.com\/www.eltrabajo.cl\/portal\/wp-content\/uploads\/2020\/03\/Rifa_Alejandro-Silva.jpg?resize=580%2C360\" alt=\"VECINO AFECTADO.- Don Alejandro \u2018Jano\u2019 Silva muestra a Diario El Trabajo la ruina en la que \u00e9l qued\u00f3 tras el incendio de enero, atr\u00e1s se ven los autos ya inservibles.\" width=\"580\" height=\"360\" srcset=\"https:\/\/i0.wp.com\/eltrabajo.cl\/portal\/wp-content\/uploads\/2020\/03\/Rifa_Alejandro-Silva.jpg?w=580&amp;ssl=1 580w, https:\/\/i0.wp.com\/eltrabajo.cl\/portal\/wp-content\/uploads\/2020\/03\/Rifa_Alejandro-Silva.jpg?resize=300%2C186&amp;ssl=1 300w, https:\/\/i0.wp.com\/eltrabajo.cl\/portal\/wp-content\/uploads\/2020\/03\/Rifa_Alejandro-Silva.jpg?resize=200%2C124&amp;ssl=1 200w, https:\/\/i0.wp.com\/eltrabajo.cl\/portal\/wp-content\/uploads\/2020\/03\/Rifa_Alejandro-Silva.jpg?resize=242%2C150&amp;ssl=1 242w, https:\/\/i0.wp.com\/eltrabajo.cl\/portal\/wp-content\/uploads\/2020\/03\/Rifa_Alejandro-Silva.jpg?resize=400%2C248&amp;ssl=1 400w\" sizes=\"auto, (max-width: 580px) 100vw, 580px\" \/><figcaption id=\"caption-attachment-97405\" class=\"wp-caption-text\">VECINO AFECTADO.- Don Alejandro \u2018Jano\u2019 Silva muestra a Diario El Trabajo la ruina en la que \u00e9l qued\u00f3 tras el incendio de enero, atr\u00e1s se ven los autos ya inservibles.<\/figcaption><\/figure>\n<p>&nbsp;<\/p>\n<figure id=\"attachment_97406\" aria-describedby=\"caption-attachment-97406\" style=\"width: 580px\" class=\"wp-caption alignnone\"><img data-recalc-dims=\"1\" loading=\"lazy\" decoding=\"async\" class=\"size-full wp-image-97406\" src=\"https:\/\/i0.wp.com\/www.eltrabajo.cl\/portal\/wp-content\/uploads\/2020\/03\/Rifa_Patricia-Soto.jpg?resize=580%2C580\" alt=\"A LUKA EL N\u00daMERO.- La vecina Patricia Soto es quien est\u00e1 haciendo esta Rifa Solidaria a beneficio de \u2018Janito\u2019 Silva.\" width=\"580\" height=\"580\" srcset=\"https:\/\/i0.wp.com\/eltrabajo.cl\/portal\/wp-content\/uploads\/2020\/03\/Rifa_Patricia-Soto.jpg?w=580&amp;ssl=1 580w, https:\/\/i0.wp.com\/eltrabajo.cl\/portal\/wp-content\/uploads\/2020\/03\/Rifa_Patricia-Soto.jpg?resize=300%2C300&amp;ssl=1 300w, https:\/\/i0.wp.com\/eltrabajo.cl\/portal\/wp-content\/uploads\/2020\/03\/Rifa_Patricia-Soto.jpg?resize=150%2C150&amp;ssl=1 150w, https:\/\/i0.wp.com\/eltrabajo.cl\/portal\/wp-content\/uploads\/2020\/03\/Rifa_Patricia-Soto.jpg?resize=400%2C400&amp;ssl=1 400w, https:\/\/i0.wp.com\/eltrabajo.cl\/portal\/wp-content\/uploads\/2020\/03\/Rifa_Patricia-Soto.jpg?resize=144%2C144&amp;ssl=1 144w\" sizes=\"auto, (max-width: 580px) 100vw, 580px\" \/><figcaption id=\"caption-attachment-97406\" class=\"wp-caption-text\">A LUKA EL N\u00daMERO.- La vecina Patricia Soto es quien est\u00e1 haciendo esta Rifa Solidaria a beneficio de \u2018Janito\u2019 Silva.<\/figcaption><\/figure>\n","protected":false},"excerpt":{"rendered":"<p>A\u00fan hay n\u00fameros y muchos premios por ganar: Para una de las familias afectadas por el incendio de enero ocurrido en La Parras\u00eda y que apenas empiezan a levantarse de haber perdido&#8230;<\/p>\n","protected":false},"author":482,"featured_media":97405,"comment_status":"open","ping_status":"open","sticky":false,"template":"","format":"standard","meta":{"advanced_seo_description":"","jetpack_seo_html_title":"","jetpack_seo_noindex":false,"_jetpack_memberships_contains_paid_content":false,"footnotes":""},"categories":[15],"tags":[],"class_list":["post-97403","post","type-post","status-publish","format-standard","has-post-thumbnail","hentry","category-comunidad"],"jetpack_featured_media_url":"https:\/\/i0.wp.com\/eltrabajo.cl\/portal\/wp-content\/uploads\/2020\/03\/Rifa_Alejandro-Silva.jpg?fit=580%2C360&ssl=1","jetpack_sharing_enabled":true,"jetpack_likes_enabled":true,"jetpack-related-posts":[],"_links":{"self":[{"href":"https:\/\/eltrabajo.cl\/portal\/wp-json\/wp\/v2\/posts\/97403","targetHints":{"allow":["GET"]}}],"collection":[{"href":"https:\/\/eltrabajo.cl\/portal\/wp-json\/wp\/v2\/posts"}],"about":[{"href":"https:\/\/eltrabajo.cl\/portal\/wp-json\/wp\/v2\/types\/post"}],"author":[{"embeddable":true,"href":"https:\/\/eltrabajo.cl\/portal\/wp-json\/wp\/v2\/users\/482"}],"replies":[{"embeddable":true,"href":"https:\/\/eltrabajo.cl\/portal\/wp-json\/wp\/v2\/comments?post=97403"}],"version-history":[{"count":0,"href":"https:\/\/eltrabajo.cl\/portal\/wp-json\/wp\/v2\/posts\/97403\/revisions"}],"wp:featuredmedia":[{"embeddable":true,"href":"https:\/\/eltrabajo.cl\/portal\/wp-json\/wp\/v2\/media\/97405"}],"wp:attachment":[{"href":"https:\/\/eltrabajo.cl\/portal\/wp-json\/wp\/v2\/media?parent=97403"}],"wp:term":[{"taxonomy":"category","embeddable":true,"href":"https:\/\/eltrabajo.cl\/portal\/wp-json\/wp\/v2\/categories?post=97403"},{"taxonomy":"post_tag","embeddable":true,"href":"https:\/\/eltrabajo.cl\/portal\/wp-json\/wp\/v2\/tags?post=97403"}],"curies":[{"name":"wp","href":"https:\/\/api.w.org\/{rel}","templated":true}]}}