{"id":97415,"date":"2020-03-12T05:05:57","date_gmt":"2020-03-12T08:05:57","guid":{"rendered":"http:\/\/www.eltrabajo.cl\/portal\/?p=97415"},"modified":"2020-03-11T21:27:04","modified_gmt":"2020-03-12T00:27:04","slug":"ayer-murio-leticia-freire-canto-hermana-del-alcalde-sanfelipeno-patricio-freire","status":"publish","type":"post","link":"https:\/\/eltrabajo.cl\/portal\/ayer-murio-leticia-freire-canto-hermana-del-alcalde-sanfelipeno-patricio-freire\/","title":{"rendered":"Ayer muri\u00f3 Leticia Freire Canto, hermana del alcalde sanfelipe\u00f1o Patricio Freire"},"content":{"rendered":"<p><span style=\"color: #ff0000;\"><strong>Misa y Funerales hoy a las 17:00 en Iglesia Catedral:<\/strong><\/span><\/p>\n<p>Un amargo trago es el que est\u00e1n bebiendo todos los familiares del alcalde de San Felipe, Patricio Freire, luego que el d\u00eda de ayer falleciera su hermana <strong>Leticia Josefina Freire Canto<\/strong> a la edad de 73 a\u00f1os, luego de luchar por varios meses contra el c\u00e1ncer.<\/p>\n<p>Leticia fue contadora, no tuvo hijos pero sus muchos sobrinos y sobrino-nietos eran su adoraci\u00f3n. La profesional se traslad\u00f3 hace pocas semanas a casa de su familia en San Felipe, lo que le permiti\u00f3 despedirse rodeada de todo el amor y atenciones que sus seres queridos le dieron hasta el final de su vida.<\/p>\n<p>Su cuerpo fue recibido por amigos, familiares y funcionarios municipales cercanos al alcalde, as\u00ed como por varios dirigentes vecinales de nuestra comuna en la entrada principal de la Iglesia Catedral.<\/p>\n<p>El velatorio de Freire Canto se est\u00e1 realizando en la Iglesia Catedral, y sus exequias se desarrollar\u00e1n hoy con la respectiva Misa F\u00fanebre, pasando sus restos mortales al descanso eterno en el Cementerio Municipal de San Felipe en El Almendral.<\/p>\n<p>Todos quienes laboramos en <strong>Diario El Trabajo<\/strong> hoy hacemos p\u00fablico nuestro hondo pesar por la partida de Leticia Freire, esperando que la paz y fortaleza sean plenas para cada uno de quienes hoy lloran su partida. \u00a1<strong><em>Descansa en Paz Leticia Freire Canto<\/em><\/strong>!<\/p>\n<p><strong>Roberto Gonz\u00e1lez Short<\/strong><\/p>\n<p>&nbsp;<\/p>\n<figure id=\"attachment_97416\" aria-describedby=\"caption-attachment-97416\" style=\"width: 580px\" class=\"wp-caption alignnone\"><img data-recalc-dims=\"1\" loading=\"lazy\" decoding=\"async\" class=\"size-full wp-image-97416\" src=\"https:\/\/i0.wp.com\/www.eltrabajo.cl\/portal\/wp-content\/uploads\/2020\/03\/Hermana2.jpg?resize=580%2C359\" alt=\"HOY LA DESPIDEN.- El velatorio de Freire Canto se est\u00e1 realizando en la Iglesia Catedral, y sus exequias se desarrollar\u00e1n hoy jueves con la respectiva Misa F\u00fanebre, pasando sus restos mortales al descanso eterno en el Cementerio Municipal de San Felipe en El Almendral.\" width=\"580\" height=\"359\" srcset=\"https:\/\/i0.wp.com\/eltrabajo.cl\/portal\/wp-content\/uploads\/2020\/03\/Hermana2.jpg?w=580&amp;ssl=1 580w, https:\/\/i0.wp.com\/eltrabajo.cl\/portal\/wp-content\/uploads\/2020\/03\/Hermana2.jpg?resize=300%2C186&amp;ssl=1 300w, https:\/\/i0.wp.com\/eltrabajo.cl\/portal\/wp-content\/uploads\/2020\/03\/Hermana2.jpg?resize=200%2C124&amp;ssl=1 200w, https:\/\/i0.wp.com\/eltrabajo.cl\/portal\/wp-content\/uploads\/2020\/03\/Hermana2.jpg?resize=242%2C150&amp;ssl=1 242w, https:\/\/i0.wp.com\/eltrabajo.cl\/portal\/wp-content\/uploads\/2020\/03\/Hermana2.jpg?resize=400%2C248&amp;ssl=1 400w\" sizes=\"auto, (max-width: 580px) 100vw, 580px\" \/><figcaption id=\"caption-attachment-97416\" class=\"wp-caption-text\">HOY LA DESPIDEN.- El velatorio de Freire Canto se est\u00e1 realizando en la Iglesia Catedral, y sus exequias se desarrollar\u00e1n hoy jueves con la respectiva Misa F\u00fanebre, pasando sus restos mortales al descanso eterno en el Cementerio Municipal de San Felipe en El Almendral.<\/figcaption><\/figure>\n<p>&nbsp;<\/p>\n<figure id=\"attachment_97417\" aria-describedby=\"caption-attachment-97417\" style=\"width: 580px\" class=\"wp-caption alignnone\"><img data-recalc-dims=\"1\" loading=\"lazy\" decoding=\"async\" class=\"size-full wp-image-97417\" src=\"https:\/\/i0.wp.com\/www.eltrabajo.cl\/portal\/wp-content\/uploads\/2020\/03\/Hermana_Leticia-Freire-Canto.jpg?resize=580%2C734\" alt=\"Leticia Freire Canto ser\u00e1 sepultada hoy en horas de la tarde. Ten\u00eda 73 a\u00f1os de edad.\" width=\"580\" height=\"734\" srcset=\"https:\/\/i0.wp.com\/eltrabajo.cl\/portal\/wp-content\/uploads\/2020\/03\/Hermana_Leticia-Freire-Canto.jpg?w=580&amp;ssl=1 580w, https:\/\/i0.wp.com\/eltrabajo.cl\/portal\/wp-content\/uploads\/2020\/03\/Hermana_Leticia-Freire-Canto.jpg?resize=237%2C300&amp;ssl=1 237w, https:\/\/i0.wp.com\/eltrabajo.cl\/portal\/wp-content\/uploads\/2020\/03\/Hermana_Leticia-Freire-Canto.jpg?resize=119%2C150&amp;ssl=1 119w, https:\/\/i0.wp.com\/eltrabajo.cl\/portal\/wp-content\/uploads\/2020\/03\/Hermana_Leticia-Freire-Canto.jpg?resize=400%2C506&amp;ssl=1 400w\" sizes=\"auto, (max-width: 580px) 100vw, 580px\" \/><figcaption id=\"caption-attachment-97417\" class=\"wp-caption-text\">Leticia Freire Canto ser\u00e1 sepultada hoy en horas de la tarde. Ten\u00eda 73 a\u00f1os de edad.<\/figcaption><\/figure>\n","protected":false},"excerpt":{"rendered":"<p>Misa y Funerales hoy a las 17:00 en Iglesia Catedral: Un amargo trago es el que est\u00e1n bebiendo todos los familiares del alcalde de San Felipe, Patricio Freire, luego que el d\u00eda&#8230;<\/p>\n","protected":false},"author":482,"featured_media":97416,"comment_status":"open","ping_status":"open","sticky":false,"template":"","format":"standard","meta":{"advanced_seo_description":"","jetpack_seo_html_title":"","jetpack_seo_noindex":false,"_jetpack_memberships_contains_paid_content":false,"footnotes":""},"categories":[15],"tags":[],"class_list":["post-97415","post","type-post","status-publish","format-standard","has-post-thumbnail","hentry","category-comunidad"],"jetpack_featured_media_url":"https:\/\/i0.wp.com\/eltrabajo.cl\/portal\/wp-content\/uploads\/2020\/03\/Hermana2.jpg?fit=580%2C359&ssl=1","jetpack_sharing_enabled":true,"jetpack_likes_enabled":true,"jetpack-related-posts":[],"_links":{"self":[{"href":"https:\/\/eltrabajo.cl\/portal\/wp-json\/wp\/v2\/posts\/97415","targetHints":{"allow":["GET"]}}],"collection":[{"href":"https:\/\/eltrabajo.cl\/portal\/wp-json\/wp\/v2\/posts"}],"about":[{"href":"https:\/\/eltrabajo.cl\/portal\/wp-json\/wp\/v2\/types\/post"}],"author":[{"embeddable":true,"href":"https:\/\/eltrabajo.cl\/portal\/wp-json\/wp\/v2\/users\/482"}],"replies":[{"embeddable":true,"href":"https:\/\/eltrabajo.cl\/portal\/wp-json\/wp\/v2\/comments?post=97415"}],"version-history":[{"count":0,"href":"https:\/\/eltrabajo.cl\/portal\/wp-json\/wp\/v2\/posts\/97415\/revisions"}],"wp:featuredmedia":[{"embeddable":true,"href":"https:\/\/eltrabajo.cl\/portal\/wp-json\/wp\/v2\/media\/97416"}],"wp:attachment":[{"href":"https:\/\/eltrabajo.cl\/portal\/wp-json\/wp\/v2\/media?parent=97415"}],"wp:term":[{"taxonomy":"category","embeddable":true,"href":"https:\/\/eltrabajo.cl\/portal\/wp-json\/wp\/v2\/categories?post=97415"},{"taxonomy":"post_tag","embeddable":true,"href":"https:\/\/eltrabajo.cl\/portal\/wp-json\/wp\/v2\/tags?post=97415"}],"curies":[{"name":"wp","href":"https:\/\/api.w.org\/{rel}","templated":true}]}}