{"id":97419,"date":"2020-03-13T05:01:20","date_gmt":"2020-03-13T08:01:20","guid":{"rendered":"http:\/\/www.eltrabajo.cl\/portal\/?p=97419"},"modified":"2020-03-12T20:58:34","modified_gmt":"2020-03-12T23:58:34","slug":"parvulos-de-putaendo-inician-nuevo-ano-cosechando-lo-que-sembraron-en-2019","status":"publish","type":"post","link":"https:\/\/eltrabajo.cl\/portal\/parvulos-de-putaendo-inician-nuevo-ano-cosechando-lo-que-sembraron-en-2019\/","title":{"rendered":"P\u00e1rvulos de Putaendo inician nuevo a\u00f1o cosechando lo que sembraron en 2019"},"content":{"rendered":"<ul>\n<li><strong>Para dar el vamos al a\u00f1o parvulario 2020 los ni\u00f1os, ni\u00f1as y sus familias cosecharon diversas verduras y frutas que sembraron en el huerto del jard\u00edn infantil a fines del a\u00f1o reci\u00e9n pasado.<\/strong><\/li>\n<\/ul>\n<p>Manos a la obra, manos en la tierra! As\u00ed fue como los ni\u00f1os y ni\u00f1as del jard\u00edn infantil \u2018Mundo de Alegr\u00eda\u2019 de Putaendo iniciaron el a\u00f1o parvulario 2020, cosechando lo que sembraron los \u00faltimos meses del a\u00f1o 2019 en el huerto que posee el jard\u00edn y que fue posible gracias al trabajo mancomunado de toda la comunidad educativa.<\/p>\n<p>En compa\u00f1\u00eda de sus familias, educadoras y t\u00e9cnicos en educaci\u00f3n parvularia, los ni\u00f1os y las ni\u00f1as sacaron desde la tierra las papas, tomates, zapallos italianos y otros vegetales que sembraron con sus propias manos y que cuidaron y regaron por largos meses.<\/p>\n<p>La educadora de p\u00e1rvulos y directora del jard\u00edn, <strong>Lissette Estay Bustamante<\/strong>,\u00a0 se\u00f1al\u00f3 que <em>\u00aba trav\u00e9s de estas actividades los equipos pueden trabajar de manera paralela diversos aprendizajes en los p\u00e1rvulos, que van desde el cuidado del medio ambiente hasta la promoci\u00f3n de una alimentaci\u00f3n saludable,\u00a0 e incorporar a las familias en el proceso educativo\u00bb,<\/em> sostuvo.<\/p>\n<p>Por su parte el director regional de la Junji Valpara\u00edso, <strong>Jos\u00e9 Patricio Valenzuela<\/strong>, valor\u00f3 la iniciativa destacando que <em>\u00abpermiten que desde la acci\u00f3n y la pr\u00e1ctica los ni\u00f1os y ni\u00f1as adopten nuevos conocimientos, siempre con un car\u00e1cter l\u00fadico y que d\u00e9 respuesta a sus gustos, intereses y a su contexto territorial\u00bb,<\/em> puntualiz\u00f3.<\/p>\n<p>&nbsp;<\/p>\n<figure id=\"attachment_97421\" aria-describedby=\"caption-attachment-97421\" style=\"width: 580px\" class=\"wp-caption alignnone\"><img data-recalc-dims=\"1\" loading=\"lazy\" decoding=\"async\" class=\"size-full wp-image-97421\" src=\"https:\/\/i0.wp.com\/www.eltrabajo.cl\/portal\/wp-content\/uploads\/2020\/03\/Mundo-de-Alegr%C3%ADa-2.jpg?resize=580%2C360\" alt=\"Maravillados quedaron los peque\u00f1os cosechando lo que sembraron los \u00faltimos meses del a\u00f1o 2019 en el huerto que posee el jard\u00edn.\" width=\"580\" height=\"360\" srcset=\"https:\/\/i0.wp.com\/eltrabajo.cl\/portal\/wp-content\/uploads\/2020\/03\/Mundo-de-Alegr%C3%ADa-2.jpg?w=580&amp;ssl=1 580w, https:\/\/i0.wp.com\/eltrabajo.cl\/portal\/wp-content\/uploads\/2020\/03\/Mundo-de-Alegr%C3%ADa-2.jpg?resize=300%2C186&amp;ssl=1 300w, https:\/\/i0.wp.com\/eltrabajo.cl\/portal\/wp-content\/uploads\/2020\/03\/Mundo-de-Alegr%C3%ADa-2.jpg?resize=200%2C124&amp;ssl=1 200w, https:\/\/i0.wp.com\/eltrabajo.cl\/portal\/wp-content\/uploads\/2020\/03\/Mundo-de-Alegr%C3%ADa-2.jpg?resize=242%2C150&amp;ssl=1 242w, https:\/\/i0.wp.com\/eltrabajo.cl\/portal\/wp-content\/uploads\/2020\/03\/Mundo-de-Alegr%C3%ADa-2.jpg?resize=400%2C248&amp;ssl=1 400w\" sizes=\"auto, (max-width: 580px) 100vw, 580px\" \/><figcaption id=\"caption-attachment-97421\" class=\"wp-caption-text\">Maravillados quedaron los peque\u00f1os cosechando lo que sembraron los \u00faltimos meses del a\u00f1o 2019 en el huerto que posee el jard\u00edn.<\/figcaption><\/figure>\n<p>&nbsp;<\/p>\n<figure id=\"attachment_97420\" aria-describedby=\"caption-attachment-97420\" style=\"width: 579px\" class=\"wp-caption alignnone\"><img data-recalc-dims=\"1\" loading=\"lazy\" decoding=\"async\" class=\"size-full wp-image-97420\" src=\"https:\/\/i0.wp.com\/www.eltrabajo.cl\/portal\/wp-content\/uploads\/2020\/03\/Mundo-de-Alegr%C3%ADa-1.jpg?resize=579%2C563\" alt=\"Los menores sacaron desde la tierra las papas, tomates, zapallos italianos y otros vegetales que sembraron con sus propias manos y que cuidaron y regaron por largos meses.\" width=\"579\" height=\"563\" srcset=\"https:\/\/i0.wp.com\/eltrabajo.cl\/portal\/wp-content\/uploads\/2020\/03\/Mundo-de-Alegr%C3%ADa-1.jpg?w=579&amp;ssl=1 579w, https:\/\/i0.wp.com\/eltrabajo.cl\/portal\/wp-content\/uploads\/2020\/03\/Mundo-de-Alegr%C3%ADa-1.jpg?resize=300%2C292&amp;ssl=1 300w, https:\/\/i0.wp.com\/eltrabajo.cl\/portal\/wp-content\/uploads\/2020\/03\/Mundo-de-Alegr%C3%ADa-1.jpg?resize=154%2C150&amp;ssl=1 154w, https:\/\/i0.wp.com\/eltrabajo.cl\/portal\/wp-content\/uploads\/2020\/03\/Mundo-de-Alegr%C3%ADa-1.jpg?resize=400%2C389&amp;ssl=1 400w\" sizes=\"auto, (max-width: 579px) 100vw, 579px\" \/><figcaption id=\"caption-attachment-97420\" class=\"wp-caption-text\">Los menores sacaron desde la tierra las papas, tomates, zapallos italianos y otros vegetales que sembraron con sus propias manos y que cuidaron y regaron por largos meses.<\/figcaption><\/figure>\n","protected":false},"excerpt":{"rendered":"<p>Para dar el vamos al a\u00f1o parvulario 2020 los ni\u00f1os, ni\u00f1as y sus familias cosecharon diversas verduras y frutas que sembraron en el huerto del jard\u00edn infantil a fines del a\u00f1o reci\u00e9n&#8230;<\/p>\n","protected":false},"author":482,"featured_media":97421,"comment_status":"open","ping_status":"open","sticky":false,"template":"","format":"standard","meta":{"advanced_seo_description":"","jetpack_seo_html_title":"","jetpack_seo_noindex":false,"_jetpack_memberships_contains_paid_content":false,"footnotes":""},"categories":[15],"tags":[],"class_list":["post-97419","post","type-post","status-publish","format-standard","has-post-thumbnail","hentry","category-comunidad"],"jetpack_featured_media_url":"https:\/\/i0.wp.com\/eltrabajo.cl\/portal\/wp-content\/uploads\/2020\/03\/Mundo-de-Alegr%C3%ADa-2.jpg?fit=580%2C360&ssl=1","jetpack_sharing_enabled":true,"jetpack_likes_enabled":true,"jetpack-related-posts":[],"_links":{"self":[{"href":"https:\/\/eltrabajo.cl\/portal\/wp-json\/wp\/v2\/posts\/97419","targetHints":{"allow":["GET"]}}],"collection":[{"href":"https:\/\/eltrabajo.cl\/portal\/wp-json\/wp\/v2\/posts"}],"about":[{"href":"https:\/\/eltrabajo.cl\/portal\/wp-json\/wp\/v2\/types\/post"}],"author":[{"embeddable":true,"href":"https:\/\/eltrabajo.cl\/portal\/wp-json\/wp\/v2\/users\/482"}],"replies":[{"embeddable":true,"href":"https:\/\/eltrabajo.cl\/portal\/wp-json\/wp\/v2\/comments?post=97419"}],"version-history":[{"count":0,"href":"https:\/\/eltrabajo.cl\/portal\/wp-json\/wp\/v2\/posts\/97419\/revisions"}],"wp:featuredmedia":[{"embeddable":true,"href":"https:\/\/eltrabajo.cl\/portal\/wp-json\/wp\/v2\/media\/97421"}],"wp:attachment":[{"href":"https:\/\/eltrabajo.cl\/portal\/wp-json\/wp\/v2\/media?parent=97419"}],"wp:term":[{"taxonomy":"category","embeddable":true,"href":"https:\/\/eltrabajo.cl\/portal\/wp-json\/wp\/v2\/categories?post=97419"},{"taxonomy":"post_tag","embeddable":true,"href":"https:\/\/eltrabajo.cl\/portal\/wp-json\/wp\/v2\/tags?post=97419"}],"curies":[{"name":"wp","href":"https:\/\/api.w.org\/{rel}","templated":true}]}}