{"id":97426,"date":"2020-03-13T05:03:49","date_gmt":"2020-03-13T08:03:49","guid":{"rendered":"http:\/\/www.eltrabajo.cl\/portal\/?p=97426"},"modified":"2020-03-12T21:03:43","modified_gmt":"2020-03-13T00:03:43","slug":"trajo-tanta-alegria-a-nuestras-vidas-que-hasta-con-cueca-la-despedimos-en-casa","status":"publish","type":"post","link":"https:\/\/eltrabajo.cl\/portal\/trajo-tanta-alegria-a-nuestras-vidas-que-hasta-con-cueca-la-despedimos-en-casa\/","title":{"rendered":"\u00abTrajo tanta alegr\u00eda a nuestras vidas que hasta con cueca la despedimos en casa\u00bb"},"content":{"rendered":"<p><span style=\"color: #ff0000;\"><strong>Jos\u00e9 Freire Canto, hermano de Leticia:<\/strong><\/span><\/p>\n<ul>\n<li><strong>Ayer en horas de la tarde fue despedida a su \u00daltima morada la contadora sanfelipe\u00f1a Leticia Freire Canto. Sus familiares la describieron como muy entregada a las obras misioneras de la Iglesia Cat\u00f3lica, mujer alejada de las discusiones y siempre irradiando alegr\u00eda entre los suyos y cercanos.<\/strong><\/li>\n<\/ul>\n<p>Rodeada de todo el amor que su familia supo corresponderle en la m\u00e1s dolorosa despedida, as\u00ed se vivi\u00f3 el amargo momento de las exequias oficiadas a la contadora sanfelipe\u00f1a <strong>Leticia<\/strong> <strong>Josefina Freire Canto<\/strong>, a quien tan s\u00f3lo hace 28 d\u00edas los m\u00e9dicos le detectaron el fulminante c\u00e1ncer que le quit\u00f3 finalmente la vida. Ella era hermana del alcalde de San Felipe Patricio Freire, quien en su profunda tristeza no tuvo m\u00e1s refugio que los abrazos de sus hermanos, hijos, amigos y personas de todos los niveles sociales que llegaron a consolar su dolor.<\/p>\n<p>A la Misa realizada a las 17:00 horas en la Iglesia Catedral, llegaron tambi\u00e9n los concejales Mario Villanueva y Dante Rodr\u00edguez, as\u00ed como el diputado Luis Pardo, quienes al lado de l\u00edderes comunitarios de la ciudad rindieron al final un respetuoso aplauso a Leticia.<\/p>\n<p>&nbsp;<\/p>\n<p><span style=\"color: #ff0000;\"><strong>LE BAILAN CUECA<\/strong><\/span><\/p>\n<p><strong><em>Jos\u00e9 Freire Canto<\/em><\/strong>, hermano de la fallecida, recalc\u00f3 p\u00fablicamente el significado del nombre de su hermana, \u00ab<em>Leticia es un nombre de origen latino que significa \u2018alegr\u00eda\u2019 o \u2018felicidad\u2019. En la persona significa \u2018la que trae alegr\u00eda\u2019. A mi hermana nunca la vimos deprimida o triste. Siempre fue muy cercana a la Iglesia, fue misionera en una peque\u00f1a isla de nuestro pa\u00eds, supo relacionarse muy bien con los sacerdotes y hasta estuvo un tiempo en Estados Unidos con misioneros cat\u00f3licos, visit\u00f3 Polonia tambi\u00e9n y hasta llegamos a creer en un momento que se pondr\u00eda los H\u00e1bitos de religiosa, finalmente ella decidi\u00f3 hacer su obra desde afuera. Tambi\u00e9n debo recordar c\u00f3mo le encantaba viajar, dentro o fuera de Chile a ella le encantaban los viajes <\/em>(\u2026) <em>cuando los m\u00e9dicos nos informaron hace 27 d\u00edas lo de su enfermedad, a todos nos impact\u00f3, ella sin embargo siempre recibi\u00f3 los resultados de sus ex\u00e1menes directamente en sus manos, nunca la vimos triste, m\u00e1s bien ella nos consol\u00f3 a todos, nos dijo \u2018yo estoy lista para irme\u2019, hace apenas tres d\u00edas cuando ya estaba muy d\u00e9bil, nosotros le bail\u00e1bamos cueca y ella nos hac\u00eda las palmas, alegre, una persona a la que no le gustaba discutir, con una gran capacidad para escuchar a las otras personas y de ponerse en su lugar<\/em>\u00bb, coment\u00f3 su hermano Jos\u00e9.<\/p>\n<p>Leticia fue contadora, no tuvo hijos pero sus muchos sobrinos y sobrino-nietos eran su adoraci\u00f3n. La profesional se traslad\u00f3 hace pocas semanas a casa de su familia en San Felipe, lo que le permiti\u00f3 despedirse rodeada de todo el amor y atenciones que sus seres queridos le dieron hasta el final de su vida.<\/p>\n<p><strong>Roberto Gonz\u00e1lez Short<\/strong><\/p>\n<p>&nbsp;<\/p>\n<figure id=\"attachment_97429\" aria-describedby=\"caption-attachment-97429\" style=\"width: 580px\" class=\"wp-caption alignnone\"><img data-recalc-dims=\"1\" loading=\"lazy\" decoding=\"async\" class=\"size-full wp-image-97429\" src=\"https:\/\/i0.wp.com\/www.eltrabajo.cl\/portal\/wp-content\/uploads\/2020\/03\/Despedida1.jpg?resize=580%2C359\" alt=\"FULMINANTE ENFERMEDAD.- Un golpe inesperado fue el que recibi\u00f3 en menos de un mes la Familia Freire Canto. Ayer sus hermanos despidieron a su amada Leticia Freire Canto en la Iglesia Catedral.\" width=\"580\" height=\"359\" srcset=\"https:\/\/i0.wp.com\/eltrabajo.cl\/portal\/wp-content\/uploads\/2020\/03\/Despedida1.jpg?w=580&amp;ssl=1 580w, https:\/\/i0.wp.com\/eltrabajo.cl\/portal\/wp-content\/uploads\/2020\/03\/Despedida1.jpg?resize=300%2C186&amp;ssl=1 300w, https:\/\/i0.wp.com\/eltrabajo.cl\/portal\/wp-content\/uploads\/2020\/03\/Despedida1.jpg?resize=200%2C124&amp;ssl=1 200w, https:\/\/i0.wp.com\/eltrabajo.cl\/portal\/wp-content\/uploads\/2020\/03\/Despedida1.jpg?resize=242%2C150&amp;ssl=1 242w, https:\/\/i0.wp.com\/eltrabajo.cl\/portal\/wp-content\/uploads\/2020\/03\/Despedida1.jpg?resize=400%2C248&amp;ssl=1 400w\" sizes=\"auto, (max-width: 580px) 100vw, 580px\" \/><figcaption id=\"caption-attachment-97429\" class=\"wp-caption-text\">FULMINANTE ENFERMEDAD.- Un golpe inesperado fue el que recibi\u00f3 en menos de un mes la Familia Freire Canto. Ayer sus hermanos despidieron a su amada Leticia Freire Canto en la Iglesia Catedral.<\/figcaption><\/figure>\n<p>&nbsp;<\/p>\n<figure id=\"attachment_97431\" aria-describedby=\"caption-attachment-97431\" style=\"width: 580px\" class=\"wp-caption alignnone\"><img data-recalc-dims=\"1\" loading=\"lazy\" decoding=\"async\" class=\"size-full wp-image-97431\" src=\"https:\/\/i0.wp.com\/www.eltrabajo.cl\/portal\/wp-content\/uploads\/2020\/03\/Despedida3.jpg?resize=580%2C360\" alt=\"CATEDRAL LLENA.- La Iglesia Catedral estuvo totalmente llena, cercanos a la familia tambi\u00e9n debieron esperar para acercarse a despedir a Leticia.\" width=\"580\" height=\"360\" srcset=\"https:\/\/i0.wp.com\/eltrabajo.cl\/portal\/wp-content\/uploads\/2020\/03\/Despedida3.jpg?w=580&amp;ssl=1 580w, https:\/\/i0.wp.com\/eltrabajo.cl\/portal\/wp-content\/uploads\/2020\/03\/Despedida3.jpg?resize=300%2C186&amp;ssl=1 300w, https:\/\/i0.wp.com\/eltrabajo.cl\/portal\/wp-content\/uploads\/2020\/03\/Despedida3.jpg?resize=200%2C124&amp;ssl=1 200w, https:\/\/i0.wp.com\/eltrabajo.cl\/portal\/wp-content\/uploads\/2020\/03\/Despedida3.jpg?resize=242%2C150&amp;ssl=1 242w, https:\/\/i0.wp.com\/eltrabajo.cl\/portal\/wp-content\/uploads\/2020\/03\/Despedida3.jpg?resize=400%2C248&amp;ssl=1 400w\" sizes=\"auto, (max-width: 580px) 100vw, 580px\" \/><figcaption id=\"caption-attachment-97431\" class=\"wp-caption-text\">CATEDRAL LLENA.- La Iglesia Catedral estuvo totalmente llena, cercanos a la familia tambi\u00e9n debieron esperar para acercarse a despedir a Leticia.<\/figcaption><\/figure>\n<p>&nbsp;<\/p>\n<figure id=\"attachment_97430\" aria-describedby=\"caption-attachment-97430\" style=\"width: 580px\" class=\"wp-caption alignnone\"><img data-recalc-dims=\"1\" loading=\"lazy\" decoding=\"async\" class=\"size-full wp-image-97430\" src=\"https:\/\/i0.wp.com\/www.eltrabajo.cl\/portal\/wp-content\/uploads\/2020\/03\/Despedida2.jpg?resize=580%2C359\" alt=\"FAMILIA UNIDA.- Familiares y amigos \u00edntimos de Leticia y el alcalde Patricio Freire estuvieron muy de cerca confortando a los hermanos, sobrinos y primos de la contadora.\" width=\"580\" height=\"359\" srcset=\"https:\/\/i0.wp.com\/eltrabajo.cl\/portal\/wp-content\/uploads\/2020\/03\/Despedida2.jpg?w=580&amp;ssl=1 580w, https:\/\/i0.wp.com\/eltrabajo.cl\/portal\/wp-content\/uploads\/2020\/03\/Despedida2.jpg?resize=300%2C186&amp;ssl=1 300w, https:\/\/i0.wp.com\/eltrabajo.cl\/portal\/wp-content\/uploads\/2020\/03\/Despedida2.jpg?resize=200%2C124&amp;ssl=1 200w, https:\/\/i0.wp.com\/eltrabajo.cl\/portal\/wp-content\/uploads\/2020\/03\/Despedida2.jpg?resize=242%2C150&amp;ssl=1 242w, https:\/\/i0.wp.com\/eltrabajo.cl\/portal\/wp-content\/uploads\/2020\/03\/Despedida2.jpg?resize=400%2C248&amp;ssl=1 400w\" sizes=\"auto, (max-width: 580px) 100vw, 580px\" \/><figcaption id=\"caption-attachment-97430\" class=\"wp-caption-text\">FAMILIA UNIDA.- Familiares y amigos \u00edntimos de Leticia y el alcalde Patricio Freire estuvieron muy de cerca confortando a los hermanos, sobrinos y primos de la contadora.<\/figcaption><\/figure>\n<p>&nbsp;<\/p>\n<figure id=\"attachment_97428\" aria-describedby=\"caption-attachment-97428\" style=\"width: 580px\" class=\"wp-caption alignnone\"><img data-recalc-dims=\"1\" loading=\"lazy\" decoding=\"async\" class=\"size-full wp-image-97428\" src=\"https:\/\/i0.wp.com\/www.eltrabajo.cl\/portal\/wp-content\/uploads\/2020\/03\/Despedida_Leticia-Freire-Canto.jpg?resize=580%2C783\" alt=\"Leticia Freire Canto fue sepultada ayer en horas de la tarde en el Cementerio Municipal de San Felipe.\" width=\"580\" height=\"783\" srcset=\"https:\/\/i0.wp.com\/eltrabajo.cl\/portal\/wp-content\/uploads\/2020\/03\/Despedida_Leticia-Freire-Canto.jpg?w=580&amp;ssl=1 580w, https:\/\/i0.wp.com\/eltrabajo.cl\/portal\/wp-content\/uploads\/2020\/03\/Despedida_Leticia-Freire-Canto.jpg?resize=222%2C300&amp;ssl=1 222w, https:\/\/i0.wp.com\/eltrabajo.cl\/portal\/wp-content\/uploads\/2020\/03\/Despedida_Leticia-Freire-Canto.jpg?resize=111%2C150&amp;ssl=1 111w, https:\/\/i0.wp.com\/eltrabajo.cl\/portal\/wp-content\/uploads\/2020\/03\/Despedida_Leticia-Freire-Canto.jpg?resize=400%2C540&amp;ssl=1 400w\" sizes=\"auto, (max-width: 580px) 100vw, 580px\" \/><figcaption id=\"caption-attachment-97428\" class=\"wp-caption-text\">Leticia Freire Canto fue sepultada ayer en horas de la tarde en el Cementerio Municipal de San Felipe.<\/figcaption><\/figure>\n<p>&nbsp;<\/p>\n<figure id=\"attachment_97427\" aria-describedby=\"caption-attachment-97427\" style=\"width: 580px\" class=\"wp-caption alignnone\"><img data-recalc-dims=\"1\" loading=\"lazy\" decoding=\"async\" class=\"size-full wp-image-97427\" src=\"https:\/\/i0.wp.com\/www.eltrabajo.cl\/portal\/wp-content\/uploads\/2020\/03\/Despedida_Jose-Freire.jpg?resize=580%2C358\" alt=\"HERMANO IMPACTADO.- Jos\u00e9 Freire Canto, hermano de Leticia, quien la despidi\u00f3 con emotivas palabras.\" width=\"580\" height=\"358\" srcset=\"https:\/\/i0.wp.com\/eltrabajo.cl\/portal\/wp-content\/uploads\/2020\/03\/Despedida_Jose-Freire.jpg?w=580&amp;ssl=1 580w, https:\/\/i0.wp.com\/eltrabajo.cl\/portal\/wp-content\/uploads\/2020\/03\/Despedida_Jose-Freire.jpg?resize=300%2C185&amp;ssl=1 300w, https:\/\/i0.wp.com\/eltrabajo.cl\/portal\/wp-content\/uploads\/2020\/03\/Despedida_Jose-Freire.jpg?resize=200%2C123&amp;ssl=1 200w, https:\/\/i0.wp.com\/eltrabajo.cl\/portal\/wp-content\/uploads\/2020\/03\/Despedida_Jose-Freire.jpg?resize=243%2C150&amp;ssl=1 243w, https:\/\/i0.wp.com\/eltrabajo.cl\/portal\/wp-content\/uploads\/2020\/03\/Despedida_Jose-Freire.jpg?resize=400%2C247&amp;ssl=1 400w\" sizes=\"auto, (max-width: 580px) 100vw, 580px\" \/><figcaption id=\"caption-attachment-97427\" class=\"wp-caption-text\">HERMANO IMPACTADO.- Jos\u00e9 Freire Canto, hermano de Leticia, quien la despidi\u00f3 con emotivas palabras.<\/figcaption><\/figure>\n","protected":false},"excerpt":{"rendered":"<p>Jos\u00e9 Freire Canto, hermano de Leticia: Ayer en horas de la tarde fue despedida a su \u00daltima morada la contadora sanfelipe\u00f1a Leticia Freire Canto. Sus familiares la describieron como muy entregada a&#8230;<\/p>\n","protected":false},"author":482,"featured_media":97429,"comment_status":"open","ping_status":"open","sticky":false,"template":"","format":"standard","meta":{"advanced_seo_description":"","jetpack_seo_html_title":"","jetpack_seo_noindex":false,"_jetpack_memberships_contains_paid_content":false,"footnotes":""},"categories":[15],"tags":[],"class_list":["post-97426","post","type-post","status-publish","format-standard","has-post-thumbnail","hentry","category-comunidad"],"jetpack_featured_media_url":"https:\/\/i0.wp.com\/eltrabajo.cl\/portal\/wp-content\/uploads\/2020\/03\/Despedida1.jpg?fit=580%2C359&ssl=1","jetpack_sharing_enabled":true,"jetpack_likes_enabled":true,"jetpack-related-posts":[],"_links":{"self":[{"href":"https:\/\/eltrabajo.cl\/portal\/wp-json\/wp\/v2\/posts\/97426","targetHints":{"allow":["GET"]}}],"collection":[{"href":"https:\/\/eltrabajo.cl\/portal\/wp-json\/wp\/v2\/posts"}],"about":[{"href":"https:\/\/eltrabajo.cl\/portal\/wp-json\/wp\/v2\/types\/post"}],"author":[{"embeddable":true,"href":"https:\/\/eltrabajo.cl\/portal\/wp-json\/wp\/v2\/users\/482"}],"replies":[{"embeddable":true,"href":"https:\/\/eltrabajo.cl\/portal\/wp-json\/wp\/v2\/comments?post=97426"}],"version-history":[{"count":0,"href":"https:\/\/eltrabajo.cl\/portal\/wp-json\/wp\/v2\/posts\/97426\/revisions"}],"wp:featuredmedia":[{"embeddable":true,"href":"https:\/\/eltrabajo.cl\/portal\/wp-json\/wp\/v2\/media\/97429"}],"wp:attachment":[{"href":"https:\/\/eltrabajo.cl\/portal\/wp-json\/wp\/v2\/media?parent=97426"}],"wp:term":[{"taxonomy":"category","embeddable":true,"href":"https:\/\/eltrabajo.cl\/portal\/wp-json\/wp\/v2\/categories?post=97426"},{"taxonomy":"post_tag","embeddable":true,"href":"https:\/\/eltrabajo.cl\/portal\/wp-json\/wp\/v2\/tags?post=97426"}],"curies":[{"name":"wp","href":"https:\/\/api.w.org\/{rel}","templated":true}]}}