{"id":97433,"date":"2020-03-13T05:04:48","date_gmt":"2020-03-13T08:04:48","guid":{"rendered":"http:\/\/www.eltrabajo.cl\/portal\/?p=97433"},"modified":"2020-03-12T21:05:49","modified_gmt":"2020-03-13T00:05:49","slug":"vecinos-desesperados-buscan-continuar-con-las-obras-de-alcantarillado","status":"publish","type":"post","link":"https:\/\/eltrabajo.cl\/portal\/vecinos-desesperados-buscan-continuar-con-las-obras-de-alcantarillado\/","title":{"rendered":"Vecinos desesperados buscan continuar con las obras de alcantarillado"},"content":{"rendered":"<ul>\n<li><strong>Pobladores se reunieron con el Core Stevenson para buscar recursos y seguir adelante con los trabajos que actualmente se encuentran paralizados en el sector El Array\u00e1n de Catemu.<\/strong><\/li>\n<\/ul>\n<p>Atendiendo a una invitaci\u00f3n, el d\u00eda viernes en la tarde el consejero regional Rolando Stevenson Velasco se reuni\u00f3 con vecinos del pasaje El Roble en el sector El Array\u00e1n, en la comuna de Catemu, con la finalidad de conocer la preocupaci\u00f3n que tienen los habitantes del sector por la demora en el t\u00e9rmino de las obras de alcantarillado.<\/p>\n<p>Se trata de una situaci\u00f3n bastante compleja que los tiene desesperados porque deben soportar los malos olores, especialmente los d\u00edas de mayor temperatura. Adem\u00e1s se quejan porque esta obra lleva a\u00f1os y todav\u00eda no pueden disfrutarla como corresponde.<\/p>\n<p>La presidenta del comit\u00e9 de pavimentaci\u00f3n del pasaje El Roble, <strong>Carolina Cruz<\/strong>, dijo que con la visita del Core Stevenson <em>\u00ablas cosas quedaron m\u00e1s claras porque los vecinos ten\u00edan muchas inquietudes acerca de este proyecto de alcantarillado, y nos dej\u00f3 claro qu\u00e9 es lo que se viene por delante y el tiempo que tenemos que esperar\u00bb,<\/em> indic\u00f3.<\/p>\n<p>&#8211; <strong>\u00bfCu\u00e1l es esa claridad que les dej\u00f3 el Core Rolando Stevenson?<\/strong><\/p>\n<p>&#8211; Bueno, nos dio claridad de que tenemos que esperar m\u00e1ximo dos a\u00f1os m\u00e1s para poder contar con el alcantarillado.<\/p>\n<p>&#8211; <strong>\u00bfCu\u00e1l es la problem\u00e1tica que enfrentan hoy en d\u00eda con el no t\u00e9rmino de las obras?<\/strong><\/p>\n<p>&#8211; La problem\u00e1tica real que vivimos ac\u00e1 es que todos los vecinos tenemos fosas y es un problema que se vive d\u00eda a d\u00eda ac\u00e1 en El Array\u00e1n, porque las fosas no nos dan abasto. Yo personalmente de este pasaje que son cincuenta casas y en verdad es denigrante la forma en que viven algunos vecinos, ese es el problema que tenemos, queremos alcantarillado, necesitamos alcantarillado por el tema de las aguas que est\u00e1n por subir\u2026 Bueno, est\u00e1n en los patios, en el invierno no se puede estar en los patios porque a todos los vecinos se nos suben las fosas, ac\u00e1 en este pasaje y en realidad en todo\u00a0 El Array\u00e1n, hay familias de escasos recursos que no cuentan con las platas mensualmente para limpiar las fosas, no es accesible para todos.<\/p>\n<p>&#8211; <strong>\u00bfCu\u00e1nto le sale la limpieza de una fosa?<\/strong><\/p>\n<p>&#8211; Cuarenta y cinco mil, cincuenta mil, depende de la empresa que llamemos.<\/p>\n<p>&#8211; <strong>\u00bfTienen alg\u00fan beneficio municipal?<\/strong><\/p>\n<p>&#8211; S\u00ed, tenemos un beneficio municipal que conseguimos gracias al concejal aqu\u00ed presente, don Richard Concha, que nos ayuda a limpiar las fosas dos veces al a\u00f1o, pero ustedes entender\u00e1n que dos veces para el sector de El Array\u00e1n es muy poco.<\/p>\n<p>&#8211; <strong>\u00bfPero en qu\u00e9 en situaci\u00f3n est\u00e1 el alcantarillado, se hizo, se est\u00e1 construyendo?<\/strong><\/p>\n<p>&#8211; Mire, nosotros nos acabamos de enterar que la obra est\u00e1 en un 80% hecha y estar\u00eda faltando un 20% que significa unos 500 millones de pesos para la primera etapa, pero ahora nos enteramos ac\u00e1 que se van a gestionar mil millones para terminar la obra entera.<\/p>\n<p>&#8211; <strong>\u00bfCu\u00e1nto tiempo lleva esta obra construy\u00e9ndose?<\/strong><\/p>\n<p>&#8211; Seis a\u00f1os en realidad, porque el proyecto son dos a\u00f1os antes, la obra empez\u00f3 el 2015 y estamos en el 2020, son seis a\u00f1os.<\/p>\n<p>&nbsp;<\/p>\n<p><span style=\"color: #ff0000;\"><strong>CONCEJAL CONCHA<\/strong><\/span><\/p>\n<p>Por su parte el concejal <strong>Richard Concha<\/strong> indic\u00f3 que se hab\u00eda integrado a trabajar con el comit\u00e9 m\u00e1s por un tema de dignidad, en este caso para la gente de El Array\u00e1n, <em>\u00absobre todo por el barrial, problemas con las fosas, en fin, hay un mont\u00f3n de problemas, no es un vivir como corresponde a cada ciudadano o como cualquier persona, Catemino y chileno. Yo creo que ahora que vino Rolando y nos aclar\u00f3 esta pel\u00edcula de las platas por donde tienen que pasar, entonces mucha gente dice seis meses,\u00a0 tres meses m\u00e1s. No, lo v\u00e1lido es cuando una persona va y aclara que esto son dos a\u00f1os, y creo que la gente qued\u00f3 clarita que ya no son seis meses, y nadie va a poder venir a decir otra cosa como sucede cuando hay campa\u00f1as pol\u00edticas; estamos claros que son dos a\u00f1os m\u00e1s, pero s\u00ed necesitamos que el alcantarillado est\u00e9 antes, mucho antes porque son siete a\u00f1os que estamos esperando este trabajo\u00bb.<\/em><\/p>\n<p>&#8211; <strong>\u00bfQu\u00e9 ha pasado entre medio concejal?<\/strong><\/p>\n<p>&#8211; Digamos que como concejal hemos estado aclarando el tema con el alcalde para\u00a0 ver cuando nos van a llegar los dineros.<\/p>\n<p>&#8211; <strong>\u00bfQu\u00e9 les ha dicho el alcalde?<\/strong><\/p>\n<p>&#8211; Que se est\u00e1n viendo los dineros del gobierno regional para poder terminar este alcantarillado, pero tambi\u00e9n nosotros hemos hecho exigencias con el tema t\u00e9cnico para que no nos pase lo que nos pas\u00f3 la primera vez.<\/p>\n<p>&#8211; <strong>Por eso le pregunto qu\u00e9 ha pasado, porque en el fondo es un cl\u00e1sico que cuando las empresas trabajan para el Estado, quiebran, \u00bfpas\u00f3 lo mismo ac\u00e1?<\/strong><\/p>\n<p>&#8211; Claro, obviamente la empresa no fue la adecuada, porque est\u00e1 a la vista, entonces hoy d\u00eda estamos viendo todo eso como concejales y en general como comunidad de ac\u00e1 del pasaje El Roble o como El Array\u00e1n completa, que venga una persona o empresa id\u00f3nea para la pega y que se cumplan los plazos, los requisitos necesarios para poder terminar con esto de una vez.<\/p>\n<p>&#8211; <strong>Como concejal en su rol de fiscalizador, \u00bfqu\u00e9 le ha dicho el alcalde Boris Luksic Nieto?<\/strong><\/p>\n<p>&#8211; Obviamente m\u00e1s menos parecidas las respuestas a las que trajo el consejero, pero este \u00faltimo fue m\u00e1s claro y preciso, las lucas van a estar, tiene que pasar por ac\u00e1, pero son dos a\u00f1os para terminar esto.<\/p>\n<p>&nbsp;<\/p>\n<p><span style=\"color: #ff0000;\"><strong>CORE STEVENSON<\/strong><\/span><\/p>\n<p>En tanto el consejero <strong>Rolando Stevenson<\/strong> manifest\u00f3 sobre esta reuni\u00f3n, que hab\u00eda sido una petici\u00f3n formulada por el Comit\u00e9 de Pavimentaci\u00f3n que <em>\u00abno puede funcionar porque no est\u00e1 hecho el alcantarillado, que es una obra que est\u00e1 esperando m\u00e1s de cinco a\u00f1os y que fue financiada y que est\u00e1 construida en un 80% ya de parte del sistema del alcantarillado. Y ya en definitiva la municipalidad est\u00e1 preparando un proyecto con el apoyo de un t\u00e9cnico especialmente financiado por el Consejo Regional para que la consultora pueda hacer la presentaci\u00f3n ante el Ministerio de Desarrollo Social y conseguir los fondos para terminar esta obra. Originalmente tuvo un costo cercano los seiscientos, setecientos millones de pesos, y lo que falta es pr\u00e1cticamente la misma cantidad y tal vez un poquitito m\u00e1s\u00bb,<\/em> se\u00f1al\u00f3.<\/p>\n<p>Aunque este a\u00f1o se puede conseguir el financiamiento, <em>\u00abpara lo cual yo har\u00e9 mi mayor esfuerzo una vez que est\u00e9 aprobado, est\u00e9 RS por el Ministerio de Desarrollo Social digamos, para obtener los fondos del Consejo Regional, pero esto en un tiempo\u2026 un tiempo para llamar a propuesta, un tiempo para cerrar la propuesta, estamos hablando pr\u00e1cticamente de fines de a\u00f1o y comienzo del pr\u00f3ximo, estamos hablando de dos a\u00f1os y esto hay que dec\u00edrselo de frent\u00f3n a los vecinos, tal como lo dije en el caso de la Villa El Sol de aqu\u00ed de Catemu, porque tambi\u00e9n les dije que eran dos y algunos pobladores por ese tiempo me pifiaron y al final se dieron cuenta que efectivamente era dos a\u00f1os y que obtuvieron los mil novecientos cuarenta millones de pesos para ese efecto, los pavimentos\u00bb.<\/em><\/p>\n<p>El alcantarillado debiera beneficiar a unas cuatrocientas personas.<\/p>\n<p>&nbsp;<\/p>\n<figure id=\"attachment_97436\" aria-describedby=\"caption-attachment-97436\" style=\"width: 580px\" class=\"wp-caption alignnone\"><img data-recalc-dims=\"1\" loading=\"lazy\" decoding=\"async\" class=\"size-full wp-image-97436\" src=\"https:\/\/i0.wp.com\/www.eltrabajo.cl\/portal\/wp-content\/uploads\/2020\/03\/Alcantarillado.jpg?resize=580%2C358\" alt=\"Vecinos presentes en la reuni\u00f3n escucharon atentamente la informaci\u00f3n proporcionada por el consejero Stevenson.\" width=\"580\" height=\"358\" srcset=\"https:\/\/i0.wp.com\/eltrabajo.cl\/portal\/wp-content\/uploads\/2020\/03\/Alcantarillado.jpg?w=580&amp;ssl=1 580w, https:\/\/i0.wp.com\/eltrabajo.cl\/portal\/wp-content\/uploads\/2020\/03\/Alcantarillado.jpg?resize=300%2C185&amp;ssl=1 300w, https:\/\/i0.wp.com\/eltrabajo.cl\/portal\/wp-content\/uploads\/2020\/03\/Alcantarillado.jpg?resize=200%2C123&amp;ssl=1 200w, https:\/\/i0.wp.com\/eltrabajo.cl\/portal\/wp-content\/uploads\/2020\/03\/Alcantarillado.jpg?resize=243%2C150&amp;ssl=1 243w, https:\/\/i0.wp.com\/eltrabajo.cl\/portal\/wp-content\/uploads\/2020\/03\/Alcantarillado.jpg?resize=400%2C247&amp;ssl=1 400w\" sizes=\"auto, (max-width: 580px) 100vw, 580px\" \/><figcaption id=\"caption-attachment-97436\" class=\"wp-caption-text\">Vecinos presentes en la reuni\u00f3n escucharon atentamente la informaci\u00f3n proporcionada por el consejero Stevenson.<\/figcaption><\/figure>\n<p>&nbsp;<\/p>\n<figure id=\"attachment_97434\" aria-describedby=\"caption-attachment-97434\" style=\"width: 580px\" class=\"wp-caption alignnone\"><img data-recalc-dims=\"1\" loading=\"lazy\" decoding=\"async\" class=\"size-full wp-image-97434\" src=\"https:\/\/i0.wp.com\/www.eltrabajo.cl\/portal\/wp-content\/uploads\/2020\/03\/Alcantarillado-2.jpg?resize=580%2C359\" alt=\"La comunidad del sector lleva ya seis a\u00f1os esperando para tener alcantarillado, lo cual los tiene justificadamente molestos.\" width=\"580\" height=\"359\" srcset=\"https:\/\/i0.wp.com\/eltrabajo.cl\/portal\/wp-content\/uploads\/2020\/03\/Alcantarillado-2.jpg?w=580&amp;ssl=1 580w, https:\/\/i0.wp.com\/eltrabajo.cl\/portal\/wp-content\/uploads\/2020\/03\/Alcantarillado-2.jpg?resize=300%2C186&amp;ssl=1 300w, https:\/\/i0.wp.com\/eltrabajo.cl\/portal\/wp-content\/uploads\/2020\/03\/Alcantarillado-2.jpg?resize=200%2C124&amp;ssl=1 200w, https:\/\/i0.wp.com\/eltrabajo.cl\/portal\/wp-content\/uploads\/2020\/03\/Alcantarillado-2.jpg?resize=242%2C150&amp;ssl=1 242w, https:\/\/i0.wp.com\/eltrabajo.cl\/portal\/wp-content\/uploads\/2020\/03\/Alcantarillado-2.jpg?resize=400%2C248&amp;ssl=1 400w\" sizes=\"auto, (max-width: 580px) 100vw, 580px\" \/><figcaption id=\"caption-attachment-97434\" class=\"wp-caption-text\">La comunidad del sector lleva ya seis a\u00f1os esperando para tener alcantarillado, lo cual los tiene justificadamente molestos.<\/figcaption><\/figure>\n<p>&nbsp;<\/p>\n<figure id=\"attachment_97435\" aria-describedby=\"caption-attachment-97435\" style=\"width: 580px\" class=\"wp-caption alignnone\"><img data-recalc-dims=\"1\" loading=\"lazy\" decoding=\"async\" class=\"size-full wp-image-97435\" src=\"https:\/\/i0.wp.com\/www.eltrabajo.cl\/portal\/wp-content\/uploads\/2020\/03\/Alcantarillado-Rolando-stevenson.jpg?resize=580%2C359\" alt=\"El Core Rolando Stevenson Velasco inform\u00f3  a los vecinos los pasos a seguir para poder retomar las obras.\" width=\"580\" height=\"359\" srcset=\"https:\/\/i0.wp.com\/eltrabajo.cl\/portal\/wp-content\/uploads\/2020\/03\/Alcantarillado-Rolando-stevenson.jpg?w=580&amp;ssl=1 580w, https:\/\/i0.wp.com\/eltrabajo.cl\/portal\/wp-content\/uploads\/2020\/03\/Alcantarillado-Rolando-stevenson.jpg?resize=300%2C186&amp;ssl=1 300w, https:\/\/i0.wp.com\/eltrabajo.cl\/portal\/wp-content\/uploads\/2020\/03\/Alcantarillado-Rolando-stevenson.jpg?resize=200%2C124&amp;ssl=1 200w, https:\/\/i0.wp.com\/eltrabajo.cl\/portal\/wp-content\/uploads\/2020\/03\/Alcantarillado-Rolando-stevenson.jpg?resize=242%2C150&amp;ssl=1 242w, https:\/\/i0.wp.com\/eltrabajo.cl\/portal\/wp-content\/uploads\/2020\/03\/Alcantarillado-Rolando-stevenson.jpg?resize=400%2C248&amp;ssl=1 400w\" sizes=\"auto, (max-width: 580px) 100vw, 580px\" \/><figcaption id=\"caption-attachment-97435\" class=\"wp-caption-text\">El Core Rolando Stevenson Velasco inform\u00f3 a los vecinos los pasos a seguir para poder retomar las obras.<\/figcaption><\/figure>\n","protected":false},"excerpt":{"rendered":"<p>Pobladores se reunieron con el Core Stevenson para buscar recursos y seguir adelante con los trabajos que actualmente se encuentran paralizados en el sector El Array\u00e1n de Catemu. Atendiendo a una invitaci\u00f3n,&#8230;<\/p>\n","protected":false},"author":482,"featured_media":97436,"comment_status":"open","ping_status":"open","sticky":false,"template":"","format":"standard","meta":{"advanced_seo_description":"","jetpack_seo_html_title":"","jetpack_seo_noindex":false,"_jetpack_memberships_contains_paid_content":false,"footnotes":""},"categories":[15],"tags":[],"class_list":["post-97433","post","type-post","status-publish","format-standard","has-post-thumbnail","hentry","category-comunidad"],"jetpack_featured_media_url":"https:\/\/i0.wp.com\/eltrabajo.cl\/portal\/wp-content\/uploads\/2020\/03\/Alcantarillado.jpg?fit=580%2C358&ssl=1","jetpack_sharing_enabled":true,"jetpack_likes_enabled":true,"jetpack-related-posts":[],"_links":{"self":[{"href":"https:\/\/eltrabajo.cl\/portal\/wp-json\/wp\/v2\/posts\/97433","targetHints":{"allow":["GET"]}}],"collection":[{"href":"https:\/\/eltrabajo.cl\/portal\/wp-json\/wp\/v2\/posts"}],"about":[{"href":"https:\/\/eltrabajo.cl\/portal\/wp-json\/wp\/v2\/types\/post"}],"author":[{"embeddable":true,"href":"https:\/\/eltrabajo.cl\/portal\/wp-json\/wp\/v2\/users\/482"}],"replies":[{"embeddable":true,"href":"https:\/\/eltrabajo.cl\/portal\/wp-json\/wp\/v2\/comments?post=97433"}],"version-history":[{"count":0,"href":"https:\/\/eltrabajo.cl\/portal\/wp-json\/wp\/v2\/posts\/97433\/revisions"}],"wp:featuredmedia":[{"embeddable":true,"href":"https:\/\/eltrabajo.cl\/portal\/wp-json\/wp\/v2\/media\/97436"}],"wp:attachment":[{"href":"https:\/\/eltrabajo.cl\/portal\/wp-json\/wp\/v2\/media?parent=97433"}],"wp:term":[{"taxonomy":"category","embeddable":true,"href":"https:\/\/eltrabajo.cl\/portal\/wp-json\/wp\/v2\/categories?post=97433"},{"taxonomy":"post_tag","embeddable":true,"href":"https:\/\/eltrabajo.cl\/portal\/wp-json\/wp\/v2\/tags?post=97433"}],"curies":[{"name":"wp","href":"https:\/\/api.w.org\/{rel}","templated":true}]}}