{"id":97438,"date":"2020-03-13T05:05:54","date_gmt":"2020-03-13T08:05:54","guid":{"rendered":"http:\/\/www.eltrabajo.cl\/portal\/?p=97438"},"modified":"2020-03-12T21:09:07","modified_gmt":"2020-03-13T00:09:07","slug":"acuerdo-economico-pone-fin-a-denuncia-de-acoso-laboral-y-sexual-contra-alcalde-de-catemu","status":"publish","type":"post","link":"https:\/\/eltrabajo.cl\/portal\/acuerdo-economico-pone-fin-a-denuncia-de-acoso-laboral-y-sexual-contra-alcalde-de-catemu\/","title":{"rendered":"Acuerdo econ\u00f3mico pone fin a denuncia de acoso laboral y sexual contra alcalde de Catemu"},"content":{"rendered":"<p><span style=\"color: #ff0000;\"><strong>Ambas partes llegan a un acuerdo econ\u00f3mico por 12,5 millones de pesos<\/strong><\/span><\/p>\n<p>Ayer en la ma\u00f1ana, en el Juzgado Labora del San Felipe, finaliz\u00f3 con un acuerdo econ\u00f3mico el juicio que manten\u00eda una funcionaria de educaci\u00f3n de la municipalidad de Catemu contra el alcalde <strong>Boris Luksic<\/strong>, por acoso laboral y sexual. El acuerdo consiste en que el alcalde, es decir la municipalidad de Catemu, indemnizar\u00e1 en 12,5 millones de pesos a la denunciante <strong>Mar\u00eda Pilar Berr\u00edos<\/strong>.<\/p>\n<p>La abogada <strong>Paula Jeria Silva<\/strong>, representante de la demandante Mar\u00eda Pilar Berr\u00edos, dijo que este fue un proceso donde se arrib\u00f3 a un acuerdo: <em>\u00abElla estuvo con muchas licencias, era importante arribar a un acuerdo que pudiera compensar todo lo que ella evidentemente ha padecido, digamos que se lleg\u00f3 a un acuerdo con la municipalidad y esto es importante para ella, puesto que las licencias m\u00e9dicas la han tenido con un padecimiento importante, por lo tanto estamos muy contentos porque para nosotros resulta un \u00e9xito\u00bb<\/em> se\u00f1al\u00f3.<\/p>\n<p>&#8211; <strong>\u00bfA qu\u00e9 acuerdo se lleg\u00f3 abogada?<\/strong><\/p>\n<p>&#8211; Se lleg\u00f3 a un acuerdo con la municipalidad\u2026 es un acuerdo evidentemente econ\u00f3mico, puesto que ella estaba mucho tiempo trabajando, ten\u00eda 16 a\u00f1os y no puede seguir trabajando, por lo tanto est\u00e1 vinculado a eso, a una indemnizaci\u00f3n por los a\u00f1os trabajados y tambi\u00e9n y vinculado al juicio.<\/p>\n<p>&#8211; <strong>\u00bfCuando se llega a este acuerdo, es porque el alcalde admite alg\u00fan tipo de culpa en el asunto?<\/strong><\/p>\n<p>&#8211; No, el acuerdo siempre en lo laboral se da cuando se arriba a una conciliaci\u00f3n, no se admiten los fundamentos de los hechos, la verdad que seguir con el juicio para ella era muy complicado, implicaba re victimizarla, exponerla\u00a0 y preferimos no seguir por esa raz\u00f3n.<\/p>\n<p>&#8211; <strong>\u00bfRecordar que ustedes estaban pidiendo una indemnizaci\u00f3n de 80 millones de pesos o no?<\/strong><\/p>\n<p>&#8211; S\u00ed, eso es lo que nosotros pedimos, pero nosotros decidimos llegar a un acuerdo.<\/p>\n<p>&#8211; <strong>\u00bfPor doce millones?<\/strong><\/p>\n<p>&#8211; Nosotros decidimos llegar a un acuerdo econ\u00f3mico.<\/p>\n<p>&#8211; <strong>\u00bfCu\u00e1nto m\u00e1s o menos es eso?<\/strong><\/p>\n<p>&#8211; C\u00f3mo le digo, eso es parte del acuerdo.<\/p>\n<p>&#8211; <strong>El dato que tengo yo es de doce millones de pesos.<\/strong><\/p>\n<p>&#8211; S\u00ed, m\u00e1s o menos esa es la cifra.<\/p>\n<p>&#8211; <strong>En palabras simples, \u00bfen qu\u00e9 consiste esto, sigue el juicio por el tema del acoso sexual?<\/strong><\/p>\n<p>&#8211; No, esto se termin\u00f3 ac\u00e1, puesto que como le digo, para Pilar seguir con esto era muy complicado para ella, implica exponerla ante un tribunal, es complicado, por lo tanto nosotros consideramos en protecci\u00f3n de ella, muchas veces los tribunales laborales se arriba a un acuerdo y en los juicios laborales siempre se intentan estos acuerdos, nosotros consideramos que era lo mejor para nuestra parte.<\/p>\n<p>&#8211; <strong>\u00bfVa a seguir trabajando su representada en la parte de educaci\u00f3n en Catemu?<\/strong><\/p>\n<p>&#8211; No, no va a seguir trabajando, no va a seguir trabajando en la parte de educaci\u00f3n.<\/p>\n<p>&nbsp;<\/p>\n<p><span style=\"color: #ff0000;\"><strong>PARTE DEMANDADA<\/strong><\/span><\/p>\n<p>Por su parte <strong>Eduardo Berr\u00edos<\/strong>, abogado del alcalde Boris Luksic, dijo a nuestro medio que <em>\u00abdespu\u00e9s de discutir una solicitud de la parte contraria, fue rechazada, al final se lleg\u00f3 a un acuerdo en esta causa, que sin reconocer ning\u00fan tipo de responsabilidad de la municipalidad ni de la efectividad de los hechos se\u00f1alados en la denuncia, se lleg\u00f3 solamente respecto a la parte laboral a un acuerdo con la parte demandante\u00bb,<\/em> indic\u00f3.<\/p>\n<p>&#8211; <strong>\u00bfSe sigue algo m\u00e1s en el ministerio p\u00fablico, porque tambi\u00e9n era acoso sexual, o no?<\/strong><\/p>\n<p>&#8211; Bueno, esa es materia de otro juicio en otra sede, no es en el laboral. Eso va a depender del ministerio p\u00fablico, que estime si hay m\u00e9ritos suficientes para seguir con este juicio, pero ac\u00e1 en sede laboral no se acredit\u00f3 por la prueba hasta el momento rendida, ning\u00fan tipo de acto de acoso laboral ni acoso sexual, menos a\u00fan un abuso sexual como se estaba denunciando.<\/p>\n<p>&#8211; <strong>\u00bfCu\u00e1les son los puntos importantes del acuerdo?<\/strong><\/p>\n<p>&#8211; Solamente econ\u00f3mico.<\/p>\n<p>&#8211; <strong>\u00bfDe cu\u00e1nto es el acuerdo?, porque se ped\u00edan 80 millones de pesos.<\/strong><\/p>\n<p>&#8211; S\u00ed, se termin\u00f3 pagando doce millones y quinientos mil pesos en cuotas.<\/p>\n<p>&#8211; <strong>\u00bfQu\u00e9 m\u00e1s se puede decir de este caso abogado?<\/strong><\/p>\n<p>&#8211; Nada m\u00e1s, desde el punto de vista laboral esto se termin\u00f3.<\/p>\n<p>&nbsp;<\/p>\n<figure id=\"attachment_97439\" aria-describedby=\"caption-attachment-97439\" style=\"width: 580px\" class=\"wp-caption alignnone\"><img data-recalc-dims=\"1\" loading=\"lazy\" decoding=\"async\" class=\"size-full wp-image-97439\" src=\"https:\/\/i0.wp.com\/www.eltrabajo.cl\/portal\/wp-content\/uploads\/2020\/03\/acoso-alcalde-luksic.jpg?resize=580%2C360\" alt=\"El alcalde Boris Luksic en las afueras del tribunal conversando con familiares y testigos.\" width=\"580\" height=\"360\" srcset=\"https:\/\/i0.wp.com\/eltrabajo.cl\/portal\/wp-content\/uploads\/2020\/03\/acoso-alcalde-luksic.jpg?w=580&amp;ssl=1 580w, https:\/\/i0.wp.com\/eltrabajo.cl\/portal\/wp-content\/uploads\/2020\/03\/acoso-alcalde-luksic.jpg?resize=300%2C186&amp;ssl=1 300w, https:\/\/i0.wp.com\/eltrabajo.cl\/portal\/wp-content\/uploads\/2020\/03\/acoso-alcalde-luksic.jpg?resize=200%2C124&amp;ssl=1 200w, https:\/\/i0.wp.com\/eltrabajo.cl\/portal\/wp-content\/uploads\/2020\/03\/acoso-alcalde-luksic.jpg?resize=242%2C150&amp;ssl=1 242w, https:\/\/i0.wp.com\/eltrabajo.cl\/portal\/wp-content\/uploads\/2020\/03\/acoso-alcalde-luksic.jpg?resize=400%2C248&amp;ssl=1 400w\" sizes=\"auto, (max-width: 580px) 100vw, 580px\" \/><figcaption id=\"caption-attachment-97439\" class=\"wp-caption-text\">El alcalde Boris Luksic en las afueras del tribunal conversando con familiares y testigos.<\/figcaption><\/figure>\n<p>&nbsp;<\/p>\n<figure id=\"attachment_97440\" aria-describedby=\"caption-attachment-97440\" style=\"width: 580px\" class=\"wp-caption alignnone\"><img data-recalc-dims=\"1\" loading=\"lazy\" decoding=\"async\" class=\"size-full wp-image-97440\" src=\"https:\/\/i0.wp.com\/www.eltrabajo.cl\/portal\/wp-content\/uploads\/2020\/03\/acoso-mujer.jpg?resize=580%2C360\" alt=\"En la imagen vemos a las mujeres que acompa\u00f1aron a la demandante, junto al concejal Jos\u00e9 Vergara, a la salida del tribunal.\" width=\"580\" height=\"360\" srcset=\"https:\/\/i0.wp.com\/eltrabajo.cl\/portal\/wp-content\/uploads\/2020\/03\/acoso-mujer.jpg?w=580&amp;ssl=1 580w, https:\/\/i0.wp.com\/eltrabajo.cl\/portal\/wp-content\/uploads\/2020\/03\/acoso-mujer.jpg?resize=300%2C186&amp;ssl=1 300w, https:\/\/i0.wp.com\/eltrabajo.cl\/portal\/wp-content\/uploads\/2020\/03\/acoso-mujer.jpg?resize=200%2C124&amp;ssl=1 200w, https:\/\/i0.wp.com\/eltrabajo.cl\/portal\/wp-content\/uploads\/2020\/03\/acoso-mujer.jpg?resize=242%2C150&amp;ssl=1 242w, https:\/\/i0.wp.com\/eltrabajo.cl\/portal\/wp-content\/uploads\/2020\/03\/acoso-mujer.jpg?resize=400%2C248&amp;ssl=1 400w\" sizes=\"auto, (max-width: 580px) 100vw, 580px\" \/><figcaption id=\"caption-attachment-97440\" class=\"wp-caption-text\">En la imagen vemos a las mujeres que acompa\u00f1aron a la demandante, junto al concejal Jos\u00e9 Vergara, a la salida del tribunal.<\/figcaption><\/figure>\n","protected":false},"excerpt":{"rendered":"<p>Ambas partes llegan a un acuerdo econ\u00f3mico por 12,5 millones de pesos Ayer en la ma\u00f1ana, en el Juzgado Labora del San Felipe, finaliz\u00f3 con un acuerdo econ\u00f3mico el juicio que manten\u00eda&#8230;<\/p>\n","protected":false},"author":482,"featured_media":97440,"comment_status":"open","ping_status":"open","sticky":false,"template":"","format":"standard","meta":{"advanced_seo_description":"","jetpack_seo_html_title":"","jetpack_seo_noindex":false,"_jetpack_memberships_contains_paid_content":false,"footnotes":""},"categories":[97],"tags":[],"class_list":["post-97438","post","type-post","status-publish","format-standard","has-post-thumbnail","hentry","category-tribunales"],"jetpack_featured_media_url":"https:\/\/i0.wp.com\/eltrabajo.cl\/portal\/wp-content\/uploads\/2020\/03\/acoso-mujer.jpg?fit=580%2C360&ssl=1","jetpack_sharing_enabled":true,"jetpack_likes_enabled":true,"jetpack-related-posts":[],"_links":{"self":[{"href":"https:\/\/eltrabajo.cl\/portal\/wp-json\/wp\/v2\/posts\/97438","targetHints":{"allow":["GET"]}}],"collection":[{"href":"https:\/\/eltrabajo.cl\/portal\/wp-json\/wp\/v2\/posts"}],"about":[{"href":"https:\/\/eltrabajo.cl\/portal\/wp-json\/wp\/v2\/types\/post"}],"author":[{"embeddable":true,"href":"https:\/\/eltrabajo.cl\/portal\/wp-json\/wp\/v2\/users\/482"}],"replies":[{"embeddable":true,"href":"https:\/\/eltrabajo.cl\/portal\/wp-json\/wp\/v2\/comments?post=97438"}],"version-history":[{"count":0,"href":"https:\/\/eltrabajo.cl\/portal\/wp-json\/wp\/v2\/posts\/97438\/revisions"}],"wp:featuredmedia":[{"embeddable":true,"href":"https:\/\/eltrabajo.cl\/portal\/wp-json\/wp\/v2\/media\/97440"}],"wp:attachment":[{"href":"https:\/\/eltrabajo.cl\/portal\/wp-json\/wp\/v2\/media?parent=97438"}],"wp:term":[{"taxonomy":"category","embeddable":true,"href":"https:\/\/eltrabajo.cl\/portal\/wp-json\/wp\/v2\/categories?post=97438"},{"taxonomy":"post_tag","embeddable":true,"href":"https:\/\/eltrabajo.cl\/portal\/wp-json\/wp\/v2\/tags?post=97438"}],"curies":[{"name":"wp","href":"https:\/\/api.w.org\/{rel}","templated":true}]}}