{"id":97454,"date":"2020-03-16T05:04:19","date_gmt":"2020-03-16T08:04:19","guid":{"rendered":"http:\/\/www.eltrabajo.cl\/portal\/?p=97454"},"modified":"2020-03-15T20:36:33","modified_gmt":"2020-03-15T23:36:33","slug":"pdi-detiene-en-san-felipe-a-sujetos-que-realizaron-robo-con-secuestro","status":"publish","type":"post","link":"https:\/\/eltrabajo.cl\/portal\/pdi-detiene-en-san-felipe-a-sujetos-que-realizaron-robo-con-secuestro\/","title":{"rendered":"PDI detiene en San Felipe a sujetos que realizaron robo con secuestro"},"content":{"rendered":"<p>Detectives pertenecientes a la Brigada Investigadora de Robos Los Andes de la Polic\u00eda de Investigaciones de Chile, aprehendieron a dos sujetos de San Felipe que participaron de un robo con secuestro el pasado 25 de febrero en la comuna de Cabildo.<\/p>\n<p>Seg\u00fan los antecedentes aportados por la PDI, en la oportunidad los imputados utilizando armas de fuego, interceptaron a tres personas, les robaron sus pertenencias y el auto que pose\u00edan, para posteriormente trasladarlos hasta un sector de Putaendo en donde los dejaron amarrados y abandonados al interior de un agujero.<\/p>\n<p>\u00ab<em>El trabajo investigativo desplegado por la Polic\u00eda civil, el que incluy\u00f3 reconocimiento fotogr\u00e1fico, recorrido que realizaron las v\u00edctimas, revisi\u00f3n de c\u00e1maras y monitoreo de redes sociales, permitieron establecer la identidad de dos de los participantes de esta banda, lo que se tradujo en la obtenci\u00f3n de dos \u00f3rdenes de detenci\u00f3n y de entrada y registro de domicilios de los sujetos<\/em>\u00bb, se\u00f1al\u00f3 el jefe de la BIRO subprefecto Germ\u00e1n L\u00f3pez.<\/p>\n<p>De esta manera los detectives se trasladaron hasta un inmueble ubicado en San Felipe, donde finalmente fueron capturados los sospechosos, quedando pendiente la aprehensi\u00f3n de otras dos personas, las que se encuentran plenamente identificadas por la PDI. Los dos sujetos que tienen 21 y 19 a\u00f1os de edad, fueron puestos a disposici\u00f3n del Tribunal de Garant\u00eda de La Ligua.<\/p>\n<p>&nbsp;<\/p>\n<figure id=\"attachment_97455\" aria-describedby=\"caption-attachment-97455\" style=\"width: 580px\" class=\"wp-caption alignnone\"><img data-recalc-dims=\"1\" loading=\"lazy\" decoding=\"async\" class=\"size-full wp-image-97455\" src=\"https:\/\/i0.wp.com\/www.eltrabajo.cl\/portal\/wp-content\/uploads\/2020\/03\/Secuestro.jpg?resize=580%2C360\" alt=\"Uno de los imputados saliendo del cuartel de la PDI en Los Andes.\" width=\"580\" height=\"360\" srcset=\"https:\/\/i0.wp.com\/eltrabajo.cl\/portal\/wp-content\/uploads\/2020\/03\/Secuestro.jpg?w=580&amp;ssl=1 580w, https:\/\/i0.wp.com\/eltrabajo.cl\/portal\/wp-content\/uploads\/2020\/03\/Secuestro.jpg?resize=300%2C186&amp;ssl=1 300w, https:\/\/i0.wp.com\/eltrabajo.cl\/portal\/wp-content\/uploads\/2020\/03\/Secuestro.jpg?resize=200%2C124&amp;ssl=1 200w, https:\/\/i0.wp.com\/eltrabajo.cl\/portal\/wp-content\/uploads\/2020\/03\/Secuestro.jpg?resize=242%2C150&amp;ssl=1 242w, https:\/\/i0.wp.com\/eltrabajo.cl\/portal\/wp-content\/uploads\/2020\/03\/Secuestro.jpg?resize=400%2C248&amp;ssl=1 400w\" sizes=\"auto, (max-width: 580px) 100vw, 580px\" \/><figcaption id=\"caption-attachment-97455\" class=\"wp-caption-text\">Uno de los imputados saliendo del cuartel de la PDI en Los Andes.<\/figcaption><\/figure>\n","protected":false},"excerpt":{"rendered":"<p>Detectives pertenecientes a la Brigada Investigadora de Robos Los Andes de la Polic\u00eda de Investigaciones de Chile, aprehendieron a dos sujetos de San Felipe que participaron de un robo con secuestro el&#8230;<\/p>\n","protected":false},"author":482,"featured_media":97455,"comment_status":"open","ping_status":"open","sticky":false,"template":"","format":"standard","meta":{"advanced_seo_description":"","jetpack_seo_html_title":"","jetpack_seo_noindex":false,"_jetpack_memberships_contains_paid_content":false,"footnotes":""},"categories":[21],"tags":[],"class_list":["post-97454","post","type-post","status-publish","format-standard","has-post-thumbnail","hentry","category-policial"],"jetpack_featured_media_url":"https:\/\/i0.wp.com\/eltrabajo.cl\/portal\/wp-content\/uploads\/2020\/03\/Secuestro.jpg?fit=580%2C360&ssl=1","jetpack_sharing_enabled":true,"jetpack_likes_enabled":true,"jetpack-related-posts":[],"_links":{"self":[{"href":"https:\/\/eltrabajo.cl\/portal\/wp-json\/wp\/v2\/posts\/97454","targetHints":{"allow":["GET"]}}],"collection":[{"href":"https:\/\/eltrabajo.cl\/portal\/wp-json\/wp\/v2\/posts"}],"about":[{"href":"https:\/\/eltrabajo.cl\/portal\/wp-json\/wp\/v2\/types\/post"}],"author":[{"embeddable":true,"href":"https:\/\/eltrabajo.cl\/portal\/wp-json\/wp\/v2\/users\/482"}],"replies":[{"embeddable":true,"href":"https:\/\/eltrabajo.cl\/portal\/wp-json\/wp\/v2\/comments?post=97454"}],"version-history":[{"count":0,"href":"https:\/\/eltrabajo.cl\/portal\/wp-json\/wp\/v2\/posts\/97454\/revisions"}],"wp:featuredmedia":[{"embeddable":true,"href":"https:\/\/eltrabajo.cl\/portal\/wp-json\/wp\/v2\/media\/97455"}],"wp:attachment":[{"href":"https:\/\/eltrabajo.cl\/portal\/wp-json\/wp\/v2\/media?parent=97454"}],"wp:term":[{"taxonomy":"category","embeddable":true,"href":"https:\/\/eltrabajo.cl\/portal\/wp-json\/wp\/v2\/categories?post=97454"},{"taxonomy":"post_tag","embeddable":true,"href":"https:\/\/eltrabajo.cl\/portal\/wp-json\/wp\/v2\/tags?post=97454"}],"curies":[{"name":"wp","href":"https:\/\/api.w.org\/{rel}","templated":true}]}}