{"id":97457,"date":"2020-03-16T05:05:16","date_gmt":"2020-03-16T08:05:16","guid":{"rendered":"http:\/\/www.eltrabajo.cl\/portal\/?p=97457"},"modified":"2020-03-15T20:39:10","modified_gmt":"2020-03-15T23:39:10","slug":"millonario-robo-de-antiguedades-afecto-al-conocido-local-la-mamma","status":"publish","type":"post","link":"https:\/\/eltrabajo.cl\/portal\/millonario-robo-de-antiguedades-afecto-al-conocido-local-la-mamma\/","title":{"rendered":"Millonario robo de antig\u00fcedades afect\u00f3 al conocido local \u2018La Mamma\u2019"},"content":{"rendered":"<p><span style=\"color: #ff0000;\"><strong>Ubicado en Calle Traslavi\u00f1a:<\/strong><\/span><\/p>\n<p>P\u00e9rdidas incalculables sufri\u00f3, producto de un robo, el conocido local \u2018La Mamma\u2019, que est\u00e1 ubicado en calle Traslavi\u00f1a, a pasos de Avenida O\u2019Higgins en San Felipe. El robo qued\u00f3 al descubierto este s\u00e1bado en la ma\u00f1ana. Se robaron antig\u00fcedades como bicicletas, m\u00e1quinas de escribir, cajas de vinos de 80 a 100 a\u00f1os, hasta una escalera de tres metros.<\/p>\n<p>El local actualmente se encuentra en juicio, por eso no est\u00e1 funcionando. Seg\u00fan <strong><em>Cecilia Rojas<\/em><\/strong> de la familia del propietario, dijo que fueron alertados en la ma\u00f1ana, lamentando el hecho porque este local, cuyo due\u00f1o es <strong><em>Juan B\u00f3rquez, <\/em><\/strong><em>quien<\/em> vive en Isla de Pascua, <em>\u00abest\u00e1 en abandono porque el se\u00f1or Jos\u00e9 Toro lo ten\u00eda arrendado, el cual no pag\u00f3 sus arriendo y este local est\u00e1 en juicio y a\u00fan no se puede recuperar. Lo tienen abandonado y entraron a robar, nos dimos cuenta a las nueve y media de la ma\u00f1ana. La cu\u00f1ada de Juan nos avis\u00f3 y en realidad la p\u00e9rdida es incalculable, porque son cosas que tienen muchos a\u00f1os, no puedo estimar un valor monetario y sentimental porque son cosas de la familia de Juan que tuvieron por muchos a\u00f1os, entonces imag\u00ednense est\u00e1 sufriendo el perjuicio de no tener su local en sus manos por un sinverg\u00fcenza que no le pag\u00f3 su arriendo, y ahora m\u00e1s encima le roban; imag\u00ednense c\u00f3mo se encuentra \u00e9l en este momento a tantos kil\u00f3metros de distancia<\/em>\u00bb, se\u00f1al\u00f3 Rojas.<\/p>\n<p>&#8211;<strong> \u00bfC\u00f3mo ingresaron?<\/strong><\/p>\n<p>&#8211; Ingresaron por una ventana, rompieron el acceso, las llaves y por ah\u00ed entraron.<\/p>\n<p>&#8211;<strong> \u00bfQu\u00e9 se robaron?<\/strong><\/p>\n<p>&#8211; Mira, robaron muchas bicicletas antiguas, m\u00e1quinas de escribir, radios antiqu\u00edsimas, loza, una colecci\u00f3n de plater\u00eda de jarrones, una colecci\u00f3n de encendedores y muchas cosas que a\u00fan ni siquiera hemos podido ver en realidad para saber el valor de lo que llevaron, cilindros de gas, imag\u00ednense se llevaron una escalera telesc\u00f3pica que mide tres metros, \u00bfc\u00f3mo nadie ve eso?.<\/p>\n<p>&#8211;<strong> \u00bfVinos de hartos a\u00f1os?<\/strong><\/p>\n<p>&#8211; Cajas de vinos, no botellas, cajas de vinos, de muchos a\u00f1os, de 80, 100 a\u00f1os de antig\u00fcedad.<\/p>\n<p>&#8211; <strong>\u00bfO sea estamos hablando sobre un mill\u00f3n de pesos?<\/strong><\/p>\n<p>&#8211; Sobre un mill\u00f3n, dos, tres, no s\u00e9, pero son cosas de mucho valor.<\/p>\n<p>&#8211;<strong> \u00bfPero millonario el robo en el fondo?<\/strong><\/p>\n<p>&#8211; S\u00ed.<\/p>\n<p>Cecilia dijo que realiz\u00f3 la denuncia respectiva en Carabineros, no hay sospechosos, <em>\u00abpero aqu\u00ed la gente nada ve, es tan poco la empat\u00eda de la gente hoy en d\u00eda que aqu\u00ed nadie ve nada, a nadie, cero empat\u00eda de la gente<\/em>\u00bb, se\u00f1al\u00f3 Cecilia.<\/p>\n<p>&#8211;<strong> \u00bfSe presume que esto fue durante la noche?<\/strong><\/p>\n<p>&#8211; S\u00ed, durante la noche.<\/p>\n<p>Rojas cuenta que no tienen acceso al local, porque como est\u00e1 con una orden judicial por el no pago de los arriendos, <em>\u00abentonces tuve que entrar con Carabineros para ver qu\u00e9 especies se hab\u00edan llevado, pero si pudieran entrar ver\u00edan las condiciones deplorables en que se encuentra el local, pr\u00e1cticamente no se puede fijar en lo que se llevaron, es a grandes rasgos porque uno sabe lo que ten\u00eda el local, es horrible, est\u00e1 en p\u00e9simas condiciones, este delincuente con t\u00edtulo que arrend\u00f3 la pizzer\u00eda la destruy\u00f3 por completo, destruy\u00f3 a\u00f1os de sacrificio de los t\u00edos de Juan, porque todas sus cosas estaban en esta casa, este local se caracterizaba por tener muebles y colecciones de cosas muy antiguas y de gran valor<\/em>\u00bb, indic\u00f3 Cecilia, quien habl\u00f3 a nombre de la familia.<\/p>\n<p>Aprovech\u00f3 de hacer un llamado a la comunidad en caso que vea este tipo de especies que son f\u00e1ciles de reconocer porque se trata de antig\u00fcedades. Se lamenta eso s\u00ed de no tener fotos, pero resalta que son llamativas. Por lo antiguas que son, como por ejemplo vinos, champagne de 80-100 a\u00f1os que cualquier persona no las tiene, <em>\u00abpero como hay poco empat\u00eda de la gente, esto va a quedar en nada, si as\u00ed es este Chile<\/em>\u00bb, manifest\u00f3 molesta, decepcionada.<\/p>\n<p>Como es costumbre en estos casos, Carabineros de la Segunda Comisar\u00eda de San Felipe acogi\u00f3 la denuncia respectiva para ser enviada a la Fiscal\u00eda Local de San Felipe.<\/p>\n<p>&nbsp;<\/p>\n<figure id=\"attachment_97460\" aria-describedby=\"caption-attachment-97460\" style=\"width: 580px\" class=\"wp-caption alignnone\"><img data-recalc-dims=\"1\" loading=\"lazy\" decoding=\"async\" class=\"size-full wp-image-97460\" src=\"https:\/\/i0.wp.com\/www.eltrabajo.cl\/portal\/wp-content\/uploads\/2020\/03\/mamma-Familiares.jpg?resize=580%2C359\" alt=\"Familiares en el frontis del local, no pod\u00edan creer lo que hab\u00eda sucedido.\" width=\"580\" height=\"359\" srcset=\"https:\/\/i0.wp.com\/eltrabajo.cl\/portal\/wp-content\/uploads\/2020\/03\/mamma-Familiares.jpg?w=580&amp;ssl=1 580w, https:\/\/i0.wp.com\/eltrabajo.cl\/portal\/wp-content\/uploads\/2020\/03\/mamma-Familiares.jpg?resize=300%2C186&amp;ssl=1 300w, https:\/\/i0.wp.com\/eltrabajo.cl\/portal\/wp-content\/uploads\/2020\/03\/mamma-Familiares.jpg?resize=200%2C124&amp;ssl=1 200w, https:\/\/i0.wp.com\/eltrabajo.cl\/portal\/wp-content\/uploads\/2020\/03\/mamma-Familiares.jpg?resize=242%2C150&amp;ssl=1 242w, https:\/\/i0.wp.com\/eltrabajo.cl\/portal\/wp-content\/uploads\/2020\/03\/mamma-Familiares.jpg?resize=400%2C248&amp;ssl=1 400w\" sizes=\"auto, (max-width: 580px) 100vw, 580px\" \/><figcaption id=\"caption-attachment-97460\" class=\"wp-caption-text\">Familiares en el frontis del local, no pod\u00edan creer lo que hab\u00eda sucedido.<\/figcaption><\/figure>\n<p>&nbsp;<\/p>\n<figure id=\"attachment_97459\" aria-describedby=\"caption-attachment-97459\" style=\"width: 580px\" class=\"wp-caption alignnone\"><img data-recalc-dims=\"1\" loading=\"lazy\" decoding=\"async\" class=\"size-full wp-image-97459\" src=\"https:\/\/i0.wp.com\/www.eltrabajo.cl\/portal\/wp-content\/uploads\/2020\/03\/mamma-Carabineros.jpg?resize=580%2C360\" alt=\"Personal de Carabineros acogiendo la denuncia en el lugar.\" width=\"580\" height=\"360\" srcset=\"https:\/\/i0.wp.com\/eltrabajo.cl\/portal\/wp-content\/uploads\/2020\/03\/mamma-Carabineros.jpg?w=580&amp;ssl=1 580w, https:\/\/i0.wp.com\/eltrabajo.cl\/portal\/wp-content\/uploads\/2020\/03\/mamma-Carabineros.jpg?resize=300%2C186&amp;ssl=1 300w, https:\/\/i0.wp.com\/eltrabajo.cl\/portal\/wp-content\/uploads\/2020\/03\/mamma-Carabineros.jpg?resize=200%2C124&amp;ssl=1 200w, https:\/\/i0.wp.com\/eltrabajo.cl\/portal\/wp-content\/uploads\/2020\/03\/mamma-Carabineros.jpg?resize=242%2C150&amp;ssl=1 242w, https:\/\/i0.wp.com\/eltrabajo.cl\/portal\/wp-content\/uploads\/2020\/03\/mamma-Carabineros.jpg?resize=400%2C248&amp;ssl=1 400w\" sizes=\"auto, (max-width: 580px) 100vw, 580px\" \/><figcaption id=\"caption-attachment-97459\" class=\"wp-caption-text\">Personal de Carabineros acogiendo la denuncia en el lugar.<\/figcaption><\/figure>\n<p>&nbsp;<\/p>\n<figure id=\"attachment_97461\" aria-describedby=\"caption-attachment-97461\" style=\"width: 580px\" class=\"wp-caption alignnone\"><img data-recalc-dims=\"1\" loading=\"lazy\" decoding=\"async\" class=\"size-full wp-image-97461\" src=\"https:\/\/i0.wp.com\/www.eltrabajo.cl\/portal\/wp-content\/uploads\/2020\/03\/mamma-Interior.jpg?resize=580%2C360\" alt=\"As\u00ed se encontr\u00f3 el interior del local \u2018La Mamma\u2019, pr\u00e1cticamente vac\u00edo.\" width=\"580\" height=\"360\" srcset=\"https:\/\/i0.wp.com\/eltrabajo.cl\/portal\/wp-content\/uploads\/2020\/03\/mamma-Interior.jpg?w=580&amp;ssl=1 580w, https:\/\/i0.wp.com\/eltrabajo.cl\/portal\/wp-content\/uploads\/2020\/03\/mamma-Interior.jpg?resize=300%2C186&amp;ssl=1 300w, https:\/\/i0.wp.com\/eltrabajo.cl\/portal\/wp-content\/uploads\/2020\/03\/mamma-Interior.jpg?resize=200%2C124&amp;ssl=1 200w, https:\/\/i0.wp.com\/eltrabajo.cl\/portal\/wp-content\/uploads\/2020\/03\/mamma-Interior.jpg?resize=242%2C150&amp;ssl=1 242w, https:\/\/i0.wp.com\/eltrabajo.cl\/portal\/wp-content\/uploads\/2020\/03\/mamma-Interior.jpg?resize=400%2C248&amp;ssl=1 400w\" sizes=\"auto, (max-width: 580px) 100vw, 580px\" \/><figcaption id=\"caption-attachment-97461\" class=\"wp-caption-text\">As\u00ed se encontr\u00f3 el interior del local \u2018La Mamma\u2019, pr\u00e1cticamente vac\u00edo.<\/figcaption><\/figure>\n<p>&nbsp;<\/p>\n<figure id=\"attachment_97458\" aria-describedby=\"caption-attachment-97458\" style=\"width: 580px\" class=\"wp-caption alignnone\"><img data-recalc-dims=\"1\" loading=\"lazy\" decoding=\"async\" class=\"size-full wp-image-97458\" src=\"https:\/\/i0.wp.com\/www.eltrabajo.cl\/portal\/wp-content\/uploads\/2020\/03\/mamma-Ventana.jpg?resize=580%2C360\" alt=\"Esta ventana abrieron el o los delincuentes para ingresar a robar al local \u2018La Mamma\u2019 de calle Traslavi\u00f1a.\" width=\"580\" height=\"360\" srcset=\"https:\/\/i0.wp.com\/eltrabajo.cl\/portal\/wp-content\/uploads\/2020\/03\/mamma-Ventana.jpg?w=580&amp;ssl=1 580w, https:\/\/i0.wp.com\/eltrabajo.cl\/portal\/wp-content\/uploads\/2020\/03\/mamma-Ventana.jpg?resize=300%2C186&amp;ssl=1 300w, https:\/\/i0.wp.com\/eltrabajo.cl\/portal\/wp-content\/uploads\/2020\/03\/mamma-Ventana.jpg?resize=200%2C124&amp;ssl=1 200w, https:\/\/i0.wp.com\/eltrabajo.cl\/portal\/wp-content\/uploads\/2020\/03\/mamma-Ventana.jpg?resize=242%2C150&amp;ssl=1 242w, https:\/\/i0.wp.com\/eltrabajo.cl\/portal\/wp-content\/uploads\/2020\/03\/mamma-Ventana.jpg?resize=400%2C248&amp;ssl=1 400w\" sizes=\"auto, (max-width: 580px) 100vw, 580px\" \/><figcaption id=\"caption-attachment-97458\" class=\"wp-caption-text\">Esta ventana abrieron el o los delincuentes para ingresar a robar al local \u2018La Mamma\u2019 de calle Traslavi\u00f1a.<\/figcaption><\/figure>\n","protected":false},"excerpt":{"rendered":"<p>Ubicado en Calle Traslavi\u00f1a: P\u00e9rdidas incalculables sufri\u00f3, producto de un robo, el conocido local \u2018La Mamma\u2019, que est\u00e1 ubicado en calle Traslavi\u00f1a, a pasos de Avenida O\u2019Higgins en San Felipe. El robo&#8230;<\/p>\n","protected":false},"author":482,"featured_media":97460,"comment_status":"open","ping_status":"open","sticky":false,"template":"","format":"standard","meta":{"advanced_seo_description":"","jetpack_seo_html_title":"","jetpack_seo_noindex":false,"_jetpack_memberships_contains_paid_content":false,"footnotes":""},"categories":[21],"tags":[],"class_list":["post-97457","post","type-post","status-publish","format-standard","has-post-thumbnail","hentry","category-policial"],"jetpack_featured_media_url":"https:\/\/i0.wp.com\/eltrabajo.cl\/portal\/wp-content\/uploads\/2020\/03\/mamma-Familiares.jpg?fit=580%2C359&ssl=1","jetpack_sharing_enabled":true,"jetpack_likes_enabled":true,"jetpack-related-posts":[],"_links":{"self":[{"href":"https:\/\/eltrabajo.cl\/portal\/wp-json\/wp\/v2\/posts\/97457","targetHints":{"allow":["GET"]}}],"collection":[{"href":"https:\/\/eltrabajo.cl\/portal\/wp-json\/wp\/v2\/posts"}],"about":[{"href":"https:\/\/eltrabajo.cl\/portal\/wp-json\/wp\/v2\/types\/post"}],"author":[{"embeddable":true,"href":"https:\/\/eltrabajo.cl\/portal\/wp-json\/wp\/v2\/users\/482"}],"replies":[{"embeddable":true,"href":"https:\/\/eltrabajo.cl\/portal\/wp-json\/wp\/v2\/comments?post=97457"}],"version-history":[{"count":0,"href":"https:\/\/eltrabajo.cl\/portal\/wp-json\/wp\/v2\/posts\/97457\/revisions"}],"wp:featuredmedia":[{"embeddable":true,"href":"https:\/\/eltrabajo.cl\/portal\/wp-json\/wp\/v2\/media\/97460"}],"wp:attachment":[{"href":"https:\/\/eltrabajo.cl\/portal\/wp-json\/wp\/v2\/media?parent=97457"}],"wp:term":[{"taxonomy":"category","embeddable":true,"href":"https:\/\/eltrabajo.cl\/portal\/wp-json\/wp\/v2\/categories?post=97457"},{"taxonomy":"post_tag","embeddable":true,"href":"https:\/\/eltrabajo.cl\/portal\/wp-json\/wp\/v2\/tags?post=97457"}],"curies":[{"name":"wp","href":"https:\/\/api.w.org\/{rel}","templated":true}]}}