{"id":97463,"date":"2020-03-16T05:07:19","date_gmt":"2020-03-16T08:07:19","guid":{"rendered":"http:\/\/www.eltrabajo.cl\/portal\/?p=97463"},"modified":"2020-03-15T20:41:47","modified_gmt":"2020-03-15T23:41:47","slug":"asaltan-violentamente-a-contratista-y-le-roban-17-millones-de-pesos","status":"publish","type":"post","link":"https:\/\/eltrabajo.cl\/portal\/asaltan-violentamente-a-contratista-y-le-roban-17-millones-de-pesos\/","title":{"rendered":"Asaltan violentamente a contratista y le roban 17 millones de pesos"},"content":{"rendered":"<p><span style=\"color: #ff0000;\"><strong>Camino Los Molles en La Troya:<\/strong><\/span><\/p>\n<ul>\n<li><strong>Dos mujeres detenidas y acusadas de asaltar, junto a otros dos sujetos, a mujer empresaria.<\/strong><\/li>\n<\/ul>\n<p>Informaci\u00f3n en poder de <strong>Diario El Trabajo<\/strong> sobre la presencia de personal de la PDI en Poblaci\u00f3n Santa Rita, nos dice relaci\u00f3n con una investigaci\u00f3n de una banda que hab\u00eda asaltado el d\u00eda viernes 6 de marzo en horas de la tarde a una contratista, para robarle 17 millones de pesos, correspondiente al pago de trabajadores.<\/p>\n<p>\u00ab<em>Fue un procedimiento de investigaci\u00f3n por una banda dedicada al robo con violencia, la cual en el sector de Los Molles en San Felipe le sustraen a una v\u00edctima, mediante la violencia y le cruzan un veh\u00edculo, 17 millones de pesos de un pago para trabajadores<\/em>\u00bb, se\u00f1al\u00f3 el jefe de la BIRO Los Andes, subprefecto <strong><em>Germ\u00e1n L\u00f3pez<\/em><\/strong>.<\/p>\n<p>&#8211;<strong> \u00bfEs una contratista?<\/strong><\/p>\n<p>&#8211; Es una contratista, hay dos mujeres detenidas y ya est\u00e1n individualizados tambi\u00e9n los otros dos autores de este il\u00edcito.<\/p>\n<p>&#8211;<strong>\u00bfSe recuper\u00f3 algo de dinero?\u00a0 <\/strong><\/p>\n<p>&#8211; No, a\u00fan es materia de investigaci\u00f3n respecto de lo que hicieron con los dineros, est\u00e1n dos ya detenidas con medidas cautelares dispuestas por el Tribunal competente.<\/p>\n<p>&#8211; <strong>\u00bfC\u00f3mo fue el robo, ella iba trasladando la plata de un lado hacia otro?<\/strong><\/p>\n<p>&#8211; Ella se dirig\u00eda desde su casa hasta el lugar donde ten\u00eda que realizar este pago y mientras se dirig\u00eda en su veh\u00edculo fue interceptada por estos sujetos; dos hombres y dos mujeres, quienes con armas de fuego logran fracturar las ventanas del piloto ingresando al habit\u00e1culo mientras intimidan a la v\u00edctima, sustray\u00e9ndole el bolso con el dinero.<\/p>\n<p>&#8211;<strong> \u00bfResult\u00f3 con lesiones la v\u00edctima?<\/strong><\/p>\n<p>&#8211; Unas magulladuras, con resultados de lesiones leves.<\/p>\n<p>Al finalizar indic\u00f3 el subprefecto Germ\u00e1n L\u00f3pez de la BIRO Los Andes, que se est\u00e1 en coordinaci\u00f3n con la fiscal\u00eda para efectuar los requerimientos respectivos para detener a los dos restantes integrantes de esta banda.<\/p>\n<p>&nbsp;<\/p>\n<figure id=\"attachment_97464\" aria-describedby=\"caption-attachment-97464\" style=\"width: 580px\" class=\"wp-caption alignnone\"><img data-recalc-dims=\"1\" loading=\"lazy\" decoding=\"async\" class=\"size-full wp-image-97464\" src=\"https:\/\/i0.wp.com\/www.eltrabajo.cl\/portal\/wp-content\/uploads\/2020\/03\/Asalto1.jpg?resize=580%2C360\" alt=\"Oficiales de la BIRO de la PDI Los Andes, inspeccionan el sector donde ocurri\u00f3 el atraco. (Foto referencial).\" width=\"580\" height=\"360\" srcset=\"https:\/\/i0.wp.com\/eltrabajo.cl\/portal\/wp-content\/uploads\/2020\/03\/Asalto1.jpg?w=580&amp;ssl=1 580w, https:\/\/i0.wp.com\/eltrabajo.cl\/portal\/wp-content\/uploads\/2020\/03\/Asalto1.jpg?resize=300%2C186&amp;ssl=1 300w, https:\/\/i0.wp.com\/eltrabajo.cl\/portal\/wp-content\/uploads\/2020\/03\/Asalto1.jpg?resize=200%2C124&amp;ssl=1 200w, https:\/\/i0.wp.com\/eltrabajo.cl\/portal\/wp-content\/uploads\/2020\/03\/Asalto1.jpg?resize=242%2C150&amp;ssl=1 242w, https:\/\/i0.wp.com\/eltrabajo.cl\/portal\/wp-content\/uploads\/2020\/03\/Asalto1.jpg?resize=400%2C248&amp;ssl=1 400w\" sizes=\"auto, (max-width: 580px) 100vw, 580px\" \/><figcaption id=\"caption-attachment-97464\" class=\"wp-caption-text\">Oficiales de la BIRO de la PDI Los Andes, inspeccionan el sector donde ocurri\u00f3 el atraco. (Foto referencial).<\/figcaption><\/figure>\n","protected":false},"excerpt":{"rendered":"<p>Camino Los Molles en La Troya: Dos mujeres detenidas y acusadas de asaltar, junto a otros dos sujetos, a mujer empresaria. Informaci\u00f3n en poder de Diario El Trabajo sobre la presencia de&#8230;<\/p>\n","protected":false},"author":482,"featured_media":97464,"comment_status":"open","ping_status":"open","sticky":false,"template":"","format":"standard","meta":{"advanced_seo_description":"","jetpack_seo_html_title":"","jetpack_seo_noindex":false,"_jetpack_memberships_contains_paid_content":false,"footnotes":""},"categories":[21],"tags":[],"class_list":["post-97463","post","type-post","status-publish","format-standard","has-post-thumbnail","hentry","category-policial"],"jetpack_featured_media_url":"https:\/\/i0.wp.com\/eltrabajo.cl\/portal\/wp-content\/uploads\/2020\/03\/Asalto1.jpg?fit=580%2C360&ssl=1","jetpack_sharing_enabled":true,"jetpack_likes_enabled":true,"jetpack-related-posts":[],"_links":{"self":[{"href":"https:\/\/eltrabajo.cl\/portal\/wp-json\/wp\/v2\/posts\/97463","targetHints":{"allow":["GET"]}}],"collection":[{"href":"https:\/\/eltrabajo.cl\/portal\/wp-json\/wp\/v2\/posts"}],"about":[{"href":"https:\/\/eltrabajo.cl\/portal\/wp-json\/wp\/v2\/types\/post"}],"author":[{"embeddable":true,"href":"https:\/\/eltrabajo.cl\/portal\/wp-json\/wp\/v2\/users\/482"}],"replies":[{"embeddable":true,"href":"https:\/\/eltrabajo.cl\/portal\/wp-json\/wp\/v2\/comments?post=97463"}],"version-history":[{"count":0,"href":"https:\/\/eltrabajo.cl\/portal\/wp-json\/wp\/v2\/posts\/97463\/revisions"}],"wp:featuredmedia":[{"embeddable":true,"href":"https:\/\/eltrabajo.cl\/portal\/wp-json\/wp\/v2\/media\/97464"}],"wp:attachment":[{"href":"https:\/\/eltrabajo.cl\/portal\/wp-json\/wp\/v2\/media?parent=97463"}],"wp:term":[{"taxonomy":"category","embeddable":true,"href":"https:\/\/eltrabajo.cl\/portal\/wp-json\/wp\/v2\/categories?post=97463"},{"taxonomy":"post_tag","embeddable":true,"href":"https:\/\/eltrabajo.cl\/portal\/wp-json\/wp\/v2\/tags?post=97463"}],"curies":[{"name":"wp","href":"https:\/\/api.w.org\/{rel}","templated":true}]}}