{"id":97466,"date":"2020-03-16T05:06:52","date_gmt":"2020-03-16T08:06:52","guid":{"rendered":"http:\/\/www.eltrabajo.cl\/portal\/?p=97466"},"modified":"2020-03-15T20:43:37","modified_gmt":"2020-03-15T23:43:37","slug":"denuncian-ante-la-fiscalia-egresos-dudosos-por-unos-60-millones-en-apr","status":"publish","type":"post","link":"https:\/\/eltrabajo.cl\/portal\/denuncian-ante-la-fiscalia-egresos-dudosos-por-unos-60-millones-en-apr\/","title":{"rendered":"Denuncian ante la Fiscal\u00eda egresos \u2018dudosos\u2019 por unos $60 millones en APR"},"content":{"rendered":"<p><span style=\"color: #ff0000;\"><strong>Directiva de juntas de vecinos \u2018Calle Larga\u2019 de Las Coimas:<\/strong><\/span><\/p>\n<p>Una denuncia ante el Ministerio P\u00fablico present\u00f3 <strong><em>Paola Herrera Gallardo<\/em><\/strong>, presidenta de la Junta de Vecinos Calle Larga de Las Coimas, comuna de Putaendo, para que se investiguen egresos por unos 60 millones de pesos del comit\u00e9 del APR del sector.<\/p>\n<p>Dice que de acuerdo al parecer de la directiva de la junta de vecinos en el APR de Las Coimas, falta por justificar de buena manera una suma estimada en 60 millones de pesos, \u00ab<em>donde existen egresos que no tienen respaldo y el \u00fanico documento que valida es un \u2018vale por\u2019. Esta informaci\u00f3n la obtuvimos por un informe que realiz\u00f3 la Comisi\u00f3n de Revisi\u00f3n de Cuentas, donde se indica que en 2017 se obtuvo esa informaci\u00f3n, y cuando solicitaron explicaciones al respecto no era claro, no era necesario que se hicieran facturas o boletas porque es una organizaci\u00f3n sin fines de lucro, lo cual no correspond\u00eda<\/em>\u00bb, se\u00f1al\u00f3.<\/p>\n<p>&#8211;<strong> \u00bfUstedes tienen dudas, por eso presentan la denuncia o finalmente no hay respaldo de todo esto o est\u00e1n dudosos los respaldos?<\/strong><\/p>\n<p>&#8211; Tenemos dudas absolutamente de todo, porque la directiva se niega a tener acceso a demostrar que existe lo contrario, se ha solicitado a trav\u00e9s de muchas oportunidades m\u00e1s informaci\u00f3n al respecto y se nos niega, en definitiva estamos actuando bajo el informe de la Comisi\u00f3n Revisora de Cuentas.<\/p>\n<p>&#8211;<strong> \u00bfEsa Comisi\u00f3n Revisora de Cuentas cu\u00e1ndo termin\u00f3 su trabajo?<\/strong><\/p>\n<p>&#8211; Esa Comisi\u00f3n Revisora de Cuentas ejerci\u00f3 el informe bas\u00e1ndose en los meses de enero, febrero, marzo y abril de 2017, la comisi\u00f3n se acerc\u00f3 a las dependencias del APR revis\u00f3 la documentaci\u00f3n respectiva de esos meses y se encontraron con esa sorpresa, que ellos no les sal\u00eda una justificaci\u00f3n v\u00e1lida donde se exime el comit\u00e9 de tener facturas con respecto a esos dineros.<\/p>\n<p>&#8211; <strong>\u00bfEs preocupante para ustedes como vecinos esta situaci\u00f3n?<\/strong><\/p>\n<p>&#8211; S\u00faper preocupante, nosotros el a\u00f1o pasado con el tema de escasez h\u00eddrica Las Coimas siempre se ha caracterizado por una falta de suministro de agua, y s\u00ed, sumamente preocupante, es un hecho que pone grave riesgo el APR.<\/p>\n<p>&#8211;<strong> \u00bfUstedes han logrado conversar con la directiva del APR, qu\u00e9 motivo le han dado, alguna justificaci\u00f3n?<\/strong><\/p>\n<p>&#8211; A ver, es sumamente engorroso, se nos hace muy dif\u00edcil llegar a tener contacto, a la Comisi\u00f3n Revisora de Cuentas le fue s\u00faper dif\u00edcil tambi\u00e9n a ellos como comisi\u00f3n, se imaginar\u00e1 como es para el resto de vecinos tambi\u00e9n caemos en lo mismo.<\/p>\n<p>&#8211; <strong>\u00bfQu\u00e9 le dijeron en la fiscal\u00eda, se acogi\u00f3 la denuncia, se van a citar personas?<\/strong><\/p>\n<p>&#8211; S\u00ed, se acogi\u00f3 la denuncia, tenemos toda la documentaci\u00f3n en nuestras manos y se van adjuntar la documentaci\u00f3n que tambi\u00e9n la tenemos respaldando, lo que se convers\u00f3 hoy d\u00eda y vamos a estar a la espera que fiscal\u00eda contin\u00fae con el tr\u00e1mite como es debido.<\/p>\n<p>&#8211;<strong> En la denuncia ustedes ponen hay vales por borrosos, certificados.<\/strong><\/p>\n<p>&#8211; S\u00ed, seg\u00fan el informe de la Comisi\u00f3n Revisora de Cuentas, cuentan con boletas borrosas donde no hay claridad de los montos y derechamente \u2018vales por\u2019 que se atribuyen a camiones aljibes, principalmente camiones aljibes y esto contando que es del a\u00f1o 2017 hasta la fecha eso es lo que nosotros al menos tenemos noci\u00f3n.<\/p>\n<p>&nbsp;<\/p>\n<figure id=\"attachment_97467\" aria-describedby=\"caption-attachment-97467\" style=\"width: 580px\" class=\"wp-caption alignnone\"><img data-recalc-dims=\"1\" loading=\"lazy\" decoding=\"async\" class=\"size-full wp-image-97467\" src=\"https:\/\/i0.wp.com\/www.eltrabajo.cl\/portal\/wp-content\/uploads\/2020\/03\/APR-Presidenta-Paola-Herrera.jpg?resize=580%2C360\" alt=\"Paola Herrera Gallardo presidenta de la junta de vecinos Calle Larga de Las Coimas.\" width=\"580\" height=\"360\" srcset=\"https:\/\/i0.wp.com\/eltrabajo.cl\/portal\/wp-content\/uploads\/2020\/03\/APR-Presidenta-Paola-Herrera.jpg?w=580&amp;ssl=1 580w, https:\/\/i0.wp.com\/eltrabajo.cl\/portal\/wp-content\/uploads\/2020\/03\/APR-Presidenta-Paola-Herrera.jpg?resize=300%2C186&amp;ssl=1 300w, https:\/\/i0.wp.com\/eltrabajo.cl\/portal\/wp-content\/uploads\/2020\/03\/APR-Presidenta-Paola-Herrera.jpg?resize=200%2C124&amp;ssl=1 200w, https:\/\/i0.wp.com\/eltrabajo.cl\/portal\/wp-content\/uploads\/2020\/03\/APR-Presidenta-Paola-Herrera.jpg?resize=242%2C150&amp;ssl=1 242w, https:\/\/i0.wp.com\/eltrabajo.cl\/portal\/wp-content\/uploads\/2020\/03\/APR-Presidenta-Paola-Herrera.jpg?resize=400%2C248&amp;ssl=1 400w\" sizes=\"auto, (max-width: 580px) 100vw, 580px\" \/><figcaption id=\"caption-attachment-97467\" class=\"wp-caption-text\">Paola Herrera Gallardo presidenta de la junta de vecinos Calle Larga de Las Coimas.<\/figcaption><\/figure>\n<p>&nbsp;<\/p>\n<figure id=\"attachment_97468\" aria-describedby=\"caption-attachment-97468\" style=\"width: 579px\" class=\"wp-caption alignnone\"><img data-recalc-dims=\"1\" loading=\"lazy\" decoding=\"async\" class=\"size-full wp-image-97468\" src=\"https:\/\/i0.wp.com\/www.eltrabajo.cl\/portal\/wp-content\/uploads\/2020\/03\/APR-Denuncia-ante-Fiscalia.jpg?resize=579%2C773\" alt=\"Copia de la denuncia estampada en fiscal\u00eda de San Felipe.\" width=\"579\" height=\"773\" srcset=\"https:\/\/i0.wp.com\/eltrabajo.cl\/portal\/wp-content\/uploads\/2020\/03\/APR-Denuncia-ante-Fiscalia.jpg?w=579&amp;ssl=1 579w, https:\/\/i0.wp.com\/eltrabajo.cl\/portal\/wp-content\/uploads\/2020\/03\/APR-Denuncia-ante-Fiscalia.jpg?resize=225%2C300&amp;ssl=1 225w, https:\/\/i0.wp.com\/eltrabajo.cl\/portal\/wp-content\/uploads\/2020\/03\/APR-Denuncia-ante-Fiscalia.jpg?resize=112%2C150&amp;ssl=1 112w, https:\/\/i0.wp.com\/eltrabajo.cl\/portal\/wp-content\/uploads\/2020\/03\/APR-Denuncia-ante-Fiscalia.jpg?resize=400%2C534&amp;ssl=1 400w\" sizes=\"auto, (max-width: 579px) 100vw, 579px\" \/><figcaption id=\"caption-attachment-97468\" class=\"wp-caption-text\">Copia de la denuncia estampada en fiscal\u00eda de San Felipe.<\/figcaption><\/figure>\n","protected":false},"excerpt":{"rendered":"<p>Directiva de juntas de vecinos \u2018Calle Larga\u2019 de Las Coimas: Una denuncia ante el Ministerio P\u00fablico present\u00f3 Paola Herrera Gallardo, presidenta de la Junta de Vecinos Calle Larga de Las Coimas, comuna&#8230;<\/p>\n","protected":false},"author":482,"featured_media":97467,"comment_status":"open","ping_status":"open","sticky":false,"template":"","format":"standard","meta":{"advanced_seo_description":"","jetpack_seo_html_title":"","jetpack_seo_noindex":false,"_jetpack_memberships_contains_paid_content":false,"footnotes":""},"categories":[97],"tags":[],"class_list":["post-97466","post","type-post","status-publish","format-standard","has-post-thumbnail","hentry","category-tribunales"],"jetpack_featured_media_url":"https:\/\/i0.wp.com\/eltrabajo.cl\/portal\/wp-content\/uploads\/2020\/03\/APR-Presidenta-Paola-Herrera.jpg?fit=580%2C360&ssl=1","jetpack_sharing_enabled":true,"jetpack_likes_enabled":true,"jetpack-related-posts":[],"_links":{"self":[{"href":"https:\/\/eltrabajo.cl\/portal\/wp-json\/wp\/v2\/posts\/97466","targetHints":{"allow":["GET"]}}],"collection":[{"href":"https:\/\/eltrabajo.cl\/portal\/wp-json\/wp\/v2\/posts"}],"about":[{"href":"https:\/\/eltrabajo.cl\/portal\/wp-json\/wp\/v2\/types\/post"}],"author":[{"embeddable":true,"href":"https:\/\/eltrabajo.cl\/portal\/wp-json\/wp\/v2\/users\/482"}],"replies":[{"embeddable":true,"href":"https:\/\/eltrabajo.cl\/portal\/wp-json\/wp\/v2\/comments?post=97466"}],"version-history":[{"count":0,"href":"https:\/\/eltrabajo.cl\/portal\/wp-json\/wp\/v2\/posts\/97466\/revisions"}],"wp:featuredmedia":[{"embeddable":true,"href":"https:\/\/eltrabajo.cl\/portal\/wp-json\/wp\/v2\/media\/97467"}],"wp:attachment":[{"href":"https:\/\/eltrabajo.cl\/portal\/wp-json\/wp\/v2\/media?parent=97466"}],"wp:term":[{"taxonomy":"category","embeddable":true,"href":"https:\/\/eltrabajo.cl\/portal\/wp-json\/wp\/v2\/categories?post=97466"},{"taxonomy":"post_tag","embeddable":true,"href":"https:\/\/eltrabajo.cl\/portal\/wp-json\/wp\/v2\/tags?post=97466"}],"curies":[{"name":"wp","href":"https:\/\/api.w.org\/{rel}","templated":true}]}}