{"id":97488,"date":"2020-03-17T05:05:36","date_gmt":"2020-03-17T08:05:36","guid":{"rendered":"http:\/\/www.eltrabajo.cl\/portal\/?p=97488"},"modified":"2020-03-16T22:17:59","modified_gmt":"2020-03-17T01:17:59","slug":"ayer-en-el-san-camilo-murio-madre-del-recordado-relator-deportivo-javier-munoz","status":"publish","type":"post","link":"https:\/\/eltrabajo.cl\/portal\/ayer-en-el-san-camilo-murio-madre-del-recordado-relator-deportivo-javier-munoz\/","title":{"rendered":"Ayer en el San Camilo muri\u00f3 madre del recordado relator deportivo Javier Mu\u00f1oz"},"content":{"rendered":"<p>A la edad de 69 a\u00f1os y producto de una enfermedad degenerativa falleci\u00f3 <strong>Nancy Delgado<\/strong>, madre de <strong>Javier Mu\u00f1oz<\/strong>, destacado relator deportivo e hijo ilustre de San Felipe. El deceso se produjo ayer pasado el medio d\u00eda en el Hospital San Camilo.<\/p>\n<p>La informaci\u00f3n fue confirmada por su hija <strong>Priscila Mu\u00f1oz<\/strong>, quien entre l\u00e1grimas nos ratific\u00f3 que su madre hab\u00eda fallecido producto de esta enfermedad.<\/p>\n<p>De todas maneras no ten\u00eda claro el lugar del velatorio, menos la fecha de los funerales porque acababa de fallecer.<\/p>\n<p>&nbsp;<\/p>\n<p><span style=\"color: #ff0000;\"><strong>Realizaron bingo para costear gastos de su enfermedad<\/strong><\/span><\/p>\n<p>Cabe recordar que en su momento,\u00a0 por all\u00e1 en el mes de junio del a\u00f1o pasado, se realiz\u00f3 un bingo. El objetivo era poder costear gastos de traslados producto que la madre de Javier, Nancy Delgado, le diagnosticaron una grave enfermedad degenerativa que la ten\u00eda muy complicada y a mal traer por todo el gasto que significaba\u00a0 una enfermedad de ese tipo en nuestro pa\u00eds.<\/p>\n<p>Nancy Delgado tom\u00f3 protagonismo cuando sucedi\u00f3 la muerte de su hijo Javier en aquel recordado accidente de tr\u00e1nsito en Panquehue, teniendo buena disposici\u00f3n con los medios de comunicaci\u00f3n, donde daba a conocer su sentir de madre. Acu\u00f1ando frases como <em>\u00abAc\u00e1 hay dos familias que est\u00e1n sufriendo\u00bb,<\/em> en directa alusi\u00f3n a la familia del conductor que colision\u00f3 con el autom\u00f3vil de su hijo.<\/p>\n<p>Reiteramos que cuando conversamos con Priscila, no ten\u00eda claro el lugar del velatorio ni la fecha del funeral. Posteriormente, en horas de la tarde, ya al cierre de la presente edici\u00f3n, volvimos a contactarla y nos se\u00f1al\u00f3 que estaban a la espera de la autorizaci\u00f3n del doctor para retirar el cuerpo del hospital, por lo cual a\u00fan no ten\u00edan claridad sobre cu\u00e1ndo y d\u00f3nde se realizar\u00e1n los ritos f\u00fanebres.<\/p>\n<p>&nbsp;<\/p>\n<figure id=\"attachment_97489\" aria-describedby=\"caption-attachment-97489\" style=\"width: 579px\" class=\"wp-caption alignnone\"><img data-recalc-dims=\"1\" loading=\"lazy\" decoding=\"async\" class=\"size-full wp-image-97489\" src=\"https:\/\/i0.wp.com\/www.eltrabajo.cl\/portal\/wp-content\/uploads\/2020\/03\/NANCY-DELGADO-copia.jpg?resize=579%2C554\" alt=\"Nancy Delgado sosteniendo una foto de su hijo a la salida del Tribunal de San Felipe, luego del juicio contra el conductor del veh\u00edculo que impact\u00f3 con el de Javier.\" width=\"579\" height=\"554\" srcset=\"https:\/\/i0.wp.com\/eltrabajo.cl\/portal\/wp-content\/uploads\/2020\/03\/NANCY-DELGADO-copia.jpg?w=579&amp;ssl=1 579w, https:\/\/i0.wp.com\/eltrabajo.cl\/portal\/wp-content\/uploads\/2020\/03\/NANCY-DELGADO-copia.jpg?resize=300%2C287&amp;ssl=1 300w, https:\/\/i0.wp.com\/eltrabajo.cl\/portal\/wp-content\/uploads\/2020\/03\/NANCY-DELGADO-copia.jpg?resize=157%2C150&amp;ssl=1 157w, https:\/\/i0.wp.com\/eltrabajo.cl\/portal\/wp-content\/uploads\/2020\/03\/NANCY-DELGADO-copia.jpg?resize=400%2C383&amp;ssl=1 400w\" sizes=\"auto, (max-width: 579px) 100vw, 579px\" \/><figcaption id=\"caption-attachment-97489\" class=\"wp-caption-text\">Nancy Delgado sosteniendo una foto de su hijo a la salida del Tribunal de San Felipe, luego del juicio contra el conductor del veh\u00edculo que impact\u00f3 con el de Javier.<\/figcaption><\/figure>\n","protected":false},"excerpt":{"rendered":"<p>A la edad de 69 a\u00f1os y producto de una enfermedad degenerativa falleci\u00f3 Nancy Delgado, madre de Javier Mu\u00f1oz, destacado relator deportivo e hijo ilustre de San Felipe. El deceso se produjo&#8230;<\/p>\n","protected":false},"author":482,"featured_media":97490,"comment_status":"open","ping_status":"open","sticky":false,"template":"","format":"standard","meta":{"advanced_seo_description":"","jetpack_seo_html_title":"","jetpack_seo_noindex":false,"_jetpack_memberships_contains_paid_content":false,"footnotes":""},"categories":[15],"tags":[],"class_list":["post-97488","post","type-post","status-publish","format-standard","has-post-thumbnail","hentry","category-comunidad"],"jetpack_featured_media_url":"https:\/\/i0.wp.com\/eltrabajo.cl\/portal\/wp-content\/uploads\/2020\/03\/NANCY-DELGADO.jpg?fit=580%2C358&ssl=1","jetpack_sharing_enabled":true,"jetpack_likes_enabled":true,"jetpack-related-posts":[],"_links":{"self":[{"href":"https:\/\/eltrabajo.cl\/portal\/wp-json\/wp\/v2\/posts\/97488","targetHints":{"allow":["GET"]}}],"collection":[{"href":"https:\/\/eltrabajo.cl\/portal\/wp-json\/wp\/v2\/posts"}],"about":[{"href":"https:\/\/eltrabajo.cl\/portal\/wp-json\/wp\/v2\/types\/post"}],"author":[{"embeddable":true,"href":"https:\/\/eltrabajo.cl\/portal\/wp-json\/wp\/v2\/users\/482"}],"replies":[{"embeddable":true,"href":"https:\/\/eltrabajo.cl\/portal\/wp-json\/wp\/v2\/comments?post=97488"}],"version-history":[{"count":0,"href":"https:\/\/eltrabajo.cl\/portal\/wp-json\/wp\/v2\/posts\/97488\/revisions"}],"wp:featuredmedia":[{"embeddable":true,"href":"https:\/\/eltrabajo.cl\/portal\/wp-json\/wp\/v2\/media\/97490"}],"wp:attachment":[{"href":"https:\/\/eltrabajo.cl\/portal\/wp-json\/wp\/v2\/media?parent=97488"}],"wp:term":[{"taxonomy":"category","embeddable":true,"href":"https:\/\/eltrabajo.cl\/portal\/wp-json\/wp\/v2\/categories?post=97488"},{"taxonomy":"post_tag","embeddable":true,"href":"https:\/\/eltrabajo.cl\/portal\/wp-json\/wp\/v2\/tags?post=97488"}],"curies":[{"name":"wp","href":"https:\/\/api.w.org\/{rel}","templated":true}]}}