{"id":97500,"date":"2020-03-18T05:02:28","date_gmt":"2020-03-18T08:02:28","guid":{"rendered":"http:\/\/www.eltrabajo.cl\/portal\/?p=97500"},"modified":"2020-03-17T21:03:43","modified_gmt":"2020-03-18T00:03:43","slug":"el-coronavirus-obliga-a-suspender-las-copas-de-campeones-de-arfa","status":"publish","type":"post","link":"https:\/\/eltrabajo.cl\/portal\/el-coronavirus-obliga-a-suspender-las-copas-de-campeones-de-arfa\/","title":{"rendered":"El Coronavirus obliga a suspender las Copas de Campeones de ARFA"},"content":{"rendered":"<p>En vista del explosivo avance del Coronavirus, la Asociaci\u00f3n Regional de F\u00fatbol Amateur (ARFA Quinta) decidi\u00f3 suspender las Copas de Campeones masculina y femenina. La medida adoptada por el ente rector del balompi\u00e9 aficionado, tiene como objetivo central, velar por la salud de los jugadores (as), dirigentes, \u00e1rbitros y espectadores.<\/p>\n<p>El comunicado que emiti\u00f3 ARFA Quinta Regi\u00f3n fue el siguiente: <em>\u00abEstimada comunidad de ARFA Quinta. En virtud de la alerta sanitaria decretada por el ministerio de Salud, el directorio regional ha determinado suspender indefinidamente la Copa de Campeones Roberto G\u00f3mez Catal\u00e1n y la Copa de Campeones Oriana Galarce Tapia\u00bb. <\/em><\/p>\n<p>Respecto a los torneos de verano que se realizan en la regi\u00f3n, fuentes altamente confiables contaron a nuestro medio que ARFA no tiene las atribuciones para suspender dichos eventos, por lo que la decisi\u00f3n de pararlos o no, depende exclusivamente de los organizadores de dichas competencias. Donde ARFA s\u00ed puede hacerlo, es con los campeonatos de asociaciones, los que a\u00fan no comienzan, por lo que todav\u00eda no ha sido necesario que este organismo intervenga.<\/p>\n<p>&nbsp;<\/p>\n<figure id=\"attachment_97501\" aria-describedby=\"caption-attachment-97501\" style=\"width: 580px\" class=\"wp-caption alignnone\"><img data-recalc-dims=\"1\" loading=\"lazy\" decoding=\"async\" class=\"size-full wp-image-97501\" src=\"https:\/\/i0.wp.com\/www.eltrabajo.cl\/portal\/wp-content\/uploads\/2020\/03\/copa-de-campeones.jpg?resize=580%2C360\" alt=\"Las Copas de Campeones de la ARFA fueron suspendidas indefinidamente.\" width=\"580\" height=\"360\" srcset=\"https:\/\/i0.wp.com\/eltrabajo.cl\/portal\/wp-content\/uploads\/2020\/03\/copa-de-campeones.jpg?w=580&amp;ssl=1 580w, https:\/\/i0.wp.com\/eltrabajo.cl\/portal\/wp-content\/uploads\/2020\/03\/copa-de-campeones.jpg?resize=300%2C186&amp;ssl=1 300w, https:\/\/i0.wp.com\/eltrabajo.cl\/portal\/wp-content\/uploads\/2020\/03\/copa-de-campeones.jpg?resize=200%2C124&amp;ssl=1 200w, https:\/\/i0.wp.com\/eltrabajo.cl\/portal\/wp-content\/uploads\/2020\/03\/copa-de-campeones.jpg?resize=242%2C150&amp;ssl=1 242w, https:\/\/i0.wp.com\/eltrabajo.cl\/portal\/wp-content\/uploads\/2020\/03\/copa-de-campeones.jpg?resize=400%2C248&amp;ssl=1 400w\" sizes=\"auto, (max-width: 580px) 100vw, 580px\" \/><figcaption id=\"caption-attachment-97501\" class=\"wp-caption-text\">Las Copas de Campeones de la ARFA fueron suspendidas indefinidamente.<\/figcaption><\/figure>\n","protected":false},"excerpt":{"rendered":"<p>En vista del explosivo avance del Coronavirus, la Asociaci\u00f3n Regional de F\u00fatbol Amateur (ARFA Quinta) decidi\u00f3 suspender las Copas de Campeones masculina y femenina. La medida adoptada por el ente rector del&#8230;<\/p>\n","protected":false},"author":482,"featured_media":0,"comment_status":"open","ping_status":"open","sticky":false,"template":"","format":"standard","meta":{"advanced_seo_description":"","jetpack_seo_html_title":"","jetpack_seo_noindex":false,"_jetpack_memberships_contains_paid_content":false,"footnotes":""},"categories":[19],"tags":[],"class_list":["post-97500","post","type-post","status-publish","format-standard","hentry","category-deportes"],"jetpack_featured_media_url":"","jetpack_sharing_enabled":true,"jetpack_likes_enabled":true,"jetpack-related-posts":[],"_links":{"self":[{"href":"https:\/\/eltrabajo.cl\/portal\/wp-json\/wp\/v2\/posts\/97500","targetHints":{"allow":["GET"]}}],"collection":[{"href":"https:\/\/eltrabajo.cl\/portal\/wp-json\/wp\/v2\/posts"}],"about":[{"href":"https:\/\/eltrabajo.cl\/portal\/wp-json\/wp\/v2\/types\/post"}],"author":[{"embeddable":true,"href":"https:\/\/eltrabajo.cl\/portal\/wp-json\/wp\/v2\/users\/482"}],"replies":[{"embeddable":true,"href":"https:\/\/eltrabajo.cl\/portal\/wp-json\/wp\/v2\/comments?post=97500"}],"version-history":[{"count":0,"href":"https:\/\/eltrabajo.cl\/portal\/wp-json\/wp\/v2\/posts\/97500\/revisions"}],"wp:attachment":[{"href":"https:\/\/eltrabajo.cl\/portal\/wp-json\/wp\/v2\/media?parent=97500"}],"wp:term":[{"taxonomy":"category","embeddable":true,"href":"https:\/\/eltrabajo.cl\/portal\/wp-json\/wp\/v2\/categories?post=97500"},{"taxonomy":"post_tag","embeddable":true,"href":"https:\/\/eltrabajo.cl\/portal\/wp-json\/wp\/v2\/tags?post=97500"}],"curies":[{"name":"wp","href":"https:\/\/api.w.org\/{rel}","templated":true}]}}