{"id":97511,"date":"2020-03-18T05:05:34","date_gmt":"2020-03-18T08:05:34","guid":{"rendered":"http:\/\/www.eltrabajo.cl\/portal\/?p=97511"},"modified":"2020-03-17T21:10:43","modified_gmt":"2020-03-18T00:10:43","slug":"corte-de-apelaciones-rechaza-recurso-de-nulidad-en-juicio-por-caso-ambar","status":"publish","type":"post","link":"https:\/\/eltrabajo.cl\/portal\/corte-de-apelaciones-rechaza-recurso-de-nulidad-en-juicio-por-caso-ambar\/","title":{"rendered":"Corte de Apelaciones rechaza Recurso de Nulidad en juicio por caso \u00c1mbar"},"content":{"rendered":"<p><span style=\"color: #ff0000;\"><strong>Miguel Espinoza deber\u00e1 cumplir el Presidio Perpetuo:<\/strong><\/span><\/p>\n<p><strong>LOS ANDES.-<\/strong> La Corte de Apelaciones de Valpara\u00edso desestim\u00f3 finalmente el Recurso de Nulidad interpuesto por la defensa de <strong>Miguel Espinoza Aravena<\/strong>, quien fue condenado a Presidio Perpetuo Calificado por la violaci\u00f3n y homicidio de la peque\u00f1a <strong>\u00c1mbar Lazcano<\/strong>.<\/p>\n<p>El 18 de diciembre de 2019 el Tribunal de Juicio Oral en lo Penal de Los Andes, conden\u00f3 a\u00a0 Espinoza Aravena a la pena m\u00e1s alta establecida en el ordenamiento jur\u00eddico penal chileno, condena que esperaba dejar sin efecto su defensa, quien present\u00f3 un Recurso de Nulidad a la Ilustr\u00edsima Corte de Apelaciones.<\/p>\n<p>La ma\u00f1ana del lunes se conoci\u00f3 el fallo de la Corte, donde se se\u00f1ala que la causal de nulidad se desestimaba, porque el tribunal apreci\u00f3 la prueba sin contradecir los principios de la l\u00f3gica, las m\u00e1ximas de la experiencia y conocimientos cient\u00edficamente afianzados, no habi\u00e9ndose infringido la normativa establecida en el art\u00edculo 374 letra e del C\u00f3digo Procesal Penal, en relaci\u00f3n con lo dispuesto en los art\u00edculos 297 y 342 letra c del mismo c\u00f3digo, que el recurrente estima vulnerada. Y visto adem\u00e1s lo dispuesto en los art\u00edculos 358, 372, 373 letra b, 378, 380 y 384 del C\u00f3digo Procesal Penal, se rechaza el Recurso de Nulidad deducido por don Homero Caldera Calder\u00f3n y Crist\u00f3bal Y\u00e1nquez Mery, defensores penales particulares en contra de la sentencia definitiva.<\/p>\n<p>El fallo se\u00f1ala adem\u00e1s que no hab\u00eda ninguna objeci\u00f3n o reproche a la sentencia recurrida para haber solicitado la nulidad.<\/p>\n<p>Afirman en el texto que \u00ab<em>de acuerdo a la prueba que se present\u00f3 en el juicio y valorada por los jueces presente en el mismo, se gener\u00f3 la convicci\u00f3n necesaria para determinar la condena expresada en el fallo, en orden a la existencia del hecho punible establecido<\/em>\u00bb.<\/p>\n<p>Por lo tanto la Corte de Apelaciones no estim\u00f3 ninguna objeci\u00f3n o reproche a la sentencia \u00ab<em>que permita declarar la nulidad solicitada, pues, de acuerdo a la prueba que se present\u00f3 en el juicio y valorada por los jueces presente en el mismo, se gener\u00f3 la convicci\u00f3n necesaria para determinar la condena expresada en el fallo, en orden a la existencia del hecho punible establecido, ya que el C\u00f3digo Procesal Penal ha entregado al Tribunal ad quo la apreciaci\u00f3n libre de la prueba rendida y la convicci\u00f3n\u00a0 que con ella logra, conforme lo preceptuado en sus art\u00edculos 297 y 340, por cuanto es en dicha sede donde los actos de prueba est\u00e1n sometidos a los principios de contradicci\u00f3n, oralidad e intermediaci\u00f3n, acorde lo dispuesto en los art\u00edculos 296 y 340 inciso 2 del c\u00f3digo citado, sin que sea permitido a este tribunal efectuar una valoraci\u00f3n distinta<\/em>\u00bb.<\/p>\n<p>Con este fallo se declara la validez de la condena para Espinoza Aravena, quien fue condenado a Presidio Perpetuo Calificado, lo que implica al menos 40 a\u00f1os de reclusi\u00f3n efectiva, pena m\u00e1xima en la legislaci\u00f3n, pues durante dicho tiempo no podr\u00e1 postular a beneficios penitenciarios, tampoco podr\u00e1 ocupar cargos p\u00fablicos ni pol\u00edticos de por vida, ni trabajar en \u00e1reas donde tenga alg\u00fan contacto con menores de edad una vez que cumpla su condena.<\/p>\n<p>&nbsp;<\/p>\n<figure id=\"attachment_97512\" aria-describedby=\"caption-attachment-97512\" style=\"width: 580px\" class=\"wp-caption alignnone\"><img data-recalc-dims=\"1\" loading=\"lazy\" decoding=\"async\" class=\"size-full wp-image-97512\" src=\"https:\/\/i0.wp.com\/www.eltrabajo.cl\/portal\/wp-content\/uploads\/2020\/03\/Nulidad_Miguel-Andres-Espinoza-Aravena.jpg?resize=580%2C360\" alt=\"La Corte de Apelaciones de Valpara\u00edso desestim\u00f3 finalmente el Recurso de Nulidad interpuesto por la defensa de Miguel Espinoza Aravena, quien fue condenado a Presidio Perpetuo Calificado por la violaci\u00f3n y homicidio de la peque\u00f1a \u00c1mbar Lazcano. FOTO:FRANCISCO FLORES SEGUEL\/AGENCIAUNO\" width=\"580\" height=\"360\" srcset=\"https:\/\/i0.wp.com\/eltrabajo.cl\/portal\/wp-content\/uploads\/2020\/03\/Nulidad_Miguel-Andres-Espinoza-Aravena.jpg?w=580&amp;ssl=1 580w, https:\/\/i0.wp.com\/eltrabajo.cl\/portal\/wp-content\/uploads\/2020\/03\/Nulidad_Miguel-Andres-Espinoza-Aravena.jpg?resize=300%2C186&amp;ssl=1 300w, https:\/\/i0.wp.com\/eltrabajo.cl\/portal\/wp-content\/uploads\/2020\/03\/Nulidad_Miguel-Andres-Espinoza-Aravena.jpg?resize=200%2C124&amp;ssl=1 200w, https:\/\/i0.wp.com\/eltrabajo.cl\/portal\/wp-content\/uploads\/2020\/03\/Nulidad_Miguel-Andres-Espinoza-Aravena.jpg?resize=242%2C150&amp;ssl=1 242w, https:\/\/i0.wp.com\/eltrabajo.cl\/portal\/wp-content\/uploads\/2020\/03\/Nulidad_Miguel-Andres-Espinoza-Aravena.jpg?resize=400%2C248&amp;ssl=1 400w\" sizes=\"auto, (max-width: 580px) 100vw, 580px\" \/><figcaption id=\"caption-attachment-97512\" class=\"wp-caption-text\">La Corte de Apelaciones de Valpara\u00edso desestim\u00f3 finalmente el Recurso de Nulidad interpuesto por la defensa de Miguel Espinoza Aravena, quien fue condenado a Presidio Perpetuo Calificado por la violaci\u00f3n y homicidio de la peque\u00f1a \u00c1mbar Lazcano. FOTO:FRANCISCO FLORES SEGUEL\/AGENCIAUNO<\/figcaption><\/figure>\n","protected":false},"excerpt":{"rendered":"<p>Miguel Espinoza deber\u00e1 cumplir el Presidio Perpetuo: LOS ANDES.- La Corte de Apelaciones de Valpara\u00edso desestim\u00f3 finalmente el Recurso de Nulidad interpuesto por la defensa de Miguel Espinoza Aravena, quien fue condenado&#8230;<\/p>\n","protected":false},"author":482,"featured_media":97512,"comment_status":"open","ping_status":"open","sticky":false,"template":"","format":"standard","meta":{"advanced_seo_description":"","jetpack_seo_html_title":"","jetpack_seo_noindex":false,"_jetpack_memberships_contains_paid_content":false,"footnotes":""},"categories":[97],"tags":[],"class_list":["post-97511","post","type-post","status-publish","format-standard","has-post-thumbnail","hentry","category-tribunales"],"jetpack_featured_media_url":"https:\/\/i0.wp.com\/eltrabajo.cl\/portal\/wp-content\/uploads\/2020\/03\/Nulidad_Miguel-Andres-Espinoza-Aravena.jpg?fit=580%2C360&ssl=1","jetpack_sharing_enabled":true,"jetpack_likes_enabled":true,"jetpack-related-posts":[],"_links":{"self":[{"href":"https:\/\/eltrabajo.cl\/portal\/wp-json\/wp\/v2\/posts\/97511","targetHints":{"allow":["GET"]}}],"collection":[{"href":"https:\/\/eltrabajo.cl\/portal\/wp-json\/wp\/v2\/posts"}],"about":[{"href":"https:\/\/eltrabajo.cl\/portal\/wp-json\/wp\/v2\/types\/post"}],"author":[{"embeddable":true,"href":"https:\/\/eltrabajo.cl\/portal\/wp-json\/wp\/v2\/users\/482"}],"replies":[{"embeddable":true,"href":"https:\/\/eltrabajo.cl\/portal\/wp-json\/wp\/v2\/comments?post=97511"}],"version-history":[{"count":0,"href":"https:\/\/eltrabajo.cl\/portal\/wp-json\/wp\/v2\/posts\/97511\/revisions"}],"wp:featuredmedia":[{"embeddable":true,"href":"https:\/\/eltrabajo.cl\/portal\/wp-json\/wp\/v2\/media\/97512"}],"wp:attachment":[{"href":"https:\/\/eltrabajo.cl\/portal\/wp-json\/wp\/v2\/media?parent=97511"}],"wp:term":[{"taxonomy":"category","embeddable":true,"href":"https:\/\/eltrabajo.cl\/portal\/wp-json\/wp\/v2\/categories?post=97511"},{"taxonomy":"post_tag","embeddable":true,"href":"https:\/\/eltrabajo.cl\/portal\/wp-json\/wp\/v2\/tags?post=97511"}],"curies":[{"name":"wp","href":"https:\/\/api.w.org\/{rel}","templated":true}]}}