{"id":97526,"date":"2020-03-18T20:44:36","date_gmt":"2020-03-18T23:44:36","guid":{"rendered":"http:\/\/www.eltrabajo.cl\/portal\/?p=97526"},"modified":"2020-03-18T20:44:36","modified_gmt":"2020-03-18T23:44:36","slug":"union-san-felipe-deja-con-gusto-a-poco-al-empatar-a-1-con-santa-cruz","status":"publish","type":"post","link":"https:\/\/eltrabajo.cl\/portal\/union-san-felipe-deja-con-gusto-a-poco-al-empatar-a-1-con-santa-cruz\/","title":{"rendered":"Uni\u00f3n San Felipe deja con gusto a poco al empatar a 1 con Santa Cruz"},"content":{"rendered":"<p>En lo que ya se est\u00e1 trasformando en una tendencia preocupante porque se volvieron a repetir ripios de fechas pasadas, Uni\u00f3n San Felipe se debi\u00f3 conformar con una igualdad a 1 ante un aplicado conjunto de Santa Cruz, en el duelo disputado la noche del martes pasado en un desierto estadio Municipal.<\/p>\n<p>Por m\u00e1s que muchos culpen al \u00e1rbitro <strong>Cristian Andaur<\/strong> (no cobr\u00f3 tres penales) por el resultado, la verdad es que el empate se ajust\u00f3 plenamente a lo que sucedi\u00f3 en el terreno de juego, ya que en la pr\u00e1ctica hubo un tiempo para cada escuadra.<\/p>\n<p>Uni\u00f3n San Felipe comenz\u00f3 mal. Muy mal. Tanto, que los visitantes abrieron el marcador tras un error infantil compartido por la dupla de centrales y el arquero <strong>Andr\u00e9s Fern\u00e1ndez<\/strong>, quienes se convirtieron en testigos presenciales del cabezazo de <strong>David Salazar<\/strong> cuando el reloj reci\u00e9n llegaba a los 5 minutos.<\/p>\n<p>Los aconcag\u00fcinos no tuvieron producci\u00f3n en el primer lapso, porque jam\u00e1s lograron crear un circuito de elaboraci\u00f3n que permitiera desarmar el eficiente planteamiento de la escuadra sure\u00f1a, que perfectamente pudo haber asegurado el partido si no fuera porque el <strong>\u2018Chupete\u2019 Suazo <\/strong>y<strong> Pedro Mu\u00f1oz<\/strong>, desperdiciaron dos claras oportunidades de gol.<\/p>\n<p>El t\u00e9cnico unionista <strong>Erwin Dur\u00e1n<\/strong>, se fue a camarines con la certeza que deb\u00eda hacer cambios para torcer el destino del partido. La primera modificaci\u00f3n fue el ingreso del volante trasandino <strong>Hern\u00e1n Fredes<\/strong> en lugar de un extraviado <strong>Matt Lagos<\/strong>. La movida fue acertada porque de inmediato <strong>\u2018El Mago\u2019<\/strong> demostr\u00f3 que es un jugador distinto. Con personalidad, claridad y altas dosis de talento, Fredes realiz\u00f3 la tarea de enganche, permitiendo que comenzaran a aparecer hombres importantes como <strong>Gonzalo \u00c1lvarez <\/strong>y<strong> Pablo Vergara<\/strong>.<\/p>\n<p>Los visitantes entendieron que hab\u00eda que cuidar la ventaja. Fue por eso que se replegaron con el objetivo de contener los reiterados embates albirrojos, que de manera desesperada ve\u00edan como corr\u00eda el reloj. Si el empate ya era malo, qu\u00e9 decir de una derrota; entonces desde el banco sanfelipe\u00f1o se opt\u00f3 por poner atacantes netos en desmedro de hombres con vocaci\u00f3n de marca (<strong>Orme\u00f1o<\/strong>) o defensivos (<strong>Silva<\/strong>), quienes fueron sustituidos por <strong>Jimmy Cisterna<\/strong> y <strong>Julio Castro<\/strong>. Con esos dos hombres en el campo de juego, San Felipe fue una tromba.<\/p>\n<p>Pese a que cargaban con frecuencia, los aconcag\u00fcinos debieron esperar casi hasta el final para llegar al empate, y una vez m\u00e1s <strong>Julio Castro<\/strong> se visti\u00f3 de h\u00e9roe al asestar un cabezazo que dej\u00f3 al portero <strong>Paillaqueo<\/strong> inm\u00f3vil.<\/p>\n<p>Con este empate el Un\u00ed Un\u00ed llega a 6 puntos, quedando ubicado en la quinta posici\u00f3n en el torneo, que ahora entrar\u00e1 en un receso indefinido.<\/p>\n<p>&nbsp;<\/p>\n<p><span style=\"color: #ff0000;\"><strong>Ficha T\u00e9cnica<\/strong><\/span><\/p>\n<p>Fecha 4\u00aa<\/p>\n<p>Torneo Primera B<\/p>\n<p>\u00c1rbitro; Cristian Andaur<\/p>\n<p>Uni\u00f3n San Felipe (1): Andr\u00e9s Fern\u00e1ndez; Francisco Salinas, Jes\u00fas Pino, Mat\u00edas Silva (Julio Castro), Gonzalo Villegas; Juan M\u00e9ndez, Enzo Orme\u00f1o (Jimmy Cisterna), Matt Lagos (Hern\u00e1n Fredes), Gonzalo \u00c1lvarez, Pablo Vergara; Lautaro Palacios. DT: Erwin Dur\u00e1n<\/p>\n<p>Santa Cruz (1): Rodrigo Paillaqueo; Braulio \u00c1valos, Diego D\u00edaz, Fidel C\u00f3rdova (Serrano), Mauro Aguirre; Carlos Cisterna, Javier Bayk, Johan Fuentes, David Salazar (Torres); Humberto Suazo, Pedro Mu\u00f1oz (Valencia). DT: Osvaldo Hurtado<\/p>\n<p>Goles:<\/p>\n<p>0-1, David Salazar (STC)<\/p>\n<p>1-1, 86\u2019 Julio Castro (USF)<\/p>\n<p>Expulsado: Diego D\u00edaz (STC)<\/p>\n<p>&nbsp;<\/p>\n<figure id=\"attachment_97529\" aria-describedby=\"caption-attachment-97529\" style=\"width: 580px\" class=\"wp-caption alignnone\"><img data-recalc-dims=\"1\" loading=\"lazy\" decoding=\"async\" class=\"size-full wp-image-97529\" src=\"https:\/\/i0.wp.com\/www.eltrabajo.cl\/portal\/wp-content\/uploads\/2020\/03\/usf-%C3%B1-sta-cruz.jpg?resize=580%2C359\" alt=\"El encuentro entre Uni\u00f3n San Felipe y Santa Cruz se jug\u00f3 a puertas cerradas. (Foto: Jaime G\u00f3mez Corales). \" width=\"580\" height=\"359\" srcset=\"https:\/\/i0.wp.com\/eltrabajo.cl\/portal\/wp-content\/uploads\/2020\/03\/usf-%C3%B1-sta-cruz.jpg?w=580&amp;ssl=1 580w, https:\/\/i0.wp.com\/eltrabajo.cl\/portal\/wp-content\/uploads\/2020\/03\/usf-%C3%B1-sta-cruz.jpg?resize=300%2C186&amp;ssl=1 300w, https:\/\/i0.wp.com\/eltrabajo.cl\/portal\/wp-content\/uploads\/2020\/03\/usf-%C3%B1-sta-cruz.jpg?resize=200%2C124&amp;ssl=1 200w, https:\/\/i0.wp.com\/eltrabajo.cl\/portal\/wp-content\/uploads\/2020\/03\/usf-%C3%B1-sta-cruz.jpg?resize=242%2C150&amp;ssl=1 242w, https:\/\/i0.wp.com\/eltrabajo.cl\/portal\/wp-content\/uploads\/2020\/03\/usf-%C3%B1-sta-cruz.jpg?resize=400%2C248&amp;ssl=1 400w\" sizes=\"auto, (max-width: 580px) 100vw, 580px\" \/><figcaption id=\"caption-attachment-97529\" class=\"wp-caption-text\">El encuentro entre Uni\u00f3n San Felipe y Santa Cruz se jug\u00f3 a puertas cerradas. (Foto: Jaime G\u00f3mez Corales).<\/figcaption><\/figure>\n<p>&nbsp;<\/p>\n<figure id=\"attachment_97528\" aria-describedby=\"caption-attachment-97528\" style=\"width: 580px\" class=\"wp-caption alignnone\"><img data-recalc-dims=\"1\" loading=\"lazy\" decoding=\"async\" class=\"size-full wp-image-97528\" src=\"https:\/\/i0.wp.com\/www.eltrabajo.cl\/portal\/wp-content\/uploads\/2020\/03\/uni-sta-cruz-1.jpg?resize=580%2C359\" alt=\"En el juego de la noche del martes los sanfelipe\u00f1os tuvieron un primer tiempo para el olvido y otro m\u00e1s que aceptable. (Foto: Jaime G\u00f3mez Corales). \" width=\"580\" height=\"359\" srcset=\"https:\/\/i0.wp.com\/eltrabajo.cl\/portal\/wp-content\/uploads\/2020\/03\/uni-sta-cruz-1.jpg?w=580&amp;ssl=1 580w, https:\/\/i0.wp.com\/eltrabajo.cl\/portal\/wp-content\/uploads\/2020\/03\/uni-sta-cruz-1.jpg?resize=300%2C186&amp;ssl=1 300w, https:\/\/i0.wp.com\/eltrabajo.cl\/portal\/wp-content\/uploads\/2020\/03\/uni-sta-cruz-1.jpg?resize=200%2C124&amp;ssl=1 200w, https:\/\/i0.wp.com\/eltrabajo.cl\/portal\/wp-content\/uploads\/2020\/03\/uni-sta-cruz-1.jpg?resize=242%2C150&amp;ssl=1 242w, https:\/\/i0.wp.com\/eltrabajo.cl\/portal\/wp-content\/uploads\/2020\/03\/uni-sta-cruz-1.jpg?resize=400%2C248&amp;ssl=1 400w\" sizes=\"auto, (max-width: 580px) 100vw, 580px\" \/><figcaption id=\"caption-attachment-97528\" class=\"wp-caption-text\">En el juego de la noche del martes los sanfelipe\u00f1os tuvieron un primer tiempo para el olvido y otro m\u00e1s que aceptable. (Foto: Jaime G\u00f3mez Corales).<\/figcaption><\/figure>\n<p>&nbsp;<\/p>\n<figure id=\"attachment_97527\" aria-describedby=\"caption-attachment-97527\" style=\"width: 580px\" class=\"wp-caption alignnone\"><img data-recalc-dims=\"1\" loading=\"lazy\" decoding=\"async\" class=\"size-full wp-image-97527\" src=\"https:\/\/i0.wp.com\/www.eltrabajo.cl\/portal\/wp-content\/uploads\/2020\/03\/palacios.jpg?resize=580%2C360\" alt=\"Lautaro Palacios termin\u00f3 naufragando ante la marca de los defensores de Santa Cruz. (Foto: Jaime G\u00f3mez Corales).  \" width=\"580\" height=\"360\" srcset=\"https:\/\/i0.wp.com\/eltrabajo.cl\/portal\/wp-content\/uploads\/2020\/03\/palacios.jpg?w=580&amp;ssl=1 580w, https:\/\/i0.wp.com\/eltrabajo.cl\/portal\/wp-content\/uploads\/2020\/03\/palacios.jpg?resize=300%2C186&amp;ssl=1 300w, https:\/\/i0.wp.com\/eltrabajo.cl\/portal\/wp-content\/uploads\/2020\/03\/palacios.jpg?resize=200%2C124&amp;ssl=1 200w, https:\/\/i0.wp.com\/eltrabajo.cl\/portal\/wp-content\/uploads\/2020\/03\/palacios.jpg?resize=242%2C150&amp;ssl=1 242w, https:\/\/i0.wp.com\/eltrabajo.cl\/portal\/wp-content\/uploads\/2020\/03\/palacios.jpg?resize=400%2C248&amp;ssl=1 400w\" sizes=\"auto, (max-width: 580px) 100vw, 580px\" \/><figcaption id=\"caption-attachment-97527\" class=\"wp-caption-text\">Lautaro Palacios termin\u00f3 naufragando ante la marca de los defensores de Santa Cruz. (Foto: Jaime G\u00f3mez Corales).<\/figcaption><\/figure>\n","protected":false},"excerpt":{"rendered":"<p>En lo que ya se est\u00e1 trasformando en una tendencia preocupante porque se volvieron a repetir ripios de fechas pasadas, Uni\u00f3n San Felipe se debi\u00f3 conformar con una igualdad a 1 ante&#8230;<\/p>\n","protected":false},"author":482,"featured_media":97527,"comment_status":"open","ping_status":"open","sticky":false,"template":"","format":"standard","meta":{"advanced_seo_description":"","jetpack_seo_html_title":"","jetpack_seo_noindex":false,"_jetpack_memberships_contains_paid_content":false,"footnotes":""},"categories":[19],"tags":[],"class_list":["post-97526","post","type-post","status-publish","format-standard","has-post-thumbnail","hentry","category-deportes"],"jetpack_featured_media_url":"https:\/\/i0.wp.com\/eltrabajo.cl\/portal\/wp-content\/uploads\/2020\/03\/palacios.jpg?fit=580%2C360&ssl=1","jetpack_sharing_enabled":true,"jetpack_likes_enabled":true,"jetpack-related-posts":[],"_links":{"self":[{"href":"https:\/\/eltrabajo.cl\/portal\/wp-json\/wp\/v2\/posts\/97526","targetHints":{"allow":["GET"]}}],"collection":[{"href":"https:\/\/eltrabajo.cl\/portal\/wp-json\/wp\/v2\/posts"}],"about":[{"href":"https:\/\/eltrabajo.cl\/portal\/wp-json\/wp\/v2\/types\/post"}],"author":[{"embeddable":true,"href":"https:\/\/eltrabajo.cl\/portal\/wp-json\/wp\/v2\/users\/482"}],"replies":[{"embeddable":true,"href":"https:\/\/eltrabajo.cl\/portal\/wp-json\/wp\/v2\/comments?post=97526"}],"version-history":[{"count":0,"href":"https:\/\/eltrabajo.cl\/portal\/wp-json\/wp\/v2\/posts\/97526\/revisions"}],"wp:featuredmedia":[{"embeddable":true,"href":"https:\/\/eltrabajo.cl\/portal\/wp-json\/wp\/v2\/media\/97527"}],"wp:attachment":[{"href":"https:\/\/eltrabajo.cl\/portal\/wp-json\/wp\/v2\/media?parent=97526"}],"wp:term":[{"taxonomy":"category","embeddable":true,"href":"https:\/\/eltrabajo.cl\/portal\/wp-json\/wp\/v2\/categories?post=97526"},{"taxonomy":"post_tag","embeddable":true,"href":"https:\/\/eltrabajo.cl\/portal\/wp-json\/wp\/v2\/tags?post=97526"}],"curies":[{"name":"wp","href":"https:\/\/api.w.org\/{rel}","templated":true}]}}