{"id":97532,"date":"2020-03-18T20:45:51","date_gmt":"2020-03-18T23:45:51","guid":{"rendered":"http:\/\/www.eltrabajo.cl\/portal\/?p=97532"},"modified":"2020-03-18T20:45:51","modified_gmt":"2020-03-18T23:45:51","slug":"el-amor-a-la-camiseta-se-suspende","status":"publish","type":"post","link":"https:\/\/eltrabajo.cl\/portal\/el-amor-a-la-camiseta-se-suspende\/","title":{"rendered":"El Amor a la Camiseta se suspende"},"content":{"rendered":"<p>Siguiendo la tendencia regional y atendiendo a la contingencia nacional e internacional, por efecto del Covid-19, el directorio del torneo \u2018Selim Amar Pozo, Por Amor A La Camiseta\u2019 decidi\u00f3 suspender moment\u00e1neamente esa competencia. <em>\u201cHab\u00eda que hacerlo, no ten\u00edamos opci\u00f3n porque hay que velar por la salud de todos quienes estamos involucrados en esta liga\u201d,<\/em> declar\u00f3 <strong>Ra\u00fal Reinoso<\/strong>, el organizador del evento futbol\u00edstico donde compiten clubes de tres comunas del valle de Aconcagua.<\/p>\n<p>&nbsp;<\/p>\n<figure id=\"attachment_97533\" aria-describedby=\"caption-attachment-97533\" style=\"width: 580px\" class=\"wp-caption alignnone\"><img data-recalc-dims=\"1\" loading=\"lazy\" decoding=\"async\" class=\"size-full wp-image-97533\" src=\"https:\/\/i0.wp.com\/www.eltrabajo.cl\/portal\/wp-content\/uploads\/2020\/03\/raul-reinoso.jpg?resize=580%2C360\" alt=\"Ra\u00fal Reinoso inform\u00f3 que el \u2018Amor a la Camiseta\u2019 fue suspendido.\" width=\"580\" height=\"360\" srcset=\"https:\/\/i0.wp.com\/eltrabajo.cl\/portal\/wp-content\/uploads\/2020\/03\/raul-reinoso.jpg?w=580&amp;ssl=1 580w, https:\/\/i0.wp.com\/eltrabajo.cl\/portal\/wp-content\/uploads\/2020\/03\/raul-reinoso.jpg?resize=300%2C186&amp;ssl=1 300w, https:\/\/i0.wp.com\/eltrabajo.cl\/portal\/wp-content\/uploads\/2020\/03\/raul-reinoso.jpg?resize=200%2C124&amp;ssl=1 200w, https:\/\/i0.wp.com\/eltrabajo.cl\/portal\/wp-content\/uploads\/2020\/03\/raul-reinoso.jpg?resize=242%2C150&amp;ssl=1 242w, https:\/\/i0.wp.com\/eltrabajo.cl\/portal\/wp-content\/uploads\/2020\/03\/raul-reinoso.jpg?resize=400%2C248&amp;ssl=1 400w\" sizes=\"auto, (max-width: 580px) 100vw, 580px\" \/><figcaption id=\"caption-attachment-97533\" class=\"wp-caption-text\">Ra\u00fal Reinoso inform\u00f3 que el \u2018Amor a la Camiseta\u2019 fue suspendido.<\/figcaption><\/figure>\n","protected":false},"excerpt":{"rendered":"<p>Siguiendo la tendencia regional y atendiendo a la contingencia nacional e internacional, por efecto del Covid-19, el directorio del torneo \u2018Selim Amar Pozo, Por Amor A La Camiseta\u2019 decidi\u00f3 suspender moment\u00e1neamente esa&#8230;<\/p>\n","protected":false},"author":482,"featured_media":97533,"comment_status":"open","ping_status":"open","sticky":false,"template":"","format":"standard","meta":{"advanced_seo_description":"","jetpack_seo_html_title":"","jetpack_seo_noindex":false,"_jetpack_memberships_contains_paid_content":false,"footnotes":""},"categories":[19],"tags":[],"class_list":["post-97532","post","type-post","status-publish","format-standard","has-post-thumbnail","hentry","category-deportes"],"jetpack_featured_media_url":"https:\/\/i0.wp.com\/eltrabajo.cl\/portal\/wp-content\/uploads\/2020\/03\/raul-reinoso.jpg?fit=580%2C360&ssl=1","jetpack_sharing_enabled":true,"jetpack_likes_enabled":true,"jetpack-related-posts":[],"_links":{"self":[{"href":"https:\/\/eltrabajo.cl\/portal\/wp-json\/wp\/v2\/posts\/97532","targetHints":{"allow":["GET"]}}],"collection":[{"href":"https:\/\/eltrabajo.cl\/portal\/wp-json\/wp\/v2\/posts"}],"about":[{"href":"https:\/\/eltrabajo.cl\/portal\/wp-json\/wp\/v2\/types\/post"}],"author":[{"embeddable":true,"href":"https:\/\/eltrabajo.cl\/portal\/wp-json\/wp\/v2\/users\/482"}],"replies":[{"embeddable":true,"href":"https:\/\/eltrabajo.cl\/portal\/wp-json\/wp\/v2\/comments?post=97532"}],"version-history":[{"count":0,"href":"https:\/\/eltrabajo.cl\/portal\/wp-json\/wp\/v2\/posts\/97532\/revisions"}],"wp:featuredmedia":[{"embeddable":true,"href":"https:\/\/eltrabajo.cl\/portal\/wp-json\/wp\/v2\/media\/97533"}],"wp:attachment":[{"href":"https:\/\/eltrabajo.cl\/portal\/wp-json\/wp\/v2\/media?parent=97532"}],"wp:term":[{"taxonomy":"category","embeddable":true,"href":"https:\/\/eltrabajo.cl\/portal\/wp-json\/wp\/v2\/categories?post=97532"},{"taxonomy":"post_tag","embeddable":true,"href":"https:\/\/eltrabajo.cl\/portal\/wp-json\/wp\/v2\/tags?post=97532"}],"curies":[{"name":"wp","href":"https:\/\/api.w.org\/{rel}","templated":true}]}}