{"id":97547,"date":"2020-03-18T20:58:33","date_gmt":"2020-03-18T23:58:33","guid":{"rendered":"http:\/\/www.eltrabajo.cl\/portal\/?p=97547"},"modified":"2020-03-18T20:58:33","modified_gmt":"2020-03-18T23:58:33","slug":"menor-de-tres-anos-de-edad-fallece-en-accidente-de-transito-en-la-ruta-60-ch","status":"publish","type":"post","link":"https:\/\/eltrabajo.cl\/portal\/menor-de-tres-anos-de-edad-fallece-en-accidente-de-transito-en-la-ruta-60-ch\/","title":{"rendered":"Menor de tres a\u00f1os de edad fallece en accidente de tr\u00e1nsito en la ruta 60 CH"},"content":{"rendered":"<p><span style=\"color: #ff0000;\"><strong>V\u00edctima fatal era de nacionalidad boliviana:<\/strong><\/span><\/p>\n<p>Un menor de tres a\u00f1os de edad, de nacionalidad boliviana, result\u00f3 muerto en un accidente de tr\u00e1nsito ocurrido este mi\u00e9rcoles 18 en la ma\u00f1ana en la parte que une el enlace superior de Las Vegas con la ruta 60CH. Adem\u00e1s resultaron heridas al menos seis personas.<\/p>\n<p>La informaci\u00f3n fue entregada por el capit\u00e1n <strong>Rafael Ram\u00edrez<\/strong>, subcomisario de Carabineros de Llay Llay, se\u00f1alando que el accidente ocurri\u00f3 a eso de las 08:00 horas aproximadamente, cuando un veh\u00edculo que ven\u00eda por la ruta 5 Norte <em>\u201ctoma el enlace superior de Las Vegas para tomar nuevamente la ruta 60 CH. En el instante de llegar a la parte superior, en forma sorpresiva efect\u00faa un viraje en U para presuntamente volverse a la ruta 5 norte y colisiona con otro veh\u00edculo que iba transitando por la 60 CH en direcci\u00f3n a San Felipe\u201d,<\/em> se\u00f1al\u00f3.<\/p>\n<p>De todas maneras la investigaci\u00f3n qued\u00f3 a cargo de personal de la SIAT de Carabineros.<\/p>\n<p>El veh\u00edculo que ingres\u00f3 por la carretera hacia la 60 CH, es uno marca Toyota modelo Yaris, mientras que el que se desplazaba por la ruta 60 CH hacia San Felipe, era una Chevrolet modelo Tracker.<\/p>\n<p>El oficial dijo que el conductor del veh\u00edculo menor ser\u00eda en primera instancia el que ocasiona el accidente. Adem\u00e1s en ese autom\u00f3vil iba el menor que lamentablemente perdi\u00f3 la vida.<\/p>\n<p>A parte del menor hubo otras cinco personas lesionadas, entre ellos el conductor del otro veh\u00edculo, con heridas leves.<\/p>\n<p>&nbsp;<\/p>\n<figure id=\"attachment_97548\" aria-describedby=\"caption-attachment-97548\" style=\"width: 579px\" class=\"wp-caption alignnone\"><img data-recalc-dims=\"1\" loading=\"lazy\" decoding=\"async\" class=\"size-full wp-image-97548\" src=\"https:\/\/i0.wp.com\/www.eltrabajo.cl\/portal\/wp-content\/uploads\/2020\/03\/Menor-copia.jpg?resize=579%2C282\" alt=\"La investigaci\u00f3n qued\u00f3 a cargo de personal de la SIAT de Carabineros que deber\u00e1 determinar la causa basal probable de este tr\u00e1gico accidente.\" width=\"579\" height=\"282\" srcset=\"https:\/\/i0.wp.com\/eltrabajo.cl\/portal\/wp-content\/uploads\/2020\/03\/Menor-copia.jpg?w=579&amp;ssl=1 579w, https:\/\/i0.wp.com\/eltrabajo.cl\/portal\/wp-content\/uploads\/2020\/03\/Menor-copia.jpg?resize=300%2C146&amp;ssl=1 300w, https:\/\/i0.wp.com\/eltrabajo.cl\/portal\/wp-content\/uploads\/2020\/03\/Menor-copia.jpg?resize=200%2C97&amp;ssl=1 200w, https:\/\/i0.wp.com\/eltrabajo.cl\/portal\/wp-content\/uploads\/2020\/03\/Menor-copia.jpg?resize=400%2C195&amp;ssl=1 400w\" sizes=\"auto, (max-width: 579px) 100vw, 579px\" \/><figcaption id=\"caption-attachment-97548\" class=\"wp-caption-text\">La investigaci\u00f3n qued\u00f3 a cargo de personal de la SIAT de Carabineros que deber\u00e1 determinar la causa basal probable de este tr\u00e1gico accidente.<\/figcaption><\/figure>\n","protected":false},"excerpt":{"rendered":"<p>V\u00edctima fatal era de nacionalidad boliviana: Un menor de tres a\u00f1os de edad, de nacionalidad boliviana, result\u00f3 muerto en un accidente de tr\u00e1nsito ocurrido este mi\u00e9rcoles 18 en la ma\u00f1ana en la&#8230;<\/p>\n","protected":false},"author":482,"featured_media":97549,"comment_status":"open","ping_status":"open","sticky":false,"template":"","format":"standard","meta":{"advanced_seo_description":"","jetpack_seo_html_title":"","jetpack_seo_noindex":false,"_jetpack_memberships_contains_paid_content":false,"footnotes":""},"categories":[21],"tags":[],"class_list":["post-97547","post","type-post","status-publish","format-standard","has-post-thumbnail","hentry","category-policial"],"jetpack_featured_media_url":"https:\/\/i0.wp.com\/eltrabajo.cl\/portal\/wp-content\/uploads\/2020\/03\/Menor.jpg?fit=580%2C359&ssl=1","jetpack_sharing_enabled":true,"jetpack_likes_enabled":true,"jetpack-related-posts":[],"_links":{"self":[{"href":"https:\/\/eltrabajo.cl\/portal\/wp-json\/wp\/v2\/posts\/97547","targetHints":{"allow":["GET"]}}],"collection":[{"href":"https:\/\/eltrabajo.cl\/portal\/wp-json\/wp\/v2\/posts"}],"about":[{"href":"https:\/\/eltrabajo.cl\/portal\/wp-json\/wp\/v2\/types\/post"}],"author":[{"embeddable":true,"href":"https:\/\/eltrabajo.cl\/portal\/wp-json\/wp\/v2\/users\/482"}],"replies":[{"embeddable":true,"href":"https:\/\/eltrabajo.cl\/portal\/wp-json\/wp\/v2\/comments?post=97547"}],"version-history":[{"count":0,"href":"https:\/\/eltrabajo.cl\/portal\/wp-json\/wp\/v2\/posts\/97547\/revisions"}],"wp:featuredmedia":[{"embeddable":true,"href":"https:\/\/eltrabajo.cl\/portal\/wp-json\/wp\/v2\/media\/97549"}],"wp:attachment":[{"href":"https:\/\/eltrabajo.cl\/portal\/wp-json\/wp\/v2\/media?parent=97547"}],"wp:term":[{"taxonomy":"category","embeddable":true,"href":"https:\/\/eltrabajo.cl\/portal\/wp-json\/wp\/v2\/categories?post=97547"},{"taxonomy":"post_tag","embeddable":true,"href":"https:\/\/eltrabajo.cl\/portal\/wp-json\/wp\/v2\/tags?post=97547"}],"curies":[{"name":"wp","href":"https:\/\/api.w.org\/{rel}","templated":true}]}}