{"id":97551,"date":"2020-03-20T05:06:02","date_gmt":"2020-03-20T08:06:02","guid":{"rendered":"http:\/\/www.eltrabajo.cl\/portal\/?p=97551"},"modified":"2020-03-19T21:05:53","modified_gmt":"2020-03-20T00:05:53","slug":"corte-de-apelaciones-mantiene-en-la-carcel-a-mujer-acusada-de-parricidio","status":"publish","type":"post","link":"https:\/\/eltrabajo.cl\/portal\/corte-de-apelaciones-mantiene-en-la-carcel-a-mujer-acusada-de-parricidio\/","title":{"rendered":"Corte de Apelaciones mantiene en la c\u00e1rcel a mujer\u00a0 acusada de parricidio\u00a0"},"content":{"rendered":"<p><span style=\"color: #ff0000;\"><strong>Muerte de Armando Lat\u00edn Su\u00e1rez:<\/strong><\/span><\/p>\n<p>La Ilustr\u00edsima Corte de Apelaciones de Valpara\u00edso confirm\u00f3 la prisi\u00f3n preventiva para <strong>Natalia Lat\u00edn Ach\u00fa<\/strong>, \u00a0acusada de parricidio contra <strong>Armando Lat\u00edn Su\u00e1rez<\/strong>, hecho ocurrido el d\u00eda s\u00e1bado 7 de marzo en San Felipe.<\/p>\n<p>La informaci\u00f3n fue entregada por el fiscal del caso, <strong>Julio Palacios Bobadilla<\/strong>, se\u00f1alando que <em>\u201clos alegatos se produjeron hoy (mi\u00e9rcoles) en la ma\u00f1ana. La Corte de Apelaciones de Valpara\u00edso confirm\u00f3 la resoluci\u00f3n, o sea es decir, la imputada Natalia se mantiene en prisi\u00f3n preventiva\u2026 Eso est\u00e1 confirmado\u201d,<\/em> se\u00f1al\u00f3.<\/p>\n<p>&#8211; <strong>\u00bfQu\u00e9 m\u00e1s sigue en este caso?<\/strong><\/p>\n<p>&#8211; Ac\u00e1 sigue el plazo de investigaci\u00f3n que estaba pendiente, tienen que llegar las pericias respectivas que se han encargado, y posterior a ello viene lo que es la acusaci\u00f3n y posteriormente el juicio oral.<\/p>\n<p>&#8211; <strong>\u00bfEsto le da tranquilidad al Ministerio y a usted para seguir investigando con la persona acusada en prisi\u00f3n preventiva?<\/strong><\/p>\n<p>&#8211; S\u00ed, por supuesto, teniendo presente que el Ministerio P\u00fablico aleg\u00f3 que era un peligro para la seguridad de la sociedad en plena libertad y en atenci\u00f3n a la pena que ella arriesga.<\/p>\n<p>&#8211; <strong>\u00bfAlgo m\u00e1s que se pueda comentar?<\/strong><\/p>\n<p>&#8211; No, solamente que las alegaciones se hicieron en Valpara\u00edso y que se mantuvo la prisi\u00f3n preventiva.<\/p>\n<p>Importante se\u00f1alar que por la muerte de Armando Lat\u00edn Su\u00e1rez tambi\u00e9n est\u00e1 en prisi\u00f3n preventiva el esposo de la imputada <strong>Carlos Francisco Medina Ram\u00edrez<\/strong>. \u00c9ste \u00faltimo formalizado por homicidio calificado, por quien no se apel\u00f3 a su prisi\u00f3n preventiva.<\/p>\n<p>&nbsp;<\/p>\n<p><span style=\"color: #ff0000;\"><strong>CONTEXTO<\/strong><\/span><\/p>\n<p>Como se recordar\u00e1, este crimen se produjo el d\u00eda s\u00e1bado 07 de marzo al medio d\u00eda. En primera instancia fue denunciado como un asalto, sin embargo transcurridas las horas se fueron conociendo los impactantes detalles del caso.<\/p>\n<p>El fiscal\u00a0<strong>Julio Palacios Bobadilla<\/strong>, a cargo de la investigaci\u00f3n, dijo una vez finalizada la audiencia de control de detenci\u00f3n formalizaci\u00f3n, que el imputado sali\u00f3 del domicilio a las nueve de la ma\u00f1ana aproximadamente de ese d\u00eda s\u00e1bado 07 de marzo, regresando despu\u00e9s de un rato. Ah\u00ed es donde \u00e9l le habr\u00eda comentado a su c\u00f3nyuge que, a la llegada del padre, lo matar\u00eda con el martillo.<\/p>\n<p>Explic\u00f3 ese d\u00eda el fiscal que la teor\u00eda que da origen a este macabro crimen era la mala convivencia, porque los imputados no soportaban a la v\u00edctima, a pesar que era due\u00f1o de la casa.<\/p>\n<p>Dejamos a continuaci\u00f3n parte de las declaraciones entregadas por el fiscal una vez finalizada la audiencia en el tribunal de garant\u00eda de San Felipe.<\/p>\n<p>\u2013\u00a0<strong>\u00bfQu\u00e9 se produce cuando llega al domicilio, seg\u00fan la versi\u00f3n del imputado?<\/strong><\/p>\n<p>\u2013 Bueno, seg\u00fan la versi\u00f3n del imputado, en el domicilio \u00e9l lo espera con un martillo que ten\u00eda en la cocina, entonces \u00e9l conoc\u00eda lo que hac\u00eda el suegro, llegaba a la casa, abr\u00eda y dejaba inmediatamente el casco sobre la mesa, ah\u00ed era donde lo iba a golpear por la espalda, pero esta vez\u00a0 no hizo lo que hac\u00eda siempre como era dejar el casco en la mesa, sino que se fue directamente a la pieza, por lo cual dice que se encontr\u00f3 de frente y por eso \u00e9l se impresion\u00f3 y no hizo nada. Posterior a ello, est\u00e1n un rato muy breve en el dormitorio y sale, ah\u00ed es donde el imputado agrede por la espalda con el martillo directamente a la cabeza.<\/p>\n<p>\u2013\u00a0<strong>\u00bfSe sabe cu\u00e1ntos golpes le dio?<\/strong><\/p>\n<p>\u2013 No tenemos, porque eso lo vamos a ver en la autopsia final, ahora se entreg\u00f3 solamente un pre informe.<\/p>\n<p>En la audiencia se descart\u00f3 el asalto porque el celular estaba debajo del cuerpo de la v\u00edctima, hab\u00eda dos mil pesos m\u00e1s unas monedas en uno de sus bolsillos, es decir no hubo sustracci\u00f3n de ninguna especie. M\u00e1s a\u00fan, no hay forzamiento en las chapas de acceso a la casa, las llaves de la motocicleta estaban ah\u00ed. Es decir todo era muy confuso, se\u00f1al\u00f3 el fiscal Palacios Bobadilla en su argumentaci\u00f3n.<\/p>\n<p>\u2013\u00a0<strong>Cuando la hija ingresa por primera vez, \u00bfes ah\u00ed donde el imputado le dice \u00abespera, no he terminado\u00bb?<\/strong><\/p>\n<p>\u2013 S\u00ed, cuando se ponen de acuerdo ella ingresa y \u00e9l a\u00fan estaba luchando con la v\u00edctima en el suelo, estaba golpeando, tratando de asfixiar a la v\u00edctima. Ella ingresa, ve esto y \u00e9l dice que \u00aba\u00fan no termino\u00bb, entonces ella sale de ah\u00ed esperando para que le den muerte a su padre.<\/p>\n<p>\u2013\u00a0<strong>\u00bfVuelve despu\u00e9s?<\/strong><\/p>\n<p>\u2013 Vuelve despu\u00e9s en un rato cuando ya estaba fallecido, y al estar fallecido el imputado le se\u00f1ala seg\u00fan sus propias palabras \u00abque le demos cinco minutos\u00bb para que \u00e9l arregle todo el lugar. A ra\u00edz de ello, ella sale del lugar, da una vuelta por unos minutos y ah\u00ed vuelve cuando el imputado ya se hab\u00eda cambiado de ropa, la cual ten\u00eda manchada con sangre que fue la ropa que encontramos posteriormente en el dormitorio.<\/p>\n<p>\u2013\u00a0<strong>\u00bfAh\u00ed llaman a Carabineros y el SAMU respectivamente?<\/strong><\/p>\n<p>\u2013 Al momento despu\u00e9s, cuando vuelve por tercera vez que ella ingresa ah\u00ed, es cuando reci\u00e9n llaman; ella llama al SAMU, quienes le dan instrucciones de reanimaci\u00f3n y \u00e9l llama a Carabineros.<\/p>\n<p>\u2013\u00a0<strong>\u00bfLas penas que arriesgan en este caso, fiscal?<\/strong><\/p>\n<p>\u2013 Las penas son bastante altas, porque parte en presidio mayor en su grado m\u00e1ximo, es decir la pena m\u00ednima que arriesgan son los 15 a\u00f1os y un d\u00eda, ah\u00ed tenemos que ver si hay atenuantes o no-<\/p>\n<p>Se\u00f1alar que la votaci\u00f3n para mantener la prisi\u00f3n preventiva fue con un voto en contra de un ministro subrogante.<\/p>\n<p><strong>Parricidio (Art. 390 del C\u00f3digo Penal): El que, conociendo las relaciones que los ligan, mate a su padre, madre o hijo, a cualquier otro de sus ascendientes o descendientes o a quien es o ha sido su c\u00f3nyuge o su conviviente, ser\u00e1 castigado, como\u00a0parricida, con la pena de presidio mayor en su grado m\u00e1ximo a presidio perpetuo calificado.<\/strong><\/p>\n<p>&nbsp;<\/p>\n<figure id=\"attachment_97552\" aria-describedby=\"caption-attachment-97552\" style=\"width: 580px\" class=\"wp-caption alignnone\"><img data-recalc-dims=\"1\" loading=\"lazy\" decoding=\"async\" class=\"size-full wp-image-97552\" src=\"https:\/\/i0.wp.com\/www.eltrabajo.cl\/portal\/wp-content\/uploads\/2020\/03\/imputados-1.jpg?resize=580%2C360\" alt=\"Los imputados en la audiencia de formalizaci\u00f3n quedaron en prisi\u00f3n preventiva, presentando una apelaci\u00f3n en el caso de la imputada, la cual fue rechazada.\" width=\"580\" height=\"360\" srcset=\"https:\/\/i0.wp.com\/eltrabajo.cl\/portal\/wp-content\/uploads\/2020\/03\/imputados-1.jpg?w=580&amp;ssl=1 580w, https:\/\/i0.wp.com\/eltrabajo.cl\/portal\/wp-content\/uploads\/2020\/03\/imputados-1.jpg?resize=300%2C186&amp;ssl=1 300w, https:\/\/i0.wp.com\/eltrabajo.cl\/portal\/wp-content\/uploads\/2020\/03\/imputados-1.jpg?resize=200%2C124&amp;ssl=1 200w, https:\/\/i0.wp.com\/eltrabajo.cl\/portal\/wp-content\/uploads\/2020\/03\/imputados-1.jpg?resize=242%2C150&amp;ssl=1 242w, https:\/\/i0.wp.com\/eltrabajo.cl\/portal\/wp-content\/uploads\/2020\/03\/imputados-1.jpg?resize=400%2C248&amp;ssl=1 400w\" sizes=\"auto, (max-width: 580px) 100vw, 580px\" \/><figcaption id=\"caption-attachment-97552\" class=\"wp-caption-text\">Los imputados en la audiencia de formalizaci\u00f3n quedaron en prisi\u00f3n preventiva, presentando una apelaci\u00f3n en el caso de la imputada, la cual fue rechazada.<\/figcaption><\/figure>\n","protected":false},"excerpt":{"rendered":"<p>Muerte de Armando Lat\u00edn Su\u00e1rez: La Ilustr\u00edsima Corte de Apelaciones de Valpara\u00edso confirm\u00f3 la prisi\u00f3n preventiva para Natalia Lat\u00edn Ach\u00fa, \u00a0acusada de parricidio contra Armando Lat\u00edn Su\u00e1rez, hecho ocurrido el d\u00eda s\u00e1bado&#8230;<\/p>\n","protected":false},"author":482,"featured_media":97552,"comment_status":"open","ping_status":"open","sticky":false,"template":"","format":"standard","meta":{"advanced_seo_description":"","jetpack_seo_html_title":"","jetpack_seo_noindex":false,"_jetpack_memberships_contains_paid_content":false,"footnotes":""},"categories":[97],"tags":[],"class_list":["post-97551","post","type-post","status-publish","format-standard","has-post-thumbnail","hentry","category-tribunales"],"jetpack_featured_media_url":"https:\/\/i0.wp.com\/eltrabajo.cl\/portal\/wp-content\/uploads\/2020\/03\/imputados-1.jpg?fit=580%2C360&ssl=1","jetpack_sharing_enabled":true,"jetpack_likes_enabled":true,"jetpack-related-posts":[],"_links":{"self":[{"href":"https:\/\/eltrabajo.cl\/portal\/wp-json\/wp\/v2\/posts\/97551","targetHints":{"allow":["GET"]}}],"collection":[{"href":"https:\/\/eltrabajo.cl\/portal\/wp-json\/wp\/v2\/posts"}],"about":[{"href":"https:\/\/eltrabajo.cl\/portal\/wp-json\/wp\/v2\/types\/post"}],"author":[{"embeddable":true,"href":"https:\/\/eltrabajo.cl\/portal\/wp-json\/wp\/v2\/users\/482"}],"replies":[{"embeddable":true,"href":"https:\/\/eltrabajo.cl\/portal\/wp-json\/wp\/v2\/comments?post=97551"}],"version-history":[{"count":0,"href":"https:\/\/eltrabajo.cl\/portal\/wp-json\/wp\/v2\/posts\/97551\/revisions"}],"wp:featuredmedia":[{"embeddable":true,"href":"https:\/\/eltrabajo.cl\/portal\/wp-json\/wp\/v2\/media\/97552"}],"wp:attachment":[{"href":"https:\/\/eltrabajo.cl\/portal\/wp-json\/wp\/v2\/media?parent=97551"}],"wp:term":[{"taxonomy":"category","embeddable":true,"href":"https:\/\/eltrabajo.cl\/portal\/wp-json\/wp\/v2\/categories?post=97551"},{"taxonomy":"post_tag","embeddable":true,"href":"https:\/\/eltrabajo.cl\/portal\/wp-json\/wp\/v2\/tags?post=97551"}],"curies":[{"name":"wp","href":"https:\/\/api.w.org\/{rel}","templated":true}]}}