{"id":97554,"date":"2020-03-20T05:02:11","date_gmt":"2020-03-20T08:02:11","guid":{"rendered":"http:\/\/www.eltrabajo.cl\/portal\/?p=97554"},"modified":"2020-03-19T20:54:20","modified_gmt":"2020-03-19T23:54:20","slug":"union-san-felipe-suspende-actividades-por-tiempo-indefinido","status":"publish","type":"post","link":"https:\/\/eltrabajo.cl\/portal\/union-san-felipe-suspende-actividades-por-tiempo-indefinido\/","title":{"rendered":"Uni\u00f3n San Felipe suspende actividades por tiempo indefinido"},"content":{"rendered":"<p>Como una forma de cuidar a su plantel profesional y todos los miembros que forman parte del club, la dirigencia de Uni\u00f3n San Felipe determin\u00f3 cerrar por un tiempo indeterminado su Sede Central y el Complejo Deportivo.<\/p>\n<p>Mediante un comunicado de prensa la instituci\u00f3n sanfelipe\u00f1a inform\u00f3 que su plantel de honor (ver nota aparte) quedar\u00e1 liberado hasta el lunes de la pr\u00f3xima semana. De acuerdo a como se vaya dando la contingencia se analizar\u00e1 los pasos a seguir, determinaci\u00f3n que se tomar\u00e1 ese d\u00eda despu\u00e9s de hacer el respectivo estudio de la situaci\u00f3n.<\/p>\n<p>&nbsp;<\/p>\n<figure id=\"attachment_97555\" aria-describedby=\"caption-attachment-97555\" style=\"width: 580px\" class=\"wp-caption alignnone\"><img data-recalc-dims=\"1\" loading=\"lazy\" decoding=\"async\" class=\"size-full wp-image-97555\" src=\"https:\/\/i0.wp.com\/www.eltrabajo.cl\/portal\/wp-content\/uploads\/2020\/03\/complejo.jpg?resize=580%2C358\" alt=\"Las puertas del Complejo Deportivo de Uni\u00f3n San Felipe estar\u00e1n cerradas por un tiempo indeterminado. En la imagen el volante Gonzalo \u00c1lvarez durante un entrenamiento en la cancha\" width=\"580\" height=\"358\" srcset=\"https:\/\/i0.wp.com\/eltrabajo.cl\/portal\/wp-content\/uploads\/2020\/03\/complejo.jpg?w=580&amp;ssl=1 580w, https:\/\/i0.wp.com\/eltrabajo.cl\/portal\/wp-content\/uploads\/2020\/03\/complejo.jpg?resize=300%2C185&amp;ssl=1 300w, https:\/\/i0.wp.com\/eltrabajo.cl\/portal\/wp-content\/uploads\/2020\/03\/complejo.jpg?resize=200%2C123&amp;ssl=1 200w, https:\/\/i0.wp.com\/eltrabajo.cl\/portal\/wp-content\/uploads\/2020\/03\/complejo.jpg?resize=243%2C150&amp;ssl=1 243w, https:\/\/i0.wp.com\/eltrabajo.cl\/portal\/wp-content\/uploads\/2020\/03\/complejo.jpg?resize=400%2C247&amp;ssl=1 400w\" sizes=\"auto, (max-width: 580px) 100vw, 580px\" \/><figcaption id=\"caption-attachment-97555\" class=\"wp-caption-text\">Las puertas del Complejo Deportivo de Uni\u00f3n San Felipe estar\u00e1n cerradas por un tiempo indeterminado. En la imagen el volante Gonzalo \u00c1lvarez durante un entrenamiento en la cancha<\/figcaption><\/figure>\n","protected":false},"excerpt":{"rendered":"<p>Como una forma de cuidar a su plantel profesional y todos los miembros que forman parte del club, la dirigencia de Uni\u00f3n San Felipe determin\u00f3 cerrar por un tiempo indeterminado su Sede&#8230;<\/p>\n","protected":false},"author":482,"featured_media":97555,"comment_status":"open","ping_status":"open","sticky":false,"template":"","format":"standard","meta":{"advanced_seo_description":"","jetpack_seo_html_title":"","jetpack_seo_noindex":false,"_jetpack_memberships_contains_paid_content":false,"footnotes":""},"categories":[19],"tags":[],"class_list":["post-97554","post","type-post","status-publish","format-standard","has-post-thumbnail","hentry","category-deportes"],"jetpack_featured_media_url":"https:\/\/i0.wp.com\/eltrabajo.cl\/portal\/wp-content\/uploads\/2020\/03\/complejo.jpg?fit=580%2C358&ssl=1","jetpack_sharing_enabled":true,"jetpack_likes_enabled":true,"jetpack-related-posts":[],"_links":{"self":[{"href":"https:\/\/eltrabajo.cl\/portal\/wp-json\/wp\/v2\/posts\/97554","targetHints":{"allow":["GET"]}}],"collection":[{"href":"https:\/\/eltrabajo.cl\/portal\/wp-json\/wp\/v2\/posts"}],"about":[{"href":"https:\/\/eltrabajo.cl\/portal\/wp-json\/wp\/v2\/types\/post"}],"author":[{"embeddable":true,"href":"https:\/\/eltrabajo.cl\/portal\/wp-json\/wp\/v2\/users\/482"}],"replies":[{"embeddable":true,"href":"https:\/\/eltrabajo.cl\/portal\/wp-json\/wp\/v2\/comments?post=97554"}],"version-history":[{"count":0,"href":"https:\/\/eltrabajo.cl\/portal\/wp-json\/wp\/v2\/posts\/97554\/revisions"}],"wp:featuredmedia":[{"embeddable":true,"href":"https:\/\/eltrabajo.cl\/portal\/wp-json\/wp\/v2\/media\/97555"}],"wp:attachment":[{"href":"https:\/\/eltrabajo.cl\/portal\/wp-json\/wp\/v2\/media?parent=97554"}],"wp:term":[{"taxonomy":"category","embeddable":true,"href":"https:\/\/eltrabajo.cl\/portal\/wp-json\/wp\/v2\/categories?post=97554"},{"taxonomy":"post_tag","embeddable":true,"href":"https:\/\/eltrabajo.cl\/portal\/wp-json\/wp\/v2\/tags?post=97554"}],"curies":[{"name":"wp","href":"https:\/\/api.w.org\/{rel}","templated":true}]}}