{"id":97557,"date":"2020-03-20T05:01:26","date_gmt":"2020-03-20T08:01:26","guid":{"rendered":"http:\/\/www.eltrabajo.cl\/portal\/?p=97557"},"modified":"2020-03-19T20:55:20","modified_gmt":"2020-03-19T23:55:20","slug":"para-mayo-fue-aplazado-el-inicio-del-torneo-de-la-tercera-division","status":"publish","type":"post","link":"https:\/\/eltrabajo.cl\/portal\/para-mayo-fue-aplazado-el-inicio-del-torneo-de-la-tercera-division\/","title":{"rendered":"Para mayo fue aplazado el inicio del torneo de la Tercera Divisi\u00f3n"},"content":{"rendered":"<p>El Coronavirus ha provocado un verdadero terremoto que ha movido los cimientos de todas las actividades que se realizan en el pa\u00eds. El deporte no ha sido la excepci\u00f3n ya que todas las competencias han sido suspendidas, aplazadas y otras ni siquiera tienen fecha de inicio.<\/p>\n<p>A los torneos profesionales de la ANFP, se sumar\u00e1 la competencia mayor de la ANFA, por lo que Trasandino tendr\u00e1 que esperar hasta el mes de mayo para iniciar su participaci\u00f3n en el campeonato de la Tercera Divisi\u00f3n A.<\/p>\n<p>A ra\u00edz de la p\u00e9rdida de tiempo que significar\u00e1 el aplazamiento del campeonato, el directorio de la Tercera Divisi\u00f3n realiz\u00f3 un cambio a su torneo estelar, que ahora consistir\u00e1 en una fase \u00fanica de dos ruedas, de todos contra todos, donde el campe\u00f3n y el sub campe\u00f3n ascender\u00e1n de manera directa a la Segunda Divisi\u00f3n Profesional. Con esto se elimina la postemporada, poniendo con ello una cuota de presi\u00f3n extra a los clubes participantes porque se reduce dram\u00e1ticamente el margen de error; es decir \u2018El C\u00f3ndor\u2019, si quiere volver al balompi\u00e9 rentado, deber\u00e1 hacer una campa\u00f1a casi perfecta, o de lo contrario tendr\u00e1 que seguir sumergido en los pantanos de la Tercera A.<\/p>\n<p>&nbsp;<\/p>\n<figure id=\"attachment_97558\" aria-describedby=\"caption-attachment-97558\" style=\"width: 580px\" class=\"wp-caption alignnone\"><img data-recalc-dims=\"1\" loading=\"lazy\" decoding=\"async\" class=\"size-full wp-image-97558\" src=\"https:\/\/i0.wp.com\/www.eltrabajo.cl\/portal\/wp-content\/uploads\/2020\/03\/trasandino.jpg?resize=580%2C360\" alt=\"La escuadra de Los Andes tendr\u00e1 que seguir esperando para su estreno en el torneo 2020 de la Tercera A.\" width=\"580\" height=\"360\" srcset=\"https:\/\/i0.wp.com\/eltrabajo.cl\/portal\/wp-content\/uploads\/2020\/03\/trasandino.jpg?w=580&amp;ssl=1 580w, https:\/\/i0.wp.com\/eltrabajo.cl\/portal\/wp-content\/uploads\/2020\/03\/trasandino.jpg?resize=300%2C186&amp;ssl=1 300w, https:\/\/i0.wp.com\/eltrabajo.cl\/portal\/wp-content\/uploads\/2020\/03\/trasandino.jpg?resize=200%2C124&amp;ssl=1 200w, https:\/\/i0.wp.com\/eltrabajo.cl\/portal\/wp-content\/uploads\/2020\/03\/trasandino.jpg?resize=242%2C150&amp;ssl=1 242w, https:\/\/i0.wp.com\/eltrabajo.cl\/portal\/wp-content\/uploads\/2020\/03\/trasandino.jpg?resize=400%2C248&amp;ssl=1 400w\" sizes=\"auto, (max-width: 580px) 100vw, 580px\" \/><figcaption id=\"caption-attachment-97558\" class=\"wp-caption-text\">La escuadra de Los Andes tendr\u00e1 que seguir esperando para su estreno en el torneo 2020 de la Tercera A.<\/figcaption><\/figure>\n","protected":false},"excerpt":{"rendered":"<p>El Coronavirus ha provocado un verdadero terremoto que ha movido los cimientos de todas las actividades que se realizan en el pa\u00eds. El deporte no ha sido la excepci\u00f3n ya que todas&#8230;<\/p>\n","protected":false},"author":482,"featured_media":97558,"comment_status":"open","ping_status":"open","sticky":false,"template":"","format":"standard","meta":{"advanced_seo_description":"","jetpack_seo_html_title":"","jetpack_seo_noindex":false,"_jetpack_memberships_contains_paid_content":false,"footnotes":""},"categories":[19],"tags":[],"class_list":["post-97557","post","type-post","status-publish","format-standard","has-post-thumbnail","hentry","category-deportes"],"jetpack_featured_media_url":"https:\/\/i0.wp.com\/eltrabajo.cl\/portal\/wp-content\/uploads\/2020\/03\/trasandino.jpg?fit=580%2C360&ssl=1","jetpack_sharing_enabled":true,"jetpack_likes_enabled":true,"jetpack-related-posts":[],"_links":{"self":[{"href":"https:\/\/eltrabajo.cl\/portal\/wp-json\/wp\/v2\/posts\/97557","targetHints":{"allow":["GET"]}}],"collection":[{"href":"https:\/\/eltrabajo.cl\/portal\/wp-json\/wp\/v2\/posts"}],"about":[{"href":"https:\/\/eltrabajo.cl\/portal\/wp-json\/wp\/v2\/types\/post"}],"author":[{"embeddable":true,"href":"https:\/\/eltrabajo.cl\/portal\/wp-json\/wp\/v2\/users\/482"}],"replies":[{"embeddable":true,"href":"https:\/\/eltrabajo.cl\/portal\/wp-json\/wp\/v2\/comments?post=97557"}],"version-history":[{"count":0,"href":"https:\/\/eltrabajo.cl\/portal\/wp-json\/wp\/v2\/posts\/97557\/revisions"}],"wp:featuredmedia":[{"embeddable":true,"href":"https:\/\/eltrabajo.cl\/portal\/wp-json\/wp\/v2\/media\/97558"}],"wp:attachment":[{"href":"https:\/\/eltrabajo.cl\/portal\/wp-json\/wp\/v2\/media?parent=97557"}],"wp:term":[{"taxonomy":"category","embeddable":true,"href":"https:\/\/eltrabajo.cl\/portal\/wp-json\/wp\/v2\/categories?post=97557"},{"taxonomy":"post_tag","embeddable":true,"href":"https:\/\/eltrabajo.cl\/portal\/wp-json\/wp\/v2\/tags?post=97557"}],"curies":[{"name":"wp","href":"https:\/\/api.w.org\/{rel}","templated":true}]}}