{"id":97569,"date":"2020-03-20T05:07:39","date_gmt":"2020-03-20T08:07:39","guid":{"rendered":"http:\/\/www.eltrabajo.cl\/portal\/?p=97569"},"modified":"2020-03-19T21:07:50","modified_gmt":"2020-03-20T00:07:50","slug":"con-bloqueo-en-la-entrada-vecinos-obligan-a-cerrar-centro-turistico-palomar","status":"publish","type":"post","link":"https:\/\/eltrabajo.cl\/portal\/con-bloqueo-en-la-entrada-vecinos-obligan-a-cerrar-centro-turistico-palomar\/","title":{"rendered":"Con bloqueo en la entrada vecinos obligan a cerrar Centro Tur\u00edstico Palomar"},"content":{"rendered":"<p><span style=\"color: #ff0000;\"><strong>Administrador decret\u00f3 cierre inmediato con turistas adentro:<\/strong><\/span><\/p>\n<p>M\u00e1s que una en\u00e9rgica protesta fue la que hizo un grupo de vecinos en la entrada del centro tur\u00edstico Palomar, dependiente de Caja de Compensaci\u00f3n Los Andes, en la poblaci\u00f3n del mismo nombre en Panquehue, con miras a exigir a la administraci\u00f3n que cierren el recinto y no se permita m\u00e1s la entrada a turistas. El bloqueo dice relaci\u00f3n con la presencia de m\u00e1s de diez turistas alojados en ese lugar desde el domingo, lo que obliga tambi\u00e9n a los trabajadores a estar laborando y en contacto con estas personas.<\/p>\n<p><strong>Diario El Trabajo<\/strong> estuvo en el lugar al mediod\u00eda de ayer jueves, en esa oportunidad nuestras c\u00e1maras tomaron registro del bloqueo a la entrada principal del recinto tur\u00edstico. Los vecinos mostraban carteles con sus exigencias escritas, y a su vez conversamos con <strong>Rub\u00e9n Henr\u00edquez<\/strong>, quien nos asegur\u00f3 que al recinto tur\u00edstico est\u00e1n a\u00fan ingresando turistas a vacacionar.<\/p>\n<p>\u00ab<em>Ac\u00e1 la comunidad de Palomar se ha organizado en contra de que en este recinto sigan ingresando personas a vacacionar pues se encuentra abierto, esto por la sencilla raz\u00f3n de que existe mayor probabilidad de que llegue gente contagiada pues al lugar llegan muchas personas adultas mayores, pensionados y familias, y si la medida que ha tomado el Gobierno es decretar cuarentena para que la gente se quede en sus casas para no contraer y propagar este virus, lo m\u00e1s coherente es que este centro tur\u00edstico cierre el recinto <\/em>(\u2026)<em> En este momento hay turistas arriba, hay vecinos del sector que laboran all\u00e1 y sabemos que est\u00e1n cocinando all\u00e1 para los turistas. De momento hicimos esta denuncia en redes sociales y enviamos una carta al mismo centro tur\u00edstico <\/em>(\u2026) <em>El hecho de que estas personas sigan arriba creemos que es un acto irresponsable, pues seguir\u00e1n todos exponi\u00e9ndose cuando la directriz es que no lo hagan, deber\u00edan enviarlos para sus casas ahora que pueden y no se ha decretado un toque de queda o cuarentena obligatoria<\/em>\u00bb, dijo Henr\u00edquez.<\/p>\n<p>&nbsp;<\/p>\n<p><span style=\"color: #ff0000;\"><strong>DECRETAN EL CIERRE<\/strong><\/span><\/p>\n<p><strong>Diario El Trabajo<\/strong> logr\u00f3 conversar con el administrador del Centro Tur\u00edstico Palomar, <strong>Pablo Pastenes<\/strong>, \u00e9l habl\u00f3 primero con los vecinos, y acord\u00f3 decretar en ese momento el cierre del lugar. Tambi\u00e9n nos confirm\u00f3 que <em>\u00abnosotros como recinto de Caja Los Andes estamos muy preocupados de la salud de todos nuestros trabajadores y de toda la comunidad, por consiguiente y acusando recibo de todo lo que est\u00e1 ocurriendo en el pa\u00eds, las contingencias por tema de salud, y obviamente por la preocupaci\u00f3n de nuestros vecinos, quienes se han manifestado en virtud de que la gran parte de empleados nuestros viven en el entorno, vinieron a manifestar su inquietud. Por tal motivo nosotros resolvimos poner cierre al recinto, estaremos levantando un comunicado oficial a trav\u00e9s de nuestra \u00e1rea de Comunicaciones para informar el cierre, actualmente s\u00f3lo tenemos a doce personas al interior del centro tur\u00edstico, estas personas se estar\u00e1n retirando de aqu\u00ed entre este jueves y viernes, ellos ingresaron el domingo<\/em>\u00bb, dijo Pastenes.<\/p>\n<p>&nbsp;<\/p>\n<p><span style=\"color: #ff0000;\"><strong>CESFAM RESPONDE<\/strong><\/span><\/p>\n<p>Nuestro medio tambi\u00e9n habl\u00f3 con el director del Cesfam de Panquehue, Dr. <strong>Te\u00f3filo Reyes<\/strong>, quien nos respondi\u00f3 que <em>\u00aben relaci\u00f3n a la petici\u00f3n formulada por un grupo de vecinos del sector Palomar de la comuna de Panquehue, quienes han solicitado por medidas de seguridad sanitarias, el cierre del centro tur\u00edstico dependiente de Caja de Compensaci\u00f3n Los Andes, y con el fin de garantizar la seguridad de los vecinos, dispuso hace dos d\u00edas la concurrencia de una profesional del Cesfam de la comuna, quien realiz\u00f3 la entrega de una serie de recomendaciones al administrador para ser difundidas a su personal con el fin de asegurar un correcto manejo de las instalaciones en el tema sanitario<\/em>\u00bb, indic\u00f3 el galeno.<\/p>\n<p>A su vez el alcalde de Panquehue <strong>Luis Pradenas<\/strong>, reconoci\u00f3 a nuestro medio entender <em>\u00abcada una de las preocupaciones de estos vecinos, por lo mismo nuestro Municipio se ha adelantado a los hechos, constituyendo una mesa comunal de emergencia por Covid19, donde se han tomado una serie de medidas preventivas, bajando el n\u00famero de funcionarios p\u00fablicos, atendiendo el n\u00famero estrictamente necesario, apoyando la campa\u00f1a de vacunaci\u00f3n contra la Influenza. Por lo mismo reitero el llamado a los vecinos a permanecer en sus hogares y no exponerse a riesgos de contagio<\/em>\u00bb, dijo Pradenas.<\/p>\n<p><strong>Roberto Gonz\u00e1lez Short<\/strong><\/p>\n<p>&nbsp;<\/p>\n<figure id=\"attachment_97575\" aria-describedby=\"caption-attachment-97575\" style=\"width: 580px\" class=\"wp-caption alignnone\"><img data-recalc-dims=\"1\" loading=\"lazy\" decoding=\"async\" class=\"size-full wp-image-97575\" src=\"https:\/\/i0.wp.com\/www.eltrabajo.cl\/portal\/wp-content\/uploads\/2020\/03\/Palomar1.jpg?resize=580%2C360\" alt=\"VECINOS PRESIONAN.- Ellos son parte de los vecinos que ayer bloquearon la entrada al Centro Tur\u00edstico Palomar, en Panquehue, exigiendo su cierre inmediato.\" width=\"580\" height=\"360\" srcset=\"https:\/\/i0.wp.com\/eltrabajo.cl\/portal\/wp-content\/uploads\/2020\/03\/Palomar1.jpg?w=580&amp;ssl=1 580w, https:\/\/i0.wp.com\/eltrabajo.cl\/portal\/wp-content\/uploads\/2020\/03\/Palomar1.jpg?resize=300%2C186&amp;ssl=1 300w, https:\/\/i0.wp.com\/eltrabajo.cl\/portal\/wp-content\/uploads\/2020\/03\/Palomar1.jpg?resize=200%2C124&amp;ssl=1 200w, https:\/\/i0.wp.com\/eltrabajo.cl\/portal\/wp-content\/uploads\/2020\/03\/Palomar1.jpg?resize=242%2C150&amp;ssl=1 242w, https:\/\/i0.wp.com\/eltrabajo.cl\/portal\/wp-content\/uploads\/2020\/03\/Palomar1.jpg?resize=400%2C248&amp;ssl=1 400w\" sizes=\"auto, (max-width: 580px) 100vw, 580px\" \/><figcaption id=\"caption-attachment-97575\" class=\"wp-caption-text\">VECINOS PRESIONAN.- Ellos son parte de los vecinos que ayer bloquearon la entrada al Centro Tur\u00edstico Palomar, en Panquehue, exigiendo su cierre inmediato.<\/figcaption><\/figure>\n<p>&nbsp;<\/p>\n<figure id=\"attachment_97570\" aria-describedby=\"caption-attachment-97570\" style=\"width: 580px\" class=\"wp-caption alignnone\"><img data-recalc-dims=\"1\" loading=\"lazy\" decoding=\"async\" class=\"size-full wp-image-97570\" src=\"https:\/\/i0.wp.com\/www.eltrabajo.cl\/portal\/wp-content\/uploads\/2020\/03\/Palomar2.jpg?resize=580%2C359\" alt=\"LA NEGOCIACI\u00d3N.- El administrador del lugar habl\u00f3 con los vecinos y al final anunci\u00f3 el cierre inmediato del lugar, agregando tambi\u00e9n que los doce turistas saldr\u00e1n del lugar.\" width=\"580\" height=\"359\" srcset=\"https:\/\/i0.wp.com\/eltrabajo.cl\/portal\/wp-content\/uploads\/2020\/03\/Palomar2.jpg?w=580&amp;ssl=1 580w, https:\/\/i0.wp.com\/eltrabajo.cl\/portal\/wp-content\/uploads\/2020\/03\/Palomar2.jpg?resize=300%2C186&amp;ssl=1 300w, https:\/\/i0.wp.com\/eltrabajo.cl\/portal\/wp-content\/uploads\/2020\/03\/Palomar2.jpg?resize=200%2C124&amp;ssl=1 200w, https:\/\/i0.wp.com\/eltrabajo.cl\/portal\/wp-content\/uploads\/2020\/03\/Palomar2.jpg?resize=242%2C150&amp;ssl=1 242w, https:\/\/i0.wp.com\/eltrabajo.cl\/portal\/wp-content\/uploads\/2020\/03\/Palomar2.jpg?resize=400%2C248&amp;ssl=1 400w\" sizes=\"auto, (max-width: 580px) 100vw, 580px\" \/><figcaption id=\"caption-attachment-97570\" class=\"wp-caption-text\">LA NEGOCIACI\u00d3N.- El administrador del lugar habl\u00f3 con los vecinos y al final anunci\u00f3 el cierre inmediato del lugar, agregando tambi\u00e9n que los doce turistas saldr\u00e1n del lugar.<\/figcaption><\/figure>\n<p>&nbsp;<\/p>\n<figure id=\"attachment_97573\" aria-describedby=\"caption-attachment-97573\" style=\"width: 580px\" class=\"wp-caption alignnone\"><img data-recalc-dims=\"1\" loading=\"lazy\" decoding=\"async\" class=\"size-full wp-image-97573\" src=\"https:\/\/i0.wp.com\/www.eltrabajo.cl\/portal\/wp-content\/uploads\/2020\/03\/Palomar_Ruben-Henriquez.jpg?resize=580%2C600\" alt=\"Rub\u00e9n Henr\u00edquez, vecino del sector Palomar.\" width=\"580\" height=\"600\" srcset=\"https:\/\/i0.wp.com\/eltrabajo.cl\/portal\/wp-content\/uploads\/2020\/03\/Palomar_Ruben-Henriquez.jpg?w=580&amp;ssl=1 580w, https:\/\/i0.wp.com\/eltrabajo.cl\/portal\/wp-content\/uploads\/2020\/03\/Palomar_Ruben-Henriquez.jpg?resize=290%2C300&amp;ssl=1 290w, https:\/\/i0.wp.com\/eltrabajo.cl\/portal\/wp-content\/uploads\/2020\/03\/Palomar_Ruben-Henriquez.jpg?resize=145%2C150&amp;ssl=1 145w, https:\/\/i0.wp.com\/eltrabajo.cl\/portal\/wp-content\/uploads\/2020\/03\/Palomar_Ruben-Henriquez.jpg?resize=400%2C414&amp;ssl=1 400w\" sizes=\"auto, (max-width: 580px) 100vw, 580px\" \/><figcaption id=\"caption-attachment-97573\" class=\"wp-caption-text\">Rub\u00e9n Henr\u00edquez, vecino del sector Palomar.<\/figcaption><\/figure>\n<p>&nbsp;<\/p>\n<figure id=\"attachment_97574\" aria-describedby=\"caption-attachment-97574\" style=\"width: 580px\" class=\"wp-caption alignnone\"><img data-recalc-dims=\"1\" loading=\"lazy\" decoding=\"async\" class=\"size-full wp-image-97574\" src=\"https:\/\/i0.wp.com\/www.eltrabajo.cl\/portal\/wp-content\/uploads\/2020\/03\/Palomar_Teofilo-Reyes.jpg?resize=580%2C598\" alt=\"Director del Cesfam de Panquehue, Dr. Te\u00f3filo Reyes.\" width=\"580\" height=\"598\" srcset=\"https:\/\/i0.wp.com\/eltrabajo.cl\/portal\/wp-content\/uploads\/2020\/03\/Palomar_Teofilo-Reyes.jpg?w=580&amp;ssl=1 580w, https:\/\/i0.wp.com\/eltrabajo.cl\/portal\/wp-content\/uploads\/2020\/03\/Palomar_Teofilo-Reyes.jpg?resize=291%2C300&amp;ssl=1 291w, https:\/\/i0.wp.com\/eltrabajo.cl\/portal\/wp-content\/uploads\/2020\/03\/Palomar_Teofilo-Reyes.jpg?resize=145%2C150&amp;ssl=1 145w, https:\/\/i0.wp.com\/eltrabajo.cl\/portal\/wp-content\/uploads\/2020\/03\/Palomar_Teofilo-Reyes.jpg?resize=400%2C412&amp;ssl=1 400w\" sizes=\"auto, (max-width: 580px) 100vw, 580px\" \/><figcaption id=\"caption-attachment-97574\" class=\"wp-caption-text\">Director del Cesfam de Panquehue, Dr. Te\u00f3filo Reyes.<\/figcaption><\/figure>\n<p>&nbsp;<\/p>\n<figure id=\"attachment_97571\" aria-describedby=\"caption-attachment-97571\" style=\"width: 578px\" class=\"wp-caption alignnone\"><img data-recalc-dims=\"1\" loading=\"lazy\" decoding=\"async\" class=\"size-full wp-image-97571\" src=\"https:\/\/i0.wp.com\/www.eltrabajo.cl\/portal\/wp-content\/uploads\/2020\/03\/Palomar_Luis-Pradenas.jpg?resize=578%2C600\" alt=\"Luis Pradenas Mor\u00e1n, alcalde de Panquehue.\" width=\"578\" height=\"600\" srcset=\"https:\/\/i0.wp.com\/eltrabajo.cl\/portal\/wp-content\/uploads\/2020\/03\/Palomar_Luis-Pradenas.jpg?w=578&amp;ssl=1 578w, https:\/\/i0.wp.com\/eltrabajo.cl\/portal\/wp-content\/uploads\/2020\/03\/Palomar_Luis-Pradenas.jpg?resize=289%2C300&amp;ssl=1 289w, https:\/\/i0.wp.com\/eltrabajo.cl\/portal\/wp-content\/uploads\/2020\/03\/Palomar_Luis-Pradenas.jpg?resize=145%2C150&amp;ssl=1 145w, https:\/\/i0.wp.com\/eltrabajo.cl\/portal\/wp-content\/uploads\/2020\/03\/Palomar_Luis-Pradenas.jpg?resize=400%2C415&amp;ssl=1 400w\" sizes=\"auto, (max-width: 578px) 100vw, 578px\" \/><figcaption id=\"caption-attachment-97571\" class=\"wp-caption-text\">Luis Pradenas Mor\u00e1n, alcalde de Panquehue.<\/figcaption><\/figure>\n<p>&nbsp;<\/p>\n<figure id=\"attachment_97572\" aria-describedby=\"caption-attachment-97572\" style=\"width: 580px\" class=\"wp-caption alignnone\"><img data-recalc-dims=\"1\" loading=\"lazy\" decoding=\"async\" class=\"size-full wp-image-97572\" src=\"https:\/\/i0.wp.com\/www.eltrabajo.cl\/portal\/wp-content\/uploads\/2020\/03\/Palomar_Pablo-Pastenes.jpg?resize=580%2C600\" alt=\"Administrador de Centro Tur\u00edstico Palomar, Pablo Pastenes.\" width=\"580\" height=\"600\" srcset=\"https:\/\/i0.wp.com\/eltrabajo.cl\/portal\/wp-content\/uploads\/2020\/03\/Palomar_Pablo-Pastenes.jpg?w=580&amp;ssl=1 580w, https:\/\/i0.wp.com\/eltrabajo.cl\/portal\/wp-content\/uploads\/2020\/03\/Palomar_Pablo-Pastenes.jpg?resize=290%2C300&amp;ssl=1 290w, https:\/\/i0.wp.com\/eltrabajo.cl\/portal\/wp-content\/uploads\/2020\/03\/Palomar_Pablo-Pastenes.jpg?resize=145%2C150&amp;ssl=1 145w, https:\/\/i0.wp.com\/eltrabajo.cl\/portal\/wp-content\/uploads\/2020\/03\/Palomar_Pablo-Pastenes.jpg?resize=400%2C414&amp;ssl=1 400w\" sizes=\"auto, (max-width: 580px) 100vw, 580px\" \/><figcaption id=\"caption-attachment-97572\" class=\"wp-caption-text\">Administrador de Centro Tur\u00edstico Palomar, Pablo Pastenes.<\/figcaption><\/figure>\n","protected":false},"excerpt":{"rendered":"<p>Administrador decret\u00f3 cierre inmediato con turistas adentro: M\u00e1s que una en\u00e9rgica protesta fue la que hizo un grupo de vecinos en la entrada del centro tur\u00edstico Palomar, dependiente de Caja de Compensaci\u00f3n&#8230;<\/p>\n","protected":false},"author":482,"featured_media":97575,"comment_status":"open","ping_status":"open","sticky":false,"template":"","format":"standard","meta":{"advanced_seo_description":"","jetpack_seo_html_title":"","jetpack_seo_noindex":false,"_jetpack_memberships_contains_paid_content":false,"footnotes":""},"categories":[15],"tags":[],"class_list":["post-97569","post","type-post","status-publish","format-standard","has-post-thumbnail","hentry","category-comunidad"],"jetpack_featured_media_url":"https:\/\/i0.wp.com\/eltrabajo.cl\/portal\/wp-content\/uploads\/2020\/03\/Palomar1.jpg?fit=580%2C360&ssl=1","jetpack_sharing_enabled":true,"jetpack_likes_enabled":true,"jetpack-related-posts":[],"_links":{"self":[{"href":"https:\/\/eltrabajo.cl\/portal\/wp-json\/wp\/v2\/posts\/97569","targetHints":{"allow":["GET"]}}],"collection":[{"href":"https:\/\/eltrabajo.cl\/portal\/wp-json\/wp\/v2\/posts"}],"about":[{"href":"https:\/\/eltrabajo.cl\/portal\/wp-json\/wp\/v2\/types\/post"}],"author":[{"embeddable":true,"href":"https:\/\/eltrabajo.cl\/portal\/wp-json\/wp\/v2\/users\/482"}],"replies":[{"embeddable":true,"href":"https:\/\/eltrabajo.cl\/portal\/wp-json\/wp\/v2\/comments?post=97569"}],"version-history":[{"count":0,"href":"https:\/\/eltrabajo.cl\/portal\/wp-json\/wp\/v2\/posts\/97569\/revisions"}],"wp:featuredmedia":[{"embeddable":true,"href":"https:\/\/eltrabajo.cl\/portal\/wp-json\/wp\/v2\/media\/97575"}],"wp:attachment":[{"href":"https:\/\/eltrabajo.cl\/portal\/wp-json\/wp\/v2\/media?parent=97569"}],"wp:term":[{"taxonomy":"category","embeddable":true,"href":"https:\/\/eltrabajo.cl\/portal\/wp-json\/wp\/v2\/categories?post=97569"},{"taxonomy":"post_tag","embeddable":true,"href":"https:\/\/eltrabajo.cl\/portal\/wp-json\/wp\/v2\/tags?post=97569"}],"curies":[{"name":"wp","href":"https:\/\/api.w.org\/{rel}","templated":true}]}}