{"id":97601,"date":"2020-03-23T22:00:05","date_gmt":"2020-03-24T01:00:05","guid":{"rendered":"http:\/\/www.eltrabajo.cl\/portal\/?p=97601"},"modified":"2020-03-23T22:00:05","modified_gmt":"2020-03-24T01:00:05","slug":"union-san-felipe-se-suma-a-la-campana-contra-el-coronavirus","status":"publish","type":"post","link":"https:\/\/eltrabajo.cl\/portal\/union-san-felipe-se-suma-a-la-campana-contra-el-coronavirus\/","title":{"rendered":"Uni\u00f3n San Felipe se suma a la campa\u00f1a contra el Coronavirus"},"content":{"rendered":"<p>Mediante pr\u00e1cticos y simples consejos que, a trav\u00e9s de un video dan algunos de los miembros de su plantel de Honor, Uni\u00f3n San Felipe est\u00e1 haciendo una campa\u00f1a de prevenci\u00f3n para evitar la propagaci\u00f3n del Coronavirus Covid \u2013 19.<\/p>\n<p>El capit\u00e1n <strong>Jes\u00fas Pino<\/strong>, m\u00e1s <strong>Hern\u00e1n Fredes<\/strong>,<strong> Tom\u00e1s Lanzini<\/strong>,<strong> Gonzalo \u00c1lvarez<\/strong>,<strong> Gonzalo Villegas<\/strong>,<strong> Leandro Fioravanti<\/strong>,<strong> Lautaro Palacios<\/strong>,<strong> Juan M\u00e9ndez <\/strong>y<strong> Pablo Vergara<\/strong>, realizaron un llamado dirigido principalmente a la hinchada albirroja y toda la comunidad del valle de Aconcagua, para concientizar sobre la dram\u00e1tica y delicada situaci\u00f3n por la que en estos momentos atraviesa el pa\u00eds y el mundo entero.<\/p>\n<p>&nbsp;<\/p>\n<p><iframe loading=\"lazy\" style=\"border: none; overflow: hidden;\" src=\"https:\/\/www.facebook.com\/plugins\/video.php?href=https%3A%2F%2Fwww.facebook.com%2FElTrabajoDiario%2Fvideos%2F260943451565542%2F&amp;show_text=0&amp;width=560\" width=\"560\" height=\"314\" frameborder=\"0\" scrolling=\"no\" allowfullscreen=\"allowfullscreen\"><\/iframe><\/p>\n","protected":false},"excerpt":{"rendered":"<p>Mediante pr\u00e1cticos y simples consejos que, a trav\u00e9s de un video dan algunos de los miembros de su plantel de Honor, Uni\u00f3n San Felipe est\u00e1 haciendo una campa\u00f1a de prevenci\u00f3n para evitar&#8230;<\/p>\n","protected":false},"author":482,"featured_media":97602,"comment_status":"open","ping_status":"open","sticky":false,"template":"","format":"standard","meta":{"advanced_seo_description":"","jetpack_seo_html_title":"","jetpack_seo_noindex":false,"_jetpack_memberships_contains_paid_content":false,"footnotes":""},"categories":[19],"tags":[],"class_list":["post-97601","post","type-post","status-publish","format-standard","has-post-thumbnail","hentry","category-deportes"],"jetpack_featured_media_url":"https:\/\/i0.wp.com\/eltrabajo.cl\/portal\/wp-content\/uploads\/2020\/03\/uni.jpg?fit=580%2C360&ssl=1","jetpack_sharing_enabled":true,"jetpack_likes_enabled":true,"jetpack-related-posts":[],"_links":{"self":[{"href":"https:\/\/eltrabajo.cl\/portal\/wp-json\/wp\/v2\/posts\/97601","targetHints":{"allow":["GET"]}}],"collection":[{"href":"https:\/\/eltrabajo.cl\/portal\/wp-json\/wp\/v2\/posts"}],"about":[{"href":"https:\/\/eltrabajo.cl\/portal\/wp-json\/wp\/v2\/types\/post"}],"author":[{"embeddable":true,"href":"https:\/\/eltrabajo.cl\/portal\/wp-json\/wp\/v2\/users\/482"}],"replies":[{"embeddable":true,"href":"https:\/\/eltrabajo.cl\/portal\/wp-json\/wp\/v2\/comments?post=97601"}],"version-history":[{"count":0,"href":"https:\/\/eltrabajo.cl\/portal\/wp-json\/wp\/v2\/posts\/97601\/revisions"}],"wp:featuredmedia":[{"embeddable":true,"href":"https:\/\/eltrabajo.cl\/portal\/wp-json\/wp\/v2\/media\/97602"}],"wp:attachment":[{"href":"https:\/\/eltrabajo.cl\/portal\/wp-json\/wp\/v2\/media?parent=97601"}],"wp:term":[{"taxonomy":"category","embeddable":true,"href":"https:\/\/eltrabajo.cl\/portal\/wp-json\/wp\/v2\/categories?post=97601"},{"taxonomy":"post_tag","embeddable":true,"href":"https:\/\/eltrabajo.cl\/portal\/wp-json\/wp\/v2\/tags?post=97601"}],"curies":[{"name":"wp","href":"https:\/\/api.w.org\/{rel}","templated":true}]}}