{"id":97604,"date":"2020-03-23T22:01:39","date_gmt":"2020-03-24T01:01:39","guid":{"rendered":"http:\/\/www.eltrabajo.cl\/portal\/?p=97604"},"modified":"2020-03-23T22:01:39","modified_gmt":"2020-03-24T01:01:39","slug":"plantel-de-union-san-felipe-suspende-actividades-de-manera-indefinida","status":"publish","type":"post","link":"https:\/\/eltrabajo.cl\/portal\/plantel-de-union-san-felipe-suspende-actividades-de-manera-indefinida\/","title":{"rendered":"Plantel de Uni\u00f3n San Felipe suspende actividades de manera indefinida"},"content":{"rendered":"<p>El gerente deportivo de Uni\u00f3n San Felipe, <strong>Leonardo Dur\u00e1n<\/strong>, inform\u00f3, que luego de hacer las respectivas evaluaciones y en vista de la contingencia nacional y mundial por el Coronavirus Covid-19, que todas las actividades del plantel de honor seguir\u00e1n suspendidas. Ahora de manera indefinida.<\/p>\n<p>La determinaci\u00f3n fue tomada durante la jornada de hoy lunes, y reci\u00e9n ser\u00e1 revisada de acuerdo a la evoluci\u00f3n de la pandemia y las determinaciones que tomen las autoridades del pa\u00eds. <em>\u201cRetornar a los entrenamientos hubiera sido algo muy irresponsable de parte nuestra; solo resta esperar c\u00f3mo avanzan las cosas y ah\u00ed tomar las mejores decisiones que vayan en beneficio del plantel\u201d,<\/em> coment\u00f3 el ejecutivo, quien no escondi\u00f3 su preocupaci\u00f3n por el momento que vive el f\u00fatbol chileno. <em>\u201cEl panorama es muy complejo, pero a\u00fan es pronto para comenzar a elucubrar sobre lo que puede suceder. Lo mejor es esperar y tener fe en que esto mejorar\u00e1. Lo que s\u00ed es claro es que la industria est\u00e1 sufriendo con todo esto\u201d,<\/em> dijo Leonardo Dur\u00e1n.<\/p>\n<p>&nbsp;<\/p>\n<figure id=\"attachment_97605\" aria-describedby=\"caption-attachment-97605\" style=\"width: 580px\" class=\"wp-caption alignnone\"><img data-recalc-dims=\"1\" loading=\"lazy\" decoding=\"async\" class=\"size-full wp-image-97605\" src=\"https:\/\/i0.wp.com\/www.eltrabajo.cl\/portal\/wp-content\/uploads\/2020\/03\/uni-uni.jpg?resize=580%2C359\" alt=\"El plantel de honor del Un\u00ed Un\u00ed no volver\u00e1 a las pr\u00e1cticas hasta que el Coronavirus d\u00e9 una tregua.\" width=\"580\" height=\"359\" srcset=\"https:\/\/i0.wp.com\/eltrabajo.cl\/portal\/wp-content\/uploads\/2020\/03\/uni-uni.jpg?w=580&amp;ssl=1 580w, https:\/\/i0.wp.com\/eltrabajo.cl\/portal\/wp-content\/uploads\/2020\/03\/uni-uni.jpg?resize=300%2C186&amp;ssl=1 300w, https:\/\/i0.wp.com\/eltrabajo.cl\/portal\/wp-content\/uploads\/2020\/03\/uni-uni.jpg?resize=200%2C124&amp;ssl=1 200w, https:\/\/i0.wp.com\/eltrabajo.cl\/portal\/wp-content\/uploads\/2020\/03\/uni-uni.jpg?resize=242%2C150&amp;ssl=1 242w, https:\/\/i0.wp.com\/eltrabajo.cl\/portal\/wp-content\/uploads\/2020\/03\/uni-uni.jpg?resize=400%2C248&amp;ssl=1 400w\" sizes=\"auto, (max-width: 580px) 100vw, 580px\" \/><figcaption id=\"caption-attachment-97605\" class=\"wp-caption-text\">El plantel de honor del Un\u00ed Un\u00ed no volver\u00e1 a las pr\u00e1cticas hasta que el Coronavirus d\u00e9 una tregua.<\/figcaption><\/figure>\n<p>&nbsp;<\/p>\n","protected":false},"excerpt":{"rendered":"<p>El gerente deportivo de Uni\u00f3n San Felipe, Leonardo Dur\u00e1n, inform\u00f3, que luego de hacer las respectivas evaluaciones y en vista de la contingencia nacional y mundial por el Coronavirus Covid-19, que todas&#8230;<\/p>\n","protected":false},"author":482,"featured_media":97605,"comment_status":"open","ping_status":"open","sticky":false,"template":"","format":"standard","meta":{"advanced_seo_description":"","jetpack_seo_html_title":"","jetpack_seo_noindex":false,"_jetpack_memberships_contains_paid_content":false,"footnotes":""},"categories":[19],"tags":[],"class_list":["post-97604","post","type-post","status-publish","format-standard","has-post-thumbnail","hentry","category-deportes"],"jetpack_featured_media_url":"https:\/\/i0.wp.com\/eltrabajo.cl\/portal\/wp-content\/uploads\/2020\/03\/uni-uni.jpg?fit=580%2C359&ssl=1","jetpack_sharing_enabled":true,"jetpack_likes_enabled":true,"jetpack-related-posts":[],"_links":{"self":[{"href":"https:\/\/eltrabajo.cl\/portal\/wp-json\/wp\/v2\/posts\/97604","targetHints":{"allow":["GET"]}}],"collection":[{"href":"https:\/\/eltrabajo.cl\/portal\/wp-json\/wp\/v2\/posts"}],"about":[{"href":"https:\/\/eltrabajo.cl\/portal\/wp-json\/wp\/v2\/types\/post"}],"author":[{"embeddable":true,"href":"https:\/\/eltrabajo.cl\/portal\/wp-json\/wp\/v2\/users\/482"}],"replies":[{"embeddable":true,"href":"https:\/\/eltrabajo.cl\/portal\/wp-json\/wp\/v2\/comments?post=97604"}],"version-history":[{"count":0,"href":"https:\/\/eltrabajo.cl\/portal\/wp-json\/wp\/v2\/posts\/97604\/revisions"}],"wp:featuredmedia":[{"embeddable":true,"href":"https:\/\/eltrabajo.cl\/portal\/wp-json\/wp\/v2\/media\/97605"}],"wp:attachment":[{"href":"https:\/\/eltrabajo.cl\/portal\/wp-json\/wp\/v2\/media?parent=97604"}],"wp:term":[{"taxonomy":"category","embeddable":true,"href":"https:\/\/eltrabajo.cl\/portal\/wp-json\/wp\/v2\/categories?post=97604"},{"taxonomy":"post_tag","embeddable":true,"href":"https:\/\/eltrabajo.cl\/portal\/wp-json\/wp\/v2\/tags?post=97604"}],"curies":[{"name":"wp","href":"https:\/\/api.w.org\/{rel}","templated":true}]}}