{"id":97645,"date":"2020-03-24T20:28:47","date_gmt":"2020-03-24T23:28:47","guid":{"rendered":"http:\/\/www.eltrabajo.cl\/portal\/?p=97645"},"modified":"2020-03-24T20:28:47","modified_gmt":"2020-03-24T23:28:47","slug":"detienen-a-abogado-acusado-de-ingresar-pasta-base-a-carcel-de-los-andes","status":"publish","type":"post","link":"https:\/\/eltrabajo.cl\/portal\/detienen-a-abogado-acusado-de-ingresar-pasta-base-a-carcel-de-los-andes\/","title":{"rendered":"Detienen a abogado acusado de ingresar pasta base a c\u00e1rcel de Los Andes"},"content":{"rendered":"<p>El trabajo conjunto realizado por personal de la oficina de seguridad interna, encargado del circuito cerrado de televisi\u00f3n y el jefe de unidad, permiti\u00f3 detener al abogado de iniciales <strong>C.H.D.M.<\/strong>, quien la ma\u00f1ana de este lunes ingres\u00f3 al Centro de Cumplimiento Penitenciario (CCP) de Los Andes y habr\u00eda entregado droga a un interno condenado.<\/p>\n<p>El profesional lleg\u00f3 hasta la unidad penitenciaria para entrevistar al recluso <strong>Mat\u00edas Casanova Mura<\/strong>, quien cumple condena por tr\u00e1fico de peque\u00f1as cantidades. Luego de identificarse y pasar las medidas de seguridad implementadas con motivo del Covid-19, fue trasladado hasta la sala habilitada para estos fines. Durante todo su recorrido el abogado fue seguido mediante las c\u00e1maras de tele vigilancia dispuestas en distintos puntos de la unidad, situaci\u00f3n que permiti\u00f3 constatar el il\u00edcito.<\/p>\n<p>El jefe del CCP andino, comandante <strong>Danilo Mill\u00f3n<\/strong>, detall\u00f3 que <em>\u201cel d\u00eda de ayer (lunes), en circunstancias que se efectuaba la visita de poblaci\u00f3n penal de imputados, se logr\u00f3 detectar la entrega por parte de un abogado hacia un interno, de un paquete con sustancias que al ser revisadas constatamos que se trataba de pastillas (Clonazepam) y pasta base de coca\u00edna\u201d.<\/em><\/p>\n<p>Tal como afirma el jefe de unidad, finalizada la entrevista se procedi\u00f3 a realizar un registro corporal al privado de libertad, encontrando en sus vestimentas diez pastillas y una cantidad indeterminada de pasta base de coca\u00edna. Al ser consultado por la procedencia de la droga, el recluso reconoci\u00f3 que hab\u00eda sido entregada por el abogado. Ante esta situaci\u00f3n se procedi\u00f3 a dar cuenta al ministerio p\u00fablico, quien dispuso que personal de la PDI se hiciera presente en el recinto para realizar el procedimiento correspondiente. Por su parte el abogado se mantuvo en el CCP en calidad de retenido hasta que culmin\u00f3 la labor de la polic\u00eda.<\/p>\n<p>El comandante Mill\u00f3n resalt\u00f3 la labor realizada por los funcionarios uniformados de la unidad, la que permiti\u00f3 impedir la comercializaci\u00f3n de la droga: <em>\u201cCabe destacar el trabajo acucioso y muy, muy, efectivo del personal de servicio de este establecimiento, el cual logr\u00f3 incautar este ingreso de sustancias prohibidas hacia la poblaci\u00f3n penal\u201d.<\/em><\/p>\n<p>Un hecho similar se hab\u00eda vivido a fines del mes de enero de este a\u00f1o en el establecimiento penitenciario de San Felipe. En la oportunidad otro abogado fue acusado de entregar cannabis sativa, pasta base y Clonazepam a un imputado.<\/p>\n<p>&nbsp;<\/p>\n<figure id=\"attachment_97646\" aria-describedby=\"caption-attachment-97646\" style=\"width: 580px\" class=\"wp-caption alignnone\"><img data-recalc-dims=\"1\" loading=\"lazy\" decoding=\"async\" class=\"size-full wp-image-97646\" src=\"https:\/\/i0.wp.com\/www.eltrabajo.cl\/portal\/wp-content\/uploads\/2020\/03\/droga-abogado-los-andes.jpg?resize=580%2C359\" alt=\"Droga incautada en la c\u00e1rcel de Los Andes a un abogado.\" width=\"580\" height=\"359\" srcset=\"https:\/\/i0.wp.com\/eltrabajo.cl\/portal\/wp-content\/uploads\/2020\/03\/droga-abogado-los-andes.jpg?w=580&amp;ssl=1 580w, https:\/\/i0.wp.com\/eltrabajo.cl\/portal\/wp-content\/uploads\/2020\/03\/droga-abogado-los-andes.jpg?resize=300%2C186&amp;ssl=1 300w, https:\/\/i0.wp.com\/eltrabajo.cl\/portal\/wp-content\/uploads\/2020\/03\/droga-abogado-los-andes.jpg?resize=200%2C124&amp;ssl=1 200w, https:\/\/i0.wp.com\/eltrabajo.cl\/portal\/wp-content\/uploads\/2020\/03\/droga-abogado-los-andes.jpg?resize=242%2C150&amp;ssl=1 242w, https:\/\/i0.wp.com\/eltrabajo.cl\/portal\/wp-content\/uploads\/2020\/03\/droga-abogado-los-andes.jpg?resize=400%2C248&amp;ssl=1 400w\" sizes=\"auto, (max-width: 580px) 100vw, 580px\" \/><figcaption id=\"caption-attachment-97646\" class=\"wp-caption-text\">Droga incautada en la c\u00e1rcel de Los Andes a un abogado.<\/figcaption><\/figure>\n","protected":false},"excerpt":{"rendered":"<p>El trabajo conjunto realizado por personal de la oficina de seguridad interna, encargado del circuito cerrado de televisi\u00f3n y el jefe de unidad, permiti\u00f3 detener al abogado de iniciales C.H.D.M., quien la&#8230;<\/p>\n","protected":false},"author":482,"featured_media":97646,"comment_status":"open","ping_status":"open","sticky":false,"template":"","format":"standard","meta":{"advanced_seo_description":"","jetpack_seo_html_title":"","jetpack_seo_noindex":false,"_jetpack_memberships_contains_paid_content":false,"footnotes":""},"categories":[21],"tags":[],"class_list":["post-97645","post","type-post","status-publish","format-standard","has-post-thumbnail","hentry","category-policial"],"jetpack_featured_media_url":"https:\/\/i0.wp.com\/eltrabajo.cl\/portal\/wp-content\/uploads\/2020\/03\/droga-abogado-los-andes.jpg?fit=580%2C359&ssl=1","jetpack_sharing_enabled":true,"jetpack_likes_enabled":true,"jetpack-related-posts":[],"_links":{"self":[{"href":"https:\/\/eltrabajo.cl\/portal\/wp-json\/wp\/v2\/posts\/97645","targetHints":{"allow":["GET"]}}],"collection":[{"href":"https:\/\/eltrabajo.cl\/portal\/wp-json\/wp\/v2\/posts"}],"about":[{"href":"https:\/\/eltrabajo.cl\/portal\/wp-json\/wp\/v2\/types\/post"}],"author":[{"embeddable":true,"href":"https:\/\/eltrabajo.cl\/portal\/wp-json\/wp\/v2\/users\/482"}],"replies":[{"embeddable":true,"href":"https:\/\/eltrabajo.cl\/portal\/wp-json\/wp\/v2\/comments?post=97645"}],"version-history":[{"count":0,"href":"https:\/\/eltrabajo.cl\/portal\/wp-json\/wp\/v2\/posts\/97645\/revisions"}],"wp:featuredmedia":[{"embeddable":true,"href":"https:\/\/eltrabajo.cl\/portal\/wp-json\/wp\/v2\/media\/97646"}],"wp:attachment":[{"href":"https:\/\/eltrabajo.cl\/portal\/wp-json\/wp\/v2\/media?parent=97645"}],"wp:term":[{"taxonomy":"category","embeddable":true,"href":"https:\/\/eltrabajo.cl\/portal\/wp-json\/wp\/v2\/categories?post=97645"},{"taxonomy":"post_tag","embeddable":true,"href":"https:\/\/eltrabajo.cl\/portal\/wp-json\/wp\/v2\/tags?post=97645"}],"curies":[{"name":"wp","href":"https:\/\/api.w.org\/{rel}","templated":true}]}}