{"id":97648,"date":"2020-03-24T20:29:55","date_gmt":"2020-03-24T23:29:55","guid":{"rendered":"http:\/\/www.eltrabajo.cl\/portal\/?p=97648"},"modified":"2020-03-24T20:29:55","modified_gmt":"2020-03-24T23:29:55","slug":"llamas-consumen-material-acopiado-en-bodega-de-fundo-lepe-en-curimon","status":"publish","type":"post","link":"https:\/\/eltrabajo.cl\/portal\/llamas-consumen-material-acopiado-en-bodega-de-fundo-lepe-en-curimon\/","title":{"rendered":"Llamas consumen material acopiado en bodega de Fundo Lepe en Curim\u00f3n"},"content":{"rendered":"<p>Un incendio de proporciones se produjo en el sector Curim\u00f3n, en la propiedad de la familia Lepe. El siniestro se origin\u00f3 este martes en horas de la tarde.<\/p>\n<p>Al respecto el comandante del Cuerpo de Bomberos de San Felipe, <strong>Juan Carlos Herrera Lillo<\/strong>, dijo que el incendio se produjo en una bodega <em>\u201cdonde se acumulaba madera y enseres del fundo. Se sabe que todo lo que van desechando los fundos lo van acumulando en un sector, y eso fue lo que realmente se quem\u00f3 en este sector del fundo de la familia Lepe\u201d,<\/em> dijo.<\/p>\n<p>El lugar donde fue el incendio se encuentra ubicado al costado de la plaza de Curim\u00f3n, espec\u00edficamente el costado izquierdo si se va hacia el oriente, es decir de San Felipe a Los Andes.<\/p>\n<p>Agreg\u00f3 el comandante Herrera Lillo que se estaba trabajando en lograr identificar la causa del incendio.<\/p>\n<p>Cabe destacar que a ra\u00edz del siniestro no hubo personas heridas, tampoco voluntarios lesionados, s\u00f3lo p\u00e9rdida material de todo lo que se encontraba al interior de la bodega que eran maderas, pallets en general: <em>\u201cAfortunadamente la estructura de la dependencia de la oficina fue controlada oportunamente por las m\u00e1quinas, Se quem\u00f3 un costado, pero eso fue r\u00e1pidamente controlado por Bomberos\u201d,<\/em> se\u00f1al\u00f3 el comandante Juan Carlos Herrera Lillo.<\/p>\n<p>En esta emergencia concurrieron siete compa\u00f1\u00edas del Cuerpo de Bomberos de San Felipe.<\/p>\n<p>&nbsp;<\/p>\n<figure id=\"attachment_97649\" aria-describedby=\"caption-attachment-97649\" style=\"width: 580px\" class=\"wp-caption alignnone\"><img data-recalc-dims=\"1\" loading=\"lazy\" decoding=\"async\" class=\"size-full wp-image-97649\" src=\"https:\/\/i0.wp.com\/www.eltrabajo.cl\/portal\/wp-content\/uploads\/2020\/03\/Lepe-1.jpg?resize=580%2C360\" alt=\"Un incendio de grandes proporciones se desat\u00f3 este martes en terrenos de la familia Lepe en Curim\u00f3n.\" width=\"580\" height=\"360\" srcset=\"https:\/\/i0.wp.com\/eltrabajo.cl\/portal\/wp-content\/uploads\/2020\/03\/Lepe-1.jpg?w=580&amp;ssl=1 580w, https:\/\/i0.wp.com\/eltrabajo.cl\/portal\/wp-content\/uploads\/2020\/03\/Lepe-1.jpg?resize=300%2C186&amp;ssl=1 300w, https:\/\/i0.wp.com\/eltrabajo.cl\/portal\/wp-content\/uploads\/2020\/03\/Lepe-1.jpg?resize=200%2C124&amp;ssl=1 200w, https:\/\/i0.wp.com\/eltrabajo.cl\/portal\/wp-content\/uploads\/2020\/03\/Lepe-1.jpg?resize=242%2C150&amp;ssl=1 242w, https:\/\/i0.wp.com\/eltrabajo.cl\/portal\/wp-content\/uploads\/2020\/03\/Lepe-1.jpg?resize=400%2C248&amp;ssl=1 400w\" sizes=\"auto, (max-width: 580px) 100vw, 580px\" \/><figcaption id=\"caption-attachment-97649\" class=\"wp-caption-text\">Un incendio de grandes proporciones se desat\u00f3 este martes en terrenos de la familia Lepe en Curim\u00f3n.<\/figcaption><\/figure>\n<p>&nbsp;<\/p>\n","protected":false},"excerpt":{"rendered":"<p>Un incendio de proporciones se produjo en el sector Curim\u00f3n, en la propiedad de la familia Lepe. El siniestro se origin\u00f3 este martes en horas de la tarde. Al respecto el comandante&#8230;<\/p>\n","protected":false},"author":482,"featured_media":97649,"comment_status":"open","ping_status":"open","sticky":false,"template":"","format":"standard","meta":{"advanced_seo_description":"","jetpack_seo_html_title":"","jetpack_seo_noindex":false,"_jetpack_memberships_contains_paid_content":false,"footnotes":""},"categories":[21],"tags":[],"class_list":["post-97648","post","type-post","status-publish","format-standard","has-post-thumbnail","hentry","category-policial"],"jetpack_featured_media_url":"https:\/\/i0.wp.com\/eltrabajo.cl\/portal\/wp-content\/uploads\/2020\/03\/Lepe-1.jpg?fit=580%2C360&ssl=1","jetpack_sharing_enabled":true,"jetpack_likes_enabled":true,"jetpack-related-posts":[],"_links":{"self":[{"href":"https:\/\/eltrabajo.cl\/portal\/wp-json\/wp\/v2\/posts\/97648","targetHints":{"allow":["GET"]}}],"collection":[{"href":"https:\/\/eltrabajo.cl\/portal\/wp-json\/wp\/v2\/posts"}],"about":[{"href":"https:\/\/eltrabajo.cl\/portal\/wp-json\/wp\/v2\/types\/post"}],"author":[{"embeddable":true,"href":"https:\/\/eltrabajo.cl\/portal\/wp-json\/wp\/v2\/users\/482"}],"replies":[{"embeddable":true,"href":"https:\/\/eltrabajo.cl\/portal\/wp-json\/wp\/v2\/comments?post=97648"}],"version-history":[{"count":0,"href":"https:\/\/eltrabajo.cl\/portal\/wp-json\/wp\/v2\/posts\/97648\/revisions"}],"wp:featuredmedia":[{"embeddable":true,"href":"https:\/\/eltrabajo.cl\/portal\/wp-json\/wp\/v2\/media\/97649"}],"wp:attachment":[{"href":"https:\/\/eltrabajo.cl\/portal\/wp-json\/wp\/v2\/media?parent=97648"}],"wp:term":[{"taxonomy":"category","embeddable":true,"href":"https:\/\/eltrabajo.cl\/portal\/wp-json\/wp\/v2\/categories?post=97648"},{"taxonomy":"post_tag","embeddable":true,"href":"https:\/\/eltrabajo.cl\/portal\/wp-json\/wp\/v2\/tags?post=97648"}],"curies":[{"name":"wp","href":"https:\/\/api.w.org\/{rel}","templated":true}]}}