{"id":97693,"date":"2020-03-27T00:07:25","date_gmt":"2020-03-27T03:07:25","guid":{"rendered":"http:\/\/www.eltrabajo.cl\/portal\/?p=97693"},"modified":"2020-03-27T00:07:25","modified_gmt":"2020-03-27T03:07:25","slug":"el-uni-tiene-un-nuevo-capitan","status":"publish","type":"post","link":"https:\/\/eltrabajo.cl\/portal\/el-uni-tiene-un-nuevo-capitan\/","title":{"rendered":"El Un\u00ed tiene un nuevo capit\u00e1n"},"content":{"rendered":"<p>En tiempos donde se habla solo de cosas negativas a ra\u00edz de la contingencia sanitaria por el Covid -19, es bueno salirse un rato de esa carga informativa. Es por eso que ahora nos referiremos al ascenso de <strong>Jes\u00fas Pino<\/strong> a la capitan\u00eda del equipo de honor del Un\u00ed Un\u00ed.<\/p>\n<p>El zaguero central lleva ya varios a\u00f1os vistiendo de albirrojo y de la mano de buenas actuaciones se ha ganado un lugar en el coraz\u00f3n de la hinchada. <em>\u00abEs una linda responsabilidad ser el Capit\u00e1n del equipo. Para cualquier jugador es un honor serlo, ya que desde esta posici\u00f3n uno trata de aportar m\u00e1s como persona que en lo netamente futbol\u00edstico\u00bb,<\/em> sostuvo el hombre que esta temporada tom\u00f3 la posta de un grande e hist\u00f3rico como lo fue <strong>David Fern\u00e1ndez<\/strong>.<\/p>\n<p>Para el nuevo hombre fuerte del camar\u00edn unionista, clave ser\u00e1 corregir algunas cosas para que el equipo sea protagonista. <em>\u00abEs bueno partir bien, porque da confianza. Ahora hay que trabajar para poder seguir en esta l\u00ednea, porque es la \u00fanica forma para poder ser protagonistas; Nosotros no podemos relajarnos en ning\u00fan momento. S\u00ed habr\u00e1 que fijarse en los detalles y corregir algunas cosas para no seguir sufriendo con situaciones perfectamente evitables\u00bb,<\/em> coment\u00f3 el defensor central.<\/p>\n<p>&nbsp;<\/p>\n<figure id=\"attachment_97694\" aria-describedby=\"caption-attachment-97694\" style=\"width: 580px\" class=\"wp-caption alignnone\"><img data-recalc-dims=\"1\" loading=\"lazy\" decoding=\"async\" class=\"size-full wp-image-97694\" src=\"https:\/\/i0.wp.com\/www.eltrabajo.cl\/portal\/wp-content\/uploads\/2020\/03\/jesus-pino.jpg?resize=580%2C359\" alt=\"Jes\u00fas Pino asumi\u00f3 esta temporada la capitan\u00eda de Uni\u00f3n San Felipe.\" width=\"580\" height=\"359\" srcset=\"https:\/\/i0.wp.com\/eltrabajo.cl\/portal\/wp-content\/uploads\/2020\/03\/jesus-pino.jpg?w=580&amp;ssl=1 580w, https:\/\/i0.wp.com\/eltrabajo.cl\/portal\/wp-content\/uploads\/2020\/03\/jesus-pino.jpg?resize=300%2C186&amp;ssl=1 300w, https:\/\/i0.wp.com\/eltrabajo.cl\/portal\/wp-content\/uploads\/2020\/03\/jesus-pino.jpg?resize=200%2C124&amp;ssl=1 200w, https:\/\/i0.wp.com\/eltrabajo.cl\/portal\/wp-content\/uploads\/2020\/03\/jesus-pino.jpg?resize=242%2C150&amp;ssl=1 242w, https:\/\/i0.wp.com\/eltrabajo.cl\/portal\/wp-content\/uploads\/2020\/03\/jesus-pino.jpg?resize=400%2C248&amp;ssl=1 400w\" sizes=\"auto, (max-width: 580px) 100vw, 580px\" \/><figcaption id=\"caption-attachment-97694\" class=\"wp-caption-text\">Jes\u00fas Pino asumi\u00f3 esta temporada la capitan\u00eda de Uni\u00f3n San Felipe.<\/figcaption><\/figure>\n","protected":false},"excerpt":{"rendered":"<p>En tiempos donde se habla solo de cosas negativas a ra\u00edz de la contingencia sanitaria por el Covid -19, es bueno salirse un rato de esa carga informativa. Es por eso que&#8230;<\/p>\n","protected":false},"author":482,"featured_media":97694,"comment_status":"open","ping_status":"open","sticky":false,"template":"","format":"standard","meta":{"advanced_seo_description":"","jetpack_seo_html_title":"","jetpack_seo_noindex":false,"_jetpack_memberships_contains_paid_content":false,"footnotes":""},"categories":[19],"tags":[],"class_list":["post-97693","post","type-post","status-publish","format-standard","has-post-thumbnail","hentry","category-deportes"],"jetpack_featured_media_url":"https:\/\/i0.wp.com\/eltrabajo.cl\/portal\/wp-content\/uploads\/2020\/03\/jesus-pino.jpg?fit=580%2C359&ssl=1","jetpack_sharing_enabled":true,"jetpack_likes_enabled":true,"jetpack-related-posts":[],"_links":{"self":[{"href":"https:\/\/eltrabajo.cl\/portal\/wp-json\/wp\/v2\/posts\/97693","targetHints":{"allow":["GET"]}}],"collection":[{"href":"https:\/\/eltrabajo.cl\/portal\/wp-json\/wp\/v2\/posts"}],"about":[{"href":"https:\/\/eltrabajo.cl\/portal\/wp-json\/wp\/v2\/types\/post"}],"author":[{"embeddable":true,"href":"https:\/\/eltrabajo.cl\/portal\/wp-json\/wp\/v2\/users\/482"}],"replies":[{"embeddable":true,"href":"https:\/\/eltrabajo.cl\/portal\/wp-json\/wp\/v2\/comments?post=97693"}],"version-history":[{"count":0,"href":"https:\/\/eltrabajo.cl\/portal\/wp-json\/wp\/v2\/posts\/97693\/revisions"}],"wp:featuredmedia":[{"embeddable":true,"href":"https:\/\/eltrabajo.cl\/portal\/wp-json\/wp\/v2\/media\/97694"}],"wp:attachment":[{"href":"https:\/\/eltrabajo.cl\/portal\/wp-json\/wp\/v2\/media?parent=97693"}],"wp:term":[{"taxonomy":"category","embeddable":true,"href":"https:\/\/eltrabajo.cl\/portal\/wp-json\/wp\/v2\/categories?post=97693"},{"taxonomy":"post_tag","embeddable":true,"href":"https:\/\/eltrabajo.cl\/portal\/wp-json\/wp\/v2\/tags?post=97693"}],"curies":[{"name":"wp","href":"https:\/\/api.w.org\/{rel}","templated":true}]}}