{"id":97722,"date":"2020-03-27T19:03:57","date_gmt":"2020-03-27T22:03:57","guid":{"rendered":"http:\/\/www.eltrabajo.cl\/portal\/?p=97722"},"modified":"2020-03-27T19:03:57","modified_gmt":"2020-03-27T22:03:57","slug":"delincuentes-a-mano-armada-asaltan-en-su-domicilio-a-conocido-abogado","status":"publish","type":"post","link":"https:\/\/eltrabajo.cl\/portal\/delincuentes-a-mano-armada-asaltan-en-su-domicilio-a-conocido-abogado\/","title":{"rendered":"Delincuentes a mano armada asaltan en su domicilio a conocido abogado"},"content":{"rendered":"<p><span style=\"color: #ff0000;\"><strong>Aval\u00fao de lo robado asciende a 50 millones de pesos:<\/strong><\/span><\/p>\n<ul>\n<li><strong>Delincuentes sustrajeron diversas especies electr\u00f3nicas, joyas y se apoderaron de su veh\u00edculo de alta gama.<\/strong><\/li>\n<\/ul>\n<p>Tres sujetos armados ingresaron al domicilio del abogado <strong>Eduardo Herrera<\/strong> ubicado en Loteo Villanueva, rob\u00e1ndole su auto marca Audi, joyas y otras especies avaluadas aproximadamente en unos 50 millones de pesos.<\/p>\n<p>El hecho criminal ocurri\u00f3 hoy viernes a eso de las 09:30 horas aproximadamente, cuando el abogado se encontraba en su casa acompa\u00f1ado de su familia, los cuales afortunadamente resultaron ilesos. En esas circunstancias, relat\u00f3 el afectado, sorpresivamente se encuentra con los tres sujetos ya en el interior del inmueble.<\/p>\n<p>En conversaci\u00f3n con nuestro medio, Eduardo Herrera dijo que <em>\u201ctres personas armadas entraron a mi domicilio, a robar; mi familia est\u00e1 nerviosa, pero bien\u201d<\/em>.<\/p>\n<p>&#8211; <strong>\u00bfSe llevaron algo?<\/strong><\/p>\n<p>&#8211; Dinero, joyas, consolas de juegos, Ipad, los celulares\u2026<\/p>\n<p>&#8211; <strong>\u00bfEl auto tambi\u00e9n se lo llevaron?<\/strong><\/p>\n<p>&#8211; S\u00ed, tambi\u00e9n se lo llevaron.<\/p>\n<p>&#8211; <strong>\u00bfLo ten\u00eda estacionado afuera o adentro?<\/strong><\/p>\n<p>&#8211; Adentro.<\/p>\n<p>&#8211; <strong>\u00bfVemos a Carabineros?<\/strong><\/p>\n<p>&#8211; S\u00ed, est\u00e1n adoptando el procedimiento respectivo, viendo si pueden pesquisar algo.<\/p>\n<p>Al momento de conversar con el abogado, \u00e9ste se encontraba nervioso por lo sucedido, principalmente preocupado porque su familia estuviera bien.<\/p>\n<p>Cont\u00f3 que para ingresar a la casa, los delincuentes saltaron el port\u00f3n, forzaron la\u00a0 puerta principal y entraron.<\/p>\n<p>Para huir utilizaron el control remoto que le arrebataron a Herrera, abrieron el port\u00f3n y desaparecieron.<\/p>\n<p>Nos coment\u00f3 que el auto estaba en Santiago, sin ser ubicado por Carabineros, teniendo encargo por b\u00fasqueda.<\/p>\n<p>Carabineros adopt\u00f3 el procedimiento de rigor e incluso lleg\u00f3 personal de la SIP al lugar.<\/p>\n<p>&nbsp;<\/p>\n<figure id=\"attachment_97723\" aria-describedby=\"caption-attachment-97723\" style=\"width: 580px\" class=\"wp-caption alignnone\"><img data-recalc-dims=\"1\" loading=\"lazy\" decoding=\"async\" class=\"size-full wp-image-97723\" src=\"https:\/\/i0.wp.com\/www.eltrabajo.cl\/portal\/wp-content\/uploads\/2020\/03\/robo-casa-eduardo-herrera..jpg?resize=580%2C359\" alt=\"Carabineros en el frontis del inmueble del abogado Eduardo Herrera.\" width=\"580\" height=\"359\" srcset=\"https:\/\/i0.wp.com\/eltrabajo.cl\/portal\/wp-content\/uploads\/2020\/03\/robo-casa-eduardo-herrera..jpg?w=580&amp;ssl=1 580w, https:\/\/i0.wp.com\/eltrabajo.cl\/portal\/wp-content\/uploads\/2020\/03\/robo-casa-eduardo-herrera..jpg?resize=300%2C186&amp;ssl=1 300w, https:\/\/i0.wp.com\/eltrabajo.cl\/portal\/wp-content\/uploads\/2020\/03\/robo-casa-eduardo-herrera..jpg?resize=200%2C124&amp;ssl=1 200w, https:\/\/i0.wp.com\/eltrabajo.cl\/portal\/wp-content\/uploads\/2020\/03\/robo-casa-eduardo-herrera..jpg?resize=242%2C150&amp;ssl=1 242w, https:\/\/i0.wp.com\/eltrabajo.cl\/portal\/wp-content\/uploads\/2020\/03\/robo-casa-eduardo-herrera..jpg?resize=400%2C248&amp;ssl=1 400w\" sizes=\"auto, (max-width: 580px) 100vw, 580px\" \/><figcaption id=\"caption-attachment-97723\" class=\"wp-caption-text\">Carabineros en el frontis del inmueble del abogado Eduardo Herrera.<\/figcaption><\/figure>\n","protected":false},"excerpt":{"rendered":"<p>Aval\u00fao de lo robado asciende a 50 millones de pesos: Delincuentes sustrajeron diversas especies electr\u00f3nicas, joyas y se apoderaron de su veh\u00edculo de alta gama. Tres sujetos armados ingresaron al domicilio del&#8230;<\/p>\n","protected":false},"author":482,"featured_media":97723,"comment_status":"open","ping_status":"open","sticky":false,"template":"","format":"standard","meta":{"advanced_seo_description":"","jetpack_seo_html_title":"","jetpack_seo_noindex":false,"_jetpack_memberships_contains_paid_content":false,"footnotes":""},"categories":[21],"tags":[],"class_list":["post-97722","post","type-post","status-publish","format-standard","has-post-thumbnail","hentry","category-policial"],"jetpack_featured_media_url":"https:\/\/i0.wp.com\/eltrabajo.cl\/portal\/wp-content\/uploads\/2020\/03\/robo-casa-eduardo-herrera..jpg?fit=580%2C359&ssl=1","jetpack_sharing_enabled":true,"jetpack_likes_enabled":true,"jetpack-related-posts":[],"_links":{"self":[{"href":"https:\/\/eltrabajo.cl\/portal\/wp-json\/wp\/v2\/posts\/97722","targetHints":{"allow":["GET"]}}],"collection":[{"href":"https:\/\/eltrabajo.cl\/portal\/wp-json\/wp\/v2\/posts"}],"about":[{"href":"https:\/\/eltrabajo.cl\/portal\/wp-json\/wp\/v2\/types\/post"}],"author":[{"embeddable":true,"href":"https:\/\/eltrabajo.cl\/portal\/wp-json\/wp\/v2\/users\/482"}],"replies":[{"embeddable":true,"href":"https:\/\/eltrabajo.cl\/portal\/wp-json\/wp\/v2\/comments?post=97722"}],"version-history":[{"count":0,"href":"https:\/\/eltrabajo.cl\/portal\/wp-json\/wp\/v2\/posts\/97722\/revisions"}],"wp:featuredmedia":[{"embeddable":true,"href":"https:\/\/eltrabajo.cl\/portal\/wp-json\/wp\/v2\/media\/97723"}],"wp:attachment":[{"href":"https:\/\/eltrabajo.cl\/portal\/wp-json\/wp\/v2\/media?parent=97722"}],"wp:term":[{"taxonomy":"category","embeddable":true,"href":"https:\/\/eltrabajo.cl\/portal\/wp-json\/wp\/v2\/categories?post=97722"},{"taxonomy":"post_tag","embeddable":true,"href":"https:\/\/eltrabajo.cl\/portal\/wp-json\/wp\/v2\/tags?post=97722"}],"curies":[{"name":"wp","href":"https:\/\/api.w.org\/{rel}","templated":true}]}}