{"id":97751,"date":"2020-03-30T22:28:33","date_gmt":"2020-03-31T01:28:33","guid":{"rendered":"http:\/\/www.eltrabajo.cl\/portal\/?p=97751"},"modified":"2020-03-30T22:28:33","modified_gmt":"2020-03-31T01:28:33","slug":"aunque-hay-voces-que-la-piden-quedemonos-con-lo-que-hay-y-no-nos-enfermemos","status":"publish","type":"post","link":"https:\/\/eltrabajo.cl\/portal\/aunque-hay-voces-que-la-piden-quedemonos-con-lo-que-hay-y-no-nos-enfermemos\/","title":{"rendered":"\u00abAunque hay voces que la piden, qued\u00e9monos con lo que hay y no nos enfermemos\u00bb"},"content":{"rendered":"<p><span style=\"color: #b40a0a;\"><strong>H\u00e9ctor Estay presidente de Afema sobre abrir una feria los s\u00e1bados:<\/strong><\/span><\/p>\n<p>Sigue vigente en todo nuestro pa\u00eds la declaratoria de Estado de Cat\u00e1strofe, y con ello todas las medidas a nivel comunal que implica cierre de tiendas, restaurantes, centros de diversi\u00f3n y locales de celulares y electrodom\u00e9sticos a nivel de todo San Felipe. Lo que s\u00ed contin\u00faa funcionando es Afema en el sector Hacienda Quilpu\u00e9 los d\u00edas lunes y jueves.<\/p>\n<p>La semana pasada en <strong>Diario El Trabajo<\/strong>, don <strong>Luis Lara Ahumada<\/strong>, director de patio de Afema, anunci\u00f3 que para el fin de semana estar\u00edan sanitizando todo el plantel de la feria; tambi\u00e9n le consultamos este lunes sobre la poca afluencia de p\u00fablico al lugar: <em>\u00abLa limpieza completa con Virus-Mix que hab\u00edamos anunciado de la feria para el s\u00e1bado pasado, la hicimos finalmente el viernes, un d\u00eda antes. Los socios reaccionaron positivamente porque tenemos que cuidar de nuestra salud. Tambi\u00e9n tenemos que ser bien coherentes al decir las cosas y tambi\u00e9n hacerlas<\/em> (\u2026) <em>En cuanto a la poca cantidad de clientes este lunes, puedo asegurar que siempre ha sido as\u00ed, los lunes es m\u00e1s bajo el movimiento, aun as\u00ed debo reconocer que s\u00ed es notoria la baja, pues hay muchos restaurantes que est\u00e1n cerrados y ya no compran ac\u00e1; ese tipo de comercio es como que hoy d\u00eda ya no existiera y nos afecta<\/em>\u00bb, dijo Lara.<\/p>\n<p>&nbsp;<\/p>\n<p><span style=\"color: #b40a0a;\"><strong>\u00bfFERIA EN S\u00c1BADO?<\/strong><\/span><\/p>\n<p>Nuestro medio tambi\u00e9n habl\u00f3 hoy lunes con <strong>H\u00e9ctor Antonio Estay<\/strong>, presidente de Afema San Felipe, quien nos inform\u00f3 que ya est\u00e1n pensando en la posibilidad de realizar una feria en el mismo plantel de Afema los d\u00edas s\u00e1bado, en virtud de las\u00a0 bajas ventas y \u2018voces\u2019 que as\u00ed lo sugieren.<\/p>\n<p>&#8211; <strong>\u00bfC\u00f3mo est\u00e1 el panorama con esta feria y lo que viene para el mes de abril?<\/strong><\/p>\n<p>&#8211; Nosotros estamos cumpliendo con las disposiciones del Gobierno y estamos realizando las ferias con bastante cuidado. El d\u00eda viernes reci\u00e9n pasado el Directorio realiz\u00f3 una fumigaci\u00f3n completa del recinto, y creemos nosotros que podemos seguir funcionando siempre y cuando esto de la Pandemia no se agrave m\u00e1s.<\/p>\n<p>&#8211; <strong>Hay poca gente hoy lunes, \u00bfpor qu\u00e9 tan poca gente en la feria?<\/strong><\/p>\n<p>&#8211; S\u00ed, el tema pasa por much\u00edsimas situaciones, ten\u00edamos una feria los d\u00edas domingos que se abastec\u00eda de ac\u00e1 y ahora en estos momentos est\u00e1 clausurada (Diego de Almagro) hasta nueva orden, no sabemos hasta cu\u00e1ndo pues al clausurarlas el Municipio, quedamos sin vender esa cantidad de productos.<\/p>\n<p>&#8211; <strong>Ya se rumora que ustedes piensan instalar la feria tambi\u00e9n los d\u00edas s\u00e1bado, \u00bfqu\u00e9 de cierto hay en dicho rumor?<\/strong><\/p>\n<p>&#8211; Hay voces que quieren una feria los d\u00edas s\u00e1bados ac\u00e1, eso es algo que tenemos que estudiarlo bastante bien porque con eso no estar\u00edamos contribuyendo con el tema de la precauci\u00f3n de la enfermedad, porque aqu\u00ed se barajan dos cosas: El abastecimiento de los comerciantes, que lo ven\u00edamos realizando desde hace muchos a\u00f1os los lunes y los jueves, y la posibilidad de una nueva feria, que pese a que quiz\u00e1s no nos traiga problemas, a\u00fan as\u00ed es un tema que tenemos que analizar fr\u00edamente, porque mientras m\u00e1s ferias hagamos, m\u00e1s aglomeraci\u00f3n de gente tenemos, entonces hay que tener cuidado con eso. Tendr\u00edamos que hacer una encuesta generalizada con la gente y ah\u00ed proceder, porque de lo contrario qued\u00e9monos con lo que hay y no nos enfermemos.<\/p>\n<p>&#8211; <strong>\u00bfPara cu\u00e1ndo entonces se sabr\u00e1 si habr\u00e1 feria sabatina?<\/strong><\/p>\n<p>&#8211; Bueno creo que en una semana lo sabremos, porque esta es una semana cr\u00edtica y estamos esperando informaciones, porque los otros dirigentes de la Feria Diego de Almagro dijeron que esta semana podr\u00eda haber novedades, yo veo que la situaci\u00f3n viene m\u00e1s pesada de acuerdo a las noticias de c\u00f3mo se est\u00e1n dando los contagios, hay m\u00e1s gente contagiada, entonces nosotros, si reaparece nuevamente la feria de Diego de Almagro, a nosotros esta nos queda como muy grande porque no estar\u00eda dando el resultado que se necesita, incluso nosotros estamos desde hace tiempo con la idea de salir con una feria al mayor los d\u00edas s\u00e1bado, pero por diversas razones no se ha dado, ahora menos con el Coronavirus.<\/p>\n<p><strong>Roberto Gonz\u00e1lez Short<\/strong><\/p>\n<p>&nbsp;<\/p>\n<figure id=\"attachment_97757\" aria-describedby=\"caption-attachment-97757\" style=\"width: 580px\" class=\"wp-caption alignnone\"><img data-recalc-dims=\"1\" loading=\"lazy\" decoding=\"async\" class=\"size-full wp-image-97757\" src=\"https:\/\/i0.wp.com\/www.eltrabajo.cl\/portal\/wp-content\/uploads\/2020\/03\/Afema1.jpg?resize=580%2C359\" alt=\"CASI VAC\u00cdA.- Pocas personas y comerciantes son los que llegaron hoy lunes a la feria de Afema, la administraci\u00f3n indica que en parte obedece a que las dem\u00e1s ferias peque\u00f1as y restaurantes est\u00e1n clausurados.\" width=\"580\" height=\"359\" srcset=\"https:\/\/i0.wp.com\/eltrabajo.cl\/portal\/wp-content\/uploads\/2020\/03\/Afema1.jpg?w=580&amp;ssl=1 580w, https:\/\/i0.wp.com\/eltrabajo.cl\/portal\/wp-content\/uploads\/2020\/03\/Afema1.jpg?resize=300%2C186&amp;ssl=1 300w, https:\/\/i0.wp.com\/eltrabajo.cl\/portal\/wp-content\/uploads\/2020\/03\/Afema1.jpg?resize=200%2C124&amp;ssl=1 200w, https:\/\/i0.wp.com\/eltrabajo.cl\/portal\/wp-content\/uploads\/2020\/03\/Afema1.jpg?resize=242%2C150&amp;ssl=1 242w, https:\/\/i0.wp.com\/eltrabajo.cl\/portal\/wp-content\/uploads\/2020\/03\/Afema1.jpg?resize=400%2C248&amp;ssl=1 400w\" sizes=\"auto, (max-width: 580px) 100vw, 580px\" \/><figcaption id=\"caption-attachment-97757\" class=\"wp-caption-text\">CASI VAC\u00cdA.- Pocas personas y comerciantes son los que llegaron hoy lunes a la feria de Afema, la administraci\u00f3n indica que en parte obedece a que las dem\u00e1s ferias peque\u00f1as y restaurantes est\u00e1n clausurados.<\/figcaption><\/figure>\n<p>&nbsp;<\/p>\n<figure id=\"attachment_97758\" aria-describedby=\"caption-attachment-97758\" style=\"width: 580px\" class=\"wp-caption alignnone\"><img data-recalc-dims=\"1\" loading=\"lazy\" decoding=\"async\" class=\"size-full wp-image-97758\" src=\"https:\/\/i0.wp.com\/www.eltrabajo.cl\/portal\/wp-content\/uploads\/2020\/03\/Afema2.jpg?resize=580%2C359\" alt=\"COMPRAN LO JUSTO.- Los sanfelipe\u00f1os sin embargo est\u00e1n comprando lo justo para los gastos de su hogar, no acaparando.\" width=\"580\" height=\"359\" srcset=\"https:\/\/i0.wp.com\/eltrabajo.cl\/portal\/wp-content\/uploads\/2020\/03\/Afema2.jpg?w=580&amp;ssl=1 580w, https:\/\/i0.wp.com\/eltrabajo.cl\/portal\/wp-content\/uploads\/2020\/03\/Afema2.jpg?resize=300%2C186&amp;ssl=1 300w, https:\/\/i0.wp.com\/eltrabajo.cl\/portal\/wp-content\/uploads\/2020\/03\/Afema2.jpg?resize=200%2C124&amp;ssl=1 200w, https:\/\/i0.wp.com\/eltrabajo.cl\/portal\/wp-content\/uploads\/2020\/03\/Afema2.jpg?resize=242%2C150&amp;ssl=1 242w, https:\/\/i0.wp.com\/eltrabajo.cl\/portal\/wp-content\/uploads\/2020\/03\/Afema2.jpg?resize=400%2C248&amp;ssl=1 400w\" sizes=\"auto, (max-width: 580px) 100vw, 580px\" \/><figcaption id=\"caption-attachment-97758\" class=\"wp-caption-text\">COMPRAN LO JUSTO.- Los sanfelipe\u00f1os sin embargo est\u00e1n comprando lo justo para los gastos de su hogar, no acaparando.<\/figcaption><\/figure>\n<p>&nbsp;<\/p>\n<figure id=\"attachment_97759\" aria-describedby=\"caption-attachment-97759\" style=\"width: 580px\" class=\"wp-caption alignnone\"><img data-recalc-dims=\"1\" loading=\"lazy\" decoding=\"async\" class=\"size-full wp-image-97759\" src=\"https:\/\/i0.wp.com\/www.eltrabajo.cl\/portal\/wp-content\/uploads\/2020\/03\/Afema3.jpg?resize=580%2C360\" alt=\"LIMPIEZA TOTAL.- Las c\u00e1maras de Diario El Trabajo muestran a nuestros lectores c\u00f3mo se desarroll\u00f3 la sanitizaci\u00f3n del plantel ferial.\" width=\"580\" height=\"360\" srcset=\"https:\/\/i0.wp.com\/eltrabajo.cl\/portal\/wp-content\/uploads\/2020\/03\/Afema3.jpg?w=580&amp;ssl=1 580w, https:\/\/i0.wp.com\/eltrabajo.cl\/portal\/wp-content\/uploads\/2020\/03\/Afema3.jpg?resize=300%2C186&amp;ssl=1 300w, https:\/\/i0.wp.com\/eltrabajo.cl\/portal\/wp-content\/uploads\/2020\/03\/Afema3.jpg?resize=200%2C124&amp;ssl=1 200w, https:\/\/i0.wp.com\/eltrabajo.cl\/portal\/wp-content\/uploads\/2020\/03\/Afema3.jpg?resize=242%2C150&amp;ssl=1 242w, https:\/\/i0.wp.com\/eltrabajo.cl\/portal\/wp-content\/uploads\/2020\/03\/Afema3.jpg?resize=400%2C248&amp;ssl=1 400w\" sizes=\"auto, (max-width: 580px) 100vw, 580px\" \/><figcaption id=\"caption-attachment-97759\" class=\"wp-caption-text\">LIMPIEZA TOTAL.- Las c\u00e1maras de Diario El Trabajo muestran a nuestros lectores c\u00f3mo se desarroll\u00f3 la sanitizaci\u00f3n del plantel ferial.<\/figcaption><\/figure>\n<p>&nbsp;<\/p>\n<figure id=\"attachment_97752\" aria-describedby=\"caption-attachment-97752\" style=\"width: 580px\" class=\"wp-caption alignnone\"><img data-recalc-dims=\"1\" loading=\"lazy\" decoding=\"async\" class=\"size-full wp-image-97752\" src=\"https:\/\/i0.wp.com\/www.eltrabajo.cl\/portal\/wp-content\/uploads\/2020\/03\/Afema4.jpg?resize=580%2C360\" alt=\"Esta limpieza profunda se seguir\u00e1 realizando todos los meses en ese importante punto de comercio agr\u00edcola.\" width=\"580\" height=\"360\" srcset=\"https:\/\/i0.wp.com\/eltrabajo.cl\/portal\/wp-content\/uploads\/2020\/03\/Afema4.jpg?w=580&amp;ssl=1 580w, https:\/\/i0.wp.com\/eltrabajo.cl\/portal\/wp-content\/uploads\/2020\/03\/Afema4.jpg?resize=300%2C186&amp;ssl=1 300w, https:\/\/i0.wp.com\/eltrabajo.cl\/portal\/wp-content\/uploads\/2020\/03\/Afema4.jpg?resize=200%2C124&amp;ssl=1 200w, https:\/\/i0.wp.com\/eltrabajo.cl\/portal\/wp-content\/uploads\/2020\/03\/Afema4.jpg?resize=242%2C150&amp;ssl=1 242w, https:\/\/i0.wp.com\/eltrabajo.cl\/portal\/wp-content\/uploads\/2020\/03\/Afema4.jpg?resize=400%2C248&amp;ssl=1 400w\" sizes=\"auto, (max-width: 580px) 100vw, 580px\" \/><figcaption id=\"caption-attachment-97752\" class=\"wp-caption-text\">Esta limpieza profunda se seguir\u00e1 realizando todos los meses en ese importante punto de comercio agr\u00edcola.<\/figcaption><\/figure>\n<p>&nbsp;<\/p>\n<figure id=\"attachment_97756\" aria-describedby=\"caption-attachment-97756\" style=\"width: 579px\" class=\"wp-caption alignnone\"><img data-recalc-dims=\"1\" loading=\"lazy\" decoding=\"async\" class=\"size-full wp-image-97756\" src=\"https:\/\/i0.wp.com\/www.eltrabajo.cl\/portal\/wp-content\/uploads\/2020\/03\/Afema_Pedro-Nunez.jpg?resize=579%2C600\" alt=\"Pedro N\u00fa\u00f1ez, feriante: \u00abVendo granos y bolsas pl\u00e1sticas, la venta no est\u00e1 dif\u00edcil, lo que cuesta es conseguir productos en Santiago para traer a mis clientes\u00bb.\" width=\"579\" height=\"600\" srcset=\"https:\/\/i0.wp.com\/eltrabajo.cl\/portal\/wp-content\/uploads\/2020\/03\/Afema_Pedro-Nunez.jpg?w=579&amp;ssl=1 579w, https:\/\/i0.wp.com\/eltrabajo.cl\/portal\/wp-content\/uploads\/2020\/03\/Afema_Pedro-Nunez.jpg?resize=290%2C300&amp;ssl=1 290w, https:\/\/i0.wp.com\/eltrabajo.cl\/portal\/wp-content\/uploads\/2020\/03\/Afema_Pedro-Nunez.jpg?resize=145%2C150&amp;ssl=1 145w, https:\/\/i0.wp.com\/eltrabajo.cl\/portal\/wp-content\/uploads\/2020\/03\/Afema_Pedro-Nunez.jpg?resize=400%2C415&amp;ssl=1 400w\" sizes=\"auto, (max-width: 579px) 100vw, 579px\" \/><figcaption id=\"caption-attachment-97756\" class=\"wp-caption-text\">Pedro N\u00fa\u00f1ez, feriante: \u00abVendo granos y bolsas pl\u00e1sticas, la venta no est\u00e1 dif\u00edcil, lo que cuesta es conseguir productos en Santiago para traer a mis clientes\u00bb.<\/figcaption><\/figure>\n<p>&nbsp;<\/p>\n<figure id=\"attachment_97753\" aria-describedby=\"caption-attachment-97753\" style=\"width: 578px\" class=\"wp-caption alignnone\"><img data-recalc-dims=\"1\" loading=\"lazy\" decoding=\"async\" class=\"size-full wp-image-97753\" src=\"https:\/\/i0.wp.com\/www.eltrabajo.cl\/portal\/wp-content\/uploads\/2020\/03\/Afema_Eliana-Salinas.jpg?resize=578%2C600\" alt=\"Eliana Salinas, feriante: \u00abDesde hace casi 30 a\u00f1os vendo frutas aqu\u00ed, creo que las ventas han mermado desde que lleg\u00f3 la Pandemia\u00bb.\" width=\"578\" height=\"600\" srcset=\"https:\/\/i0.wp.com\/eltrabajo.cl\/portal\/wp-content\/uploads\/2020\/03\/Afema_Eliana-Salinas.jpg?w=578&amp;ssl=1 578w, https:\/\/i0.wp.com\/eltrabajo.cl\/portal\/wp-content\/uploads\/2020\/03\/Afema_Eliana-Salinas.jpg?resize=289%2C300&amp;ssl=1 289w, https:\/\/i0.wp.com\/eltrabajo.cl\/portal\/wp-content\/uploads\/2020\/03\/Afema_Eliana-Salinas.jpg?resize=145%2C150&amp;ssl=1 145w, https:\/\/i0.wp.com\/eltrabajo.cl\/portal\/wp-content\/uploads\/2020\/03\/Afema_Eliana-Salinas.jpg?resize=400%2C415&amp;ssl=1 400w\" sizes=\"auto, (max-width: 578px) 100vw, 578px\" \/><figcaption id=\"caption-attachment-97753\" class=\"wp-caption-text\">Eliana Salinas, feriante: \u00abDesde hace casi 30 a\u00f1os vendo frutas aqu\u00ed, creo que las ventas han mermado desde que lleg\u00f3 la Pandemia\u00bb.<\/figcaption><\/figure>\n<p>&nbsp;<\/p>\n<figure id=\"attachment_97754\" aria-describedby=\"caption-attachment-97754\" style=\"width: 580px\" class=\"wp-caption alignnone\"><img data-recalc-dims=\"1\" loading=\"lazy\" decoding=\"async\" class=\"size-full wp-image-97754\" src=\"https:\/\/i0.wp.com\/www.eltrabajo.cl\/portal\/wp-content\/uploads\/2020\/03\/Afema_Hector-Estay.jpg?resize=580%2C598\" alt=\"H\u00e9ctor Antonio Estay, presidente de Afema San Felipe.\" width=\"580\" height=\"598\" srcset=\"https:\/\/i0.wp.com\/eltrabajo.cl\/portal\/wp-content\/uploads\/2020\/03\/Afema_Hector-Estay.jpg?w=580&amp;ssl=1 580w, https:\/\/i0.wp.com\/eltrabajo.cl\/portal\/wp-content\/uploads\/2020\/03\/Afema_Hector-Estay.jpg?resize=291%2C300&amp;ssl=1 291w, https:\/\/i0.wp.com\/eltrabajo.cl\/portal\/wp-content\/uploads\/2020\/03\/Afema_Hector-Estay.jpg?resize=145%2C150&amp;ssl=1 145w, https:\/\/i0.wp.com\/eltrabajo.cl\/portal\/wp-content\/uploads\/2020\/03\/Afema_Hector-Estay.jpg?resize=400%2C412&amp;ssl=1 400w\" sizes=\"auto, (max-width: 580px) 100vw, 580px\" \/><figcaption id=\"caption-attachment-97754\" class=\"wp-caption-text\">H\u00e9ctor Antonio Estay, presidente de Afema San Felipe.<\/figcaption><\/figure>\n<p>&nbsp;<\/p>\n<figure id=\"attachment_97755\" aria-describedby=\"caption-attachment-97755\" style=\"width: 580px\" class=\"wp-caption alignnone\"><img data-recalc-dims=\"1\" loading=\"lazy\" decoding=\"async\" class=\"size-full wp-image-97755\" src=\"https:\/\/i0.wp.com\/www.eltrabajo.cl\/portal\/wp-content\/uploads\/2020\/03\/Afema_Luis-Lara.jpg?resize=580%2C600\" alt=\"Luis Lara Ahumada, director de patio de Afema.\" width=\"580\" height=\"600\" srcset=\"https:\/\/i0.wp.com\/eltrabajo.cl\/portal\/wp-content\/uploads\/2020\/03\/Afema_Luis-Lara.jpg?w=580&amp;ssl=1 580w, https:\/\/i0.wp.com\/eltrabajo.cl\/portal\/wp-content\/uploads\/2020\/03\/Afema_Luis-Lara.jpg?resize=290%2C300&amp;ssl=1 290w, https:\/\/i0.wp.com\/eltrabajo.cl\/portal\/wp-content\/uploads\/2020\/03\/Afema_Luis-Lara.jpg?resize=145%2C150&amp;ssl=1 145w, https:\/\/i0.wp.com\/eltrabajo.cl\/portal\/wp-content\/uploads\/2020\/03\/Afema_Luis-Lara.jpg?resize=400%2C414&amp;ssl=1 400w\" sizes=\"auto, (max-width: 580px) 100vw, 580px\" \/><figcaption id=\"caption-attachment-97755\" class=\"wp-caption-text\">Luis Lara Ahumada, director de patio de Afema.<\/figcaption><\/figure>\n","protected":false},"excerpt":{"rendered":"<p>H\u00e9ctor Estay presidente de Afema sobre abrir una feria los s\u00e1bados: Sigue vigente en todo nuestro pa\u00eds la declaratoria de Estado de Cat\u00e1strofe, y con ello todas las medidas a nivel comunal&#8230;<\/p>\n","protected":false},"author":482,"featured_media":97757,"comment_status":"open","ping_status":"open","sticky":false,"template":"","format":"standard","meta":{"advanced_seo_description":"","jetpack_seo_html_title":"","jetpack_seo_noindex":false,"_jetpack_memberships_contains_paid_content":false,"footnotes":""},"categories":[15],"tags":[],"class_list":["post-97751","post","type-post","status-publish","format-standard","has-post-thumbnail","hentry","category-comunidad"],"jetpack_featured_media_url":"https:\/\/i0.wp.com\/eltrabajo.cl\/portal\/wp-content\/uploads\/2020\/03\/Afema1.jpg?fit=580%2C359&ssl=1","jetpack_sharing_enabled":true,"jetpack_likes_enabled":true,"jetpack-related-posts":[],"_links":{"self":[{"href":"https:\/\/eltrabajo.cl\/portal\/wp-json\/wp\/v2\/posts\/97751","targetHints":{"allow":["GET"]}}],"collection":[{"href":"https:\/\/eltrabajo.cl\/portal\/wp-json\/wp\/v2\/posts"}],"about":[{"href":"https:\/\/eltrabajo.cl\/portal\/wp-json\/wp\/v2\/types\/post"}],"author":[{"embeddable":true,"href":"https:\/\/eltrabajo.cl\/portal\/wp-json\/wp\/v2\/users\/482"}],"replies":[{"embeddable":true,"href":"https:\/\/eltrabajo.cl\/portal\/wp-json\/wp\/v2\/comments?post=97751"}],"version-history":[{"count":0,"href":"https:\/\/eltrabajo.cl\/portal\/wp-json\/wp\/v2\/posts\/97751\/revisions"}],"wp:featuredmedia":[{"embeddable":true,"href":"https:\/\/eltrabajo.cl\/portal\/wp-json\/wp\/v2\/media\/97757"}],"wp:attachment":[{"href":"https:\/\/eltrabajo.cl\/portal\/wp-json\/wp\/v2\/media?parent=97751"}],"wp:term":[{"taxonomy":"category","embeddable":true,"href":"https:\/\/eltrabajo.cl\/portal\/wp-json\/wp\/v2\/categories?post=97751"},{"taxonomy":"post_tag","embeddable":true,"href":"https:\/\/eltrabajo.cl\/portal\/wp-json\/wp\/v2\/tags?post=97751"}],"curies":[{"name":"wp","href":"https:\/\/api.w.org\/{rel}","templated":true}]}}