{"id":97761,"date":"2020-03-30T22:32:34","date_gmt":"2020-03-31T01:32:34","guid":{"rendered":"http:\/\/www.eltrabajo.cl\/portal\/?p=97761"},"modified":"2020-03-30T22:32:34","modified_gmt":"2020-03-31T01:32:34","slug":"recalentamiento-del-sistema-electrico-causo-incendio-que-destruyo-mediagua","status":"publish","type":"post","link":"https:\/\/eltrabajo.cl\/portal\/recalentamiento-del-sistema-electrico-causo-incendio-que-destruyo-mediagua\/","title":{"rendered":"Recalentamiento del sistema el\u00e9ctrico caus\u00f3 incendio que destruy\u00f3 mediagua"},"content":{"rendered":"<p><span style=\"color: #be130a;\"><strong>Propietario fue el \u00fanico damnificado:<\/strong><\/span><\/p>\n<p>El recalentamiento del sistema el\u00e9ctrico fue, seg\u00fan Bomberos de San Felipe, la causa del incendio ocurrido este domingo en la tarde a un costado de la poblaci\u00f3n Yevide en San Felipe, el que dej\u00f3 una mediagua totalmente destruida y su propietario damnificado.<\/p>\n<p>As\u00ed lo confirm\u00f3 el comandante del Cuerpo de Bomberos de San Felipe, <strong>Juan Carlos Herrera Lillo<\/strong>: <em>\u201cSe trat\u00f3 de incendio estructural como le llamamos nosotros, donde una estructura de material ligero, la cual a la llegada de las primeras unidades ya estaba totalmente envuelta en llamas. Se hizo la investigaci\u00f3n, la cual arroj\u00f3 que ah\u00ed hab\u00eda un cable el\u00e9ctrico que se dirig\u00eda a esa estructura, la verdad que sin ninguna seguridad. Lo que informa el ocupante de esa vivienda es que se sinti\u00f3 olor a cable, posteriormente el recalentamiento del sistema el\u00e9ctrico y la estructura se empez\u00f3 a quemar en su totalidad, cien por ciento\u201d,<\/em> se\u00f1al\u00f3.<\/p>\n<p>El comandante entreg\u00f3 diversas recomendaciones para evitar este tipo de instalaciones el\u00e9ctricas hechizas, las cuales deben ser realizadas por t\u00e9cnicos especializados y en lo posible certificados.<\/p>\n<p>&nbsp;<\/p>\n<figure id=\"attachment_97762\" aria-describedby=\"caption-attachment-97762\" style=\"width: 580px\" class=\"wp-caption alignnone\"><img data-recalc-dims=\"1\" loading=\"lazy\" decoding=\"async\" class=\"size-full wp-image-97762\" src=\"https:\/\/i0.wp.com\/www.eltrabajo.cl\/portal\/wp-content\/uploads\/2020\/03\/incendio-Bomberos.jpg?resize=580%2C360\" alt=\"La mediagua result\u00f3 totalmente destruida por las llamas que en solo minutos arrasaron con la vivienda de material ligero.\" width=\"580\" height=\"360\" srcset=\"https:\/\/i0.wp.com\/eltrabajo.cl\/portal\/wp-content\/uploads\/2020\/03\/incendio-Bomberos.jpg?w=580&amp;ssl=1 580w, https:\/\/i0.wp.com\/eltrabajo.cl\/portal\/wp-content\/uploads\/2020\/03\/incendio-Bomberos.jpg?resize=300%2C186&amp;ssl=1 300w, https:\/\/i0.wp.com\/eltrabajo.cl\/portal\/wp-content\/uploads\/2020\/03\/incendio-Bomberos.jpg?resize=200%2C124&amp;ssl=1 200w, https:\/\/i0.wp.com\/eltrabajo.cl\/portal\/wp-content\/uploads\/2020\/03\/incendio-Bomberos.jpg?resize=242%2C150&amp;ssl=1 242w, https:\/\/i0.wp.com\/eltrabajo.cl\/portal\/wp-content\/uploads\/2020\/03\/incendio-Bomberos.jpg?resize=400%2C248&amp;ssl=1 400w\" sizes=\"auto, (max-width: 580px) 100vw, 580px\" \/><figcaption id=\"caption-attachment-97762\" class=\"wp-caption-text\">La mediagua result\u00f3 totalmente destruida por las llamas que en solo minutos arrasaron con la vivienda de material ligero.<\/figcaption><\/figure>\n<p>&nbsp;<\/p>\n<figure id=\"attachment_97763\" aria-describedby=\"caption-attachment-97763\" style=\"width: 580px\" class=\"wp-caption alignnone\"><img data-recalc-dims=\"1\" loading=\"lazy\" decoding=\"async\" class=\"size-full wp-image-97763\" src=\"https:\/\/i0.wp.com\/www.eltrabajo.cl\/portal\/wp-content\/uploads\/2020\/03\/incendio-Mediagua.jpg?resize=580%2C359\" alt=\"Personal de Bomberos acudi\u00f3 a controlar el siniestro, no obstante debido al material de la vivienda, a su llegada ya estaba totalmente envuelta en llamas.\" width=\"580\" height=\"359\" srcset=\"https:\/\/i0.wp.com\/eltrabajo.cl\/portal\/wp-content\/uploads\/2020\/03\/incendio-Mediagua.jpg?w=580&amp;ssl=1 580w, https:\/\/i0.wp.com\/eltrabajo.cl\/portal\/wp-content\/uploads\/2020\/03\/incendio-Mediagua.jpg?resize=300%2C186&amp;ssl=1 300w, https:\/\/i0.wp.com\/eltrabajo.cl\/portal\/wp-content\/uploads\/2020\/03\/incendio-Mediagua.jpg?resize=200%2C124&amp;ssl=1 200w, https:\/\/i0.wp.com\/eltrabajo.cl\/portal\/wp-content\/uploads\/2020\/03\/incendio-Mediagua.jpg?resize=242%2C150&amp;ssl=1 242w, https:\/\/i0.wp.com\/eltrabajo.cl\/portal\/wp-content\/uploads\/2020\/03\/incendio-Mediagua.jpg?resize=400%2C248&amp;ssl=1 400w\" sizes=\"auto, (max-width: 580px) 100vw, 580px\" \/><figcaption id=\"caption-attachment-97763\" class=\"wp-caption-text\">Personal de Bomberos acudi\u00f3 a controlar el siniestro, no obstante debido al material de la vivienda, a su llegada ya estaba totalmente envuelta en llamas.<\/figcaption><\/figure>\n","protected":false},"excerpt":{"rendered":"<p>Propietario fue el \u00fanico damnificado: El recalentamiento del sistema el\u00e9ctrico fue, seg\u00fan Bomberos de San Felipe, la causa del incendio ocurrido este domingo en la tarde a un costado de la poblaci\u00f3n&#8230;<\/p>\n","protected":false},"author":482,"featured_media":97763,"comment_status":"open","ping_status":"open","sticky":false,"template":"","format":"standard","meta":{"advanced_seo_description":"","jetpack_seo_html_title":"","jetpack_seo_noindex":false,"_jetpack_memberships_contains_paid_content":false,"footnotes":""},"categories":[21],"tags":[],"class_list":["post-97761","post","type-post","status-publish","format-standard","has-post-thumbnail","hentry","category-policial"],"jetpack_featured_media_url":"https:\/\/i0.wp.com\/eltrabajo.cl\/portal\/wp-content\/uploads\/2020\/03\/incendio-Mediagua.jpg?fit=580%2C359&ssl=1","jetpack_sharing_enabled":true,"jetpack_likes_enabled":true,"jetpack-related-posts":[],"_links":{"self":[{"href":"https:\/\/eltrabajo.cl\/portal\/wp-json\/wp\/v2\/posts\/97761","targetHints":{"allow":["GET"]}}],"collection":[{"href":"https:\/\/eltrabajo.cl\/portal\/wp-json\/wp\/v2\/posts"}],"about":[{"href":"https:\/\/eltrabajo.cl\/portal\/wp-json\/wp\/v2\/types\/post"}],"author":[{"embeddable":true,"href":"https:\/\/eltrabajo.cl\/portal\/wp-json\/wp\/v2\/users\/482"}],"replies":[{"embeddable":true,"href":"https:\/\/eltrabajo.cl\/portal\/wp-json\/wp\/v2\/comments?post=97761"}],"version-history":[{"count":0,"href":"https:\/\/eltrabajo.cl\/portal\/wp-json\/wp\/v2\/posts\/97761\/revisions"}],"wp:featuredmedia":[{"embeddable":true,"href":"https:\/\/eltrabajo.cl\/portal\/wp-json\/wp\/v2\/media\/97763"}],"wp:attachment":[{"href":"https:\/\/eltrabajo.cl\/portal\/wp-json\/wp\/v2\/media?parent=97761"}],"wp:term":[{"taxonomy":"category","embeddable":true,"href":"https:\/\/eltrabajo.cl\/portal\/wp-json\/wp\/v2\/categories?post=97761"},{"taxonomy":"post_tag","embeddable":true,"href":"https:\/\/eltrabajo.cl\/portal\/wp-json\/wp\/v2\/tags?post=97761"}],"curies":[{"name":"wp","href":"https:\/\/api.w.org\/{rel}","templated":true}]}}