{"id":97787,"date":"2020-03-31T19:04:32","date_gmt":"2020-03-31T22:04:32","guid":{"rendered":"http:\/\/www.eltrabajo.cl\/portal\/?p=97787"},"modified":"2020-03-31T19:04:32","modified_gmt":"2020-03-31T22:04:32","slug":"dos-personas-encontradas-sin-vida-en-los-andes-y-calle-larga","status":"publish","type":"post","link":"https:\/\/eltrabajo.cl\/portal\/dos-personas-encontradas-sin-vida-en-los-andes-y-calle-larga\/","title":{"rendered":"Dos personas encontradas sin vida en Los Andes y Calle Larga"},"content":{"rendered":"<p><strong>LOS ANDES<\/strong>.- Dos casos de suicidio se registraron en las \u00faltimas horas en la provincia de Los Andes, siendo uno de ellos un joven y el otro un hombre de la tercera edad. El primero de estos hechos qued\u00f3 al descubierto a eso de las 10:00 horas, cuando un trabajador del Cementerio Parroquial de Los Andes lo encontr\u00f3 en el sector poniente del camposanto, dando cuenta en primera instancia a Carabineros que se aperson\u00f3 en el lugar y verific\u00f3 el deceso.<\/p>\n<p>Informado el Fiscal de Turno dispuso la concurrencia de la Brigada de Homicidios de la PDI de Los Andes. El jefe de esa unidad policial, comisario <strong>Marcelo Lazen<\/strong>, se\u00f1al\u00f3 de manera telef\u00f3nica que tras un examen preliminar del cuerpo no se observaron lesiones atribuibles a terceros.<\/p>\n<p><em>\u201cEn las diligencias indagatorias sobre este hecho se logr\u00f3 determinar que el joven fallecido sufr\u00eda una depresi\u00f3n ex\u00f3gena producto de problemas personales, situaci\u00f3n que lo llev\u00f3 a tomar esta dr\u00e1stica y lamentable decisi\u00f3n de atentar contra su vida\u201d,<\/em> inform\u00f3 el comisario.<\/p>\n<p>El jefe de Homicidios record\u00f3 que el Cementerio se encuentra cerrado para la visita de los deudos, raz\u00f3n por la cual es materia de investigaci\u00f3n establecer por d\u00f3nde ingres\u00f3 esta persona al camposanto.<\/p>\n<p>El joven fallecido fue identificado con las iniciales <strong>A.A.P.<\/strong>, de 20 a\u00f1os y su cuerpo fue remitido al Servicio M\u00e9dico Legal para realizarse la autopsia correspondiente.<\/p>\n<p>&nbsp;<\/p>\n<p><span style=\"color: #c81400;\"><strong>OTRO EN CALLE LARGA<\/strong><\/span><\/p>\n<p>En tanto, el segundo caso ocurri\u00f3 en la comuna de Calle Larga, donde un hombre de 60 a\u00f1os de iniciales <strong>M.Z.O.<\/strong> decidi\u00f3 terminar con su vida con un arma de fuego en su residencia, ubicada en Poblaci\u00f3n H\u00e9roes de la Concepci\u00f3n.<\/p>\n<p>Esta persona se encontraba padeciendo una enfermedad terminal, situaci\u00f3n que lo habr\u00eda llevado a atentar contra su vida. Oficiales de la Brigada de Homicidios se hicieron presentes en la casa y ratificaron que no hubo intervenci\u00f3n de terceros en su deceso.<\/p>\n<p>&nbsp;<\/p>\n<figure id=\"attachment_97788\" aria-describedby=\"caption-attachment-97788\" style=\"width: 580px\" class=\"wp-caption alignnone\"><img data-recalc-dims=\"1\" loading=\"lazy\" decoding=\"async\" class=\"size-full wp-image-97788\" src=\"https:\/\/i0.wp.com\/www.eltrabajo.cl\/portal\/wp-content\/uploads\/2020\/03\/Cementerio1-1.jpg?resize=580%2C359\" alt=\"En el Cementerio Parroquial de Los Andes, en el sector poniente del camposanto, se encontr\u00f3 al primero de los fallecidos.\" width=\"580\" height=\"359\" srcset=\"https:\/\/i0.wp.com\/eltrabajo.cl\/portal\/wp-content\/uploads\/2020\/03\/Cementerio1-1.jpg?w=580&amp;ssl=1 580w, https:\/\/i0.wp.com\/eltrabajo.cl\/portal\/wp-content\/uploads\/2020\/03\/Cementerio1-1.jpg?resize=300%2C186&amp;ssl=1 300w, https:\/\/i0.wp.com\/eltrabajo.cl\/portal\/wp-content\/uploads\/2020\/03\/Cementerio1-1.jpg?resize=200%2C124&amp;ssl=1 200w, https:\/\/i0.wp.com\/eltrabajo.cl\/portal\/wp-content\/uploads\/2020\/03\/Cementerio1-1.jpg?resize=242%2C150&amp;ssl=1 242w, https:\/\/i0.wp.com\/eltrabajo.cl\/portal\/wp-content\/uploads\/2020\/03\/Cementerio1-1.jpg?resize=400%2C248&amp;ssl=1 400w\" sizes=\"auto, (max-width: 580px) 100vw, 580px\" \/><figcaption id=\"caption-attachment-97788\" class=\"wp-caption-text\">En el Cementerio Parroquial de Los Andes, en el sector poniente del camposanto, se encontr\u00f3 al primero de los fallecidos.<\/figcaption><\/figure>\n","protected":false},"excerpt":{"rendered":"<p>LOS ANDES.- Dos casos de suicidio se registraron en las \u00faltimas horas en la provincia de Los Andes, siendo uno de ellos un joven y el otro un hombre de la tercera&#8230;<\/p>\n","protected":false},"author":482,"featured_media":97788,"comment_status":"open","ping_status":"open","sticky":false,"template":"","format":"standard","meta":{"advanced_seo_description":"","jetpack_seo_html_title":"","jetpack_seo_noindex":false,"_jetpack_memberships_contains_paid_content":false,"footnotes":""},"categories":[21],"tags":[],"class_list":["post-97787","post","type-post","status-publish","format-standard","has-post-thumbnail","hentry","category-policial"],"jetpack_featured_media_url":"https:\/\/i0.wp.com\/eltrabajo.cl\/portal\/wp-content\/uploads\/2020\/03\/Cementerio1-1.jpg?fit=580%2C359&ssl=1","jetpack_sharing_enabled":true,"jetpack_likes_enabled":true,"jetpack-related-posts":[],"_links":{"self":[{"href":"https:\/\/eltrabajo.cl\/portal\/wp-json\/wp\/v2\/posts\/97787","targetHints":{"allow":["GET"]}}],"collection":[{"href":"https:\/\/eltrabajo.cl\/portal\/wp-json\/wp\/v2\/posts"}],"about":[{"href":"https:\/\/eltrabajo.cl\/portal\/wp-json\/wp\/v2\/types\/post"}],"author":[{"embeddable":true,"href":"https:\/\/eltrabajo.cl\/portal\/wp-json\/wp\/v2\/users\/482"}],"replies":[{"embeddable":true,"href":"https:\/\/eltrabajo.cl\/portal\/wp-json\/wp\/v2\/comments?post=97787"}],"version-history":[{"count":0,"href":"https:\/\/eltrabajo.cl\/portal\/wp-json\/wp\/v2\/posts\/97787\/revisions"}],"wp:featuredmedia":[{"embeddable":true,"href":"https:\/\/eltrabajo.cl\/portal\/wp-json\/wp\/v2\/media\/97788"}],"wp:attachment":[{"href":"https:\/\/eltrabajo.cl\/portal\/wp-json\/wp\/v2\/media?parent=97787"}],"wp:term":[{"taxonomy":"category","embeddable":true,"href":"https:\/\/eltrabajo.cl\/portal\/wp-json\/wp\/v2\/categories?post=97787"},{"taxonomy":"post_tag","embeddable":true,"href":"https:\/\/eltrabajo.cl\/portal\/wp-json\/wp\/v2\/tags?post=97787"}],"curies":[{"name":"wp","href":"https:\/\/api.w.org\/{rel}","templated":true}]}}