{"id":97811,"date":"2020-04-01T17:42:04","date_gmt":"2020-04-01T20:42:04","guid":{"rendered":"http:\/\/www.eltrabajo.cl\/portal\/?p=97811"},"modified":"2020-04-01T17:42:04","modified_gmt":"2020-04-01T20:42:04","slug":"trasandino-cumple-114-anos","status":"publish","type":"post","link":"https:\/\/eltrabajo.cl\/portal\/trasandino-cumple-114-anos\/","title":{"rendered":"Trasandino cumple 114 a\u00f1os"},"content":{"rendered":"<p>El ambiente especial a ra\u00edz del brote del Coronavirus Covid -19, hizo que Trasandino se viera en la obligaci\u00f3n de festejar de manera especial su aniversario n\u00famero 114. Por medio de un video y comunicado institucional, el club andino conmemor\u00f3 este cumplea\u00f1os, recordando a sus fundadores, adem\u00e1s de saludar a todos los seguidores del \u2018C\u00f3ndor\u2019.<\/p>\n<p>El siguiente es el comunicado oficial de Trasandino<\/p>\n<p><span style=\"color: #c81400;\"><strong>Ciento catorce a\u00f1os de historia y pasi\u00f3n: 1 de abril 1906 &#8211; 2020<\/strong><\/span><\/p>\n<p>Fue un d\u00eda como hoy de 1906, empujados por la nobleza, el tes\u00f3n y el coraje de un pu\u00f1ado de hombres ferrocarrileros, nace a la vida esta hermosa y querida instituci\u00f3n que ha llenado de triunfos, alegr\u00edas, penas y derrotas a una ciudad con el paso de sus generaciones.<\/p>\n<p>Nuestro aniversario institucional nos sorprende con la delicada situaci\u00f3n sanitaria que vive nuestro pa\u00eds y el mundo, de lo cual no podemos abstraernos; es por ello que hemos sido austeros en nuestra celebraci\u00f3n, apelando a la solidaridad y responsabilidad como Directorio.<\/p>\n<p>Trasandino de Los Andes, es un club deportivo con una hermosa historia, que ha estado llena de desaf\u00edos, una instituci\u00f3n de esfuerzo y tradici\u00f3n que sabe enfrentar las adversidades, teniendo la claridad que tras nuestro escudo y verde camiseta hay familias, hombres, mujeres y ni\u00f1os por los cuales tenemos que velar, pero estamos ciertos que, con la ayuda de toda la comunidad andina, de nuestros hinchas, patrocinadores y fieles colaboradores, saldremos adelante una vez m\u00e1s.<\/p>\n<p>En esta hist\u00f3rica fecha para nuestra ciudad, hacemos un emotivo recuerdo y homenaje a todos quienes de una u otra forma han dejado su huella marcada en los 114 a\u00f1os de nuestra instituci\u00f3n: jugadores, t\u00e9cnicos, dirigentes, autoridades, medios de prensa e hinchas.<\/p>\n<p>En estos dif\u00edciles momentos el llamado es al autocuidado, \u201cQUEDATE EN TU CASA\u201d, nuestra ciudad y nuestro pa\u00eds deben estar m\u00e1s unidos que nunca; entre todos saldremos adelante, deseando que el supremo hacedor nos depare un futuro alentador y en el a\u00f1o 2021, al cumplir nuestros 115 a\u00f1os, celebremos todos juntos.<\/p>\n<p><strong>Felicidades Trasandino<\/strong><\/p>\n<p>&nbsp;<\/p>\n<figure id=\"attachment_97812\" aria-describedby=\"caption-attachment-97812\" style=\"width: 580px\" class=\"wp-caption alignnone\"><img data-recalc-dims=\"1\" loading=\"lazy\" decoding=\"async\" class=\"size-full wp-image-97812\" src=\"https:\/\/i0.wp.com\/www.eltrabajo.cl\/portal\/wp-content\/uploads\/2020\/04\/Trasandino-1906.jpg?resize=580%2C360\" alt=\"Primera formaci\u00f3n de Trasandino en 1906, a\u00f1o en que nace la instituci\u00f3n.\" width=\"580\" height=\"360\" srcset=\"https:\/\/i0.wp.com\/eltrabajo.cl\/portal\/wp-content\/uploads\/2020\/04\/Trasandino-1906.jpg?w=580&amp;ssl=1 580w, https:\/\/i0.wp.com\/eltrabajo.cl\/portal\/wp-content\/uploads\/2020\/04\/Trasandino-1906.jpg?resize=300%2C186&amp;ssl=1 300w, https:\/\/i0.wp.com\/eltrabajo.cl\/portal\/wp-content\/uploads\/2020\/04\/Trasandino-1906.jpg?resize=200%2C124&amp;ssl=1 200w, https:\/\/i0.wp.com\/eltrabajo.cl\/portal\/wp-content\/uploads\/2020\/04\/Trasandino-1906.jpg?resize=242%2C150&amp;ssl=1 242w, https:\/\/i0.wp.com\/eltrabajo.cl\/portal\/wp-content\/uploads\/2020\/04\/Trasandino-1906.jpg?resize=400%2C248&amp;ssl=1 400w\" sizes=\"auto, (max-width: 580px) 100vw, 580px\" \/><figcaption id=\"caption-attachment-97812\" class=\"wp-caption-text\">Primera formaci\u00f3n de Trasandino en 1906, a\u00f1o en que nace la instituci\u00f3n.<\/figcaption><\/figure>\n","protected":false},"excerpt":{"rendered":"<p>El ambiente especial a ra\u00edz del brote del Coronavirus Covid -19, hizo que Trasandino se viera en la obligaci\u00f3n de festejar de manera especial su aniversario n\u00famero 114. Por medio de un&#8230;<\/p>\n","protected":false},"author":482,"featured_media":97812,"comment_status":"open","ping_status":"open","sticky":false,"template":"","format":"standard","meta":{"advanced_seo_description":"","jetpack_seo_html_title":"","jetpack_seo_noindex":false,"_jetpack_memberships_contains_paid_content":false,"footnotes":""},"categories":[19],"tags":[],"class_list":["post-97811","post","type-post","status-publish","format-standard","has-post-thumbnail","hentry","category-deportes"],"jetpack_featured_media_url":"https:\/\/i0.wp.com\/eltrabajo.cl\/portal\/wp-content\/uploads\/2020\/04\/Trasandino-1906.jpg?fit=580%2C360&ssl=1","jetpack_sharing_enabled":true,"jetpack_likes_enabled":true,"jetpack-related-posts":[],"_links":{"self":[{"href":"https:\/\/eltrabajo.cl\/portal\/wp-json\/wp\/v2\/posts\/97811","targetHints":{"allow":["GET"]}}],"collection":[{"href":"https:\/\/eltrabajo.cl\/portal\/wp-json\/wp\/v2\/posts"}],"about":[{"href":"https:\/\/eltrabajo.cl\/portal\/wp-json\/wp\/v2\/types\/post"}],"author":[{"embeddable":true,"href":"https:\/\/eltrabajo.cl\/portal\/wp-json\/wp\/v2\/users\/482"}],"replies":[{"embeddable":true,"href":"https:\/\/eltrabajo.cl\/portal\/wp-json\/wp\/v2\/comments?post=97811"}],"version-history":[{"count":0,"href":"https:\/\/eltrabajo.cl\/portal\/wp-json\/wp\/v2\/posts\/97811\/revisions"}],"wp:featuredmedia":[{"embeddable":true,"href":"https:\/\/eltrabajo.cl\/portal\/wp-json\/wp\/v2\/media\/97812"}],"wp:attachment":[{"href":"https:\/\/eltrabajo.cl\/portal\/wp-json\/wp\/v2\/media?parent=97811"}],"wp:term":[{"taxonomy":"category","embeddable":true,"href":"https:\/\/eltrabajo.cl\/portal\/wp-json\/wp\/v2\/categories?post=97811"},{"taxonomy":"post_tag","embeddable":true,"href":"https:\/\/eltrabajo.cl\/portal\/wp-json\/wp\/v2\/tags?post=97811"}],"curies":[{"name":"wp","href":"https:\/\/api.w.org\/{rel}","templated":true}]}}