{"id":97854,"date":"2020-04-03T05:03:49","date_gmt":"2020-04-03T08:03:49","guid":{"rendered":"http:\/\/www.eltrabajo.cl\/portal\/?p=97854"},"modified":"2020-04-02T19:42:21","modified_gmt":"2020-04-02T22:42:21","slug":"el-covid-19-puso-el-freno-al-grand-prix-fiat-600","status":"publish","type":"post","link":"https:\/\/eltrabajo.cl\/portal\/el-covid-19-puso-el-freno-al-grand-prix-fiat-600\/","title":{"rendered":"El Covid\u201319 puso el freno al Grand Prix Fiat 600"},"content":{"rendered":"<p>El torneo Grand Prix Fiat 600 que ya se encontraba bien avanzado en su desarrollo, debi\u00f3 detenerse precisamente en su mejor momento. La pandemia del Coronavirus fue un verdadero frenazo para la competencia tuerca m\u00e1s importante del valle de Aconcagua, y que durante cada jornada reun\u00eda a cientos de espectadores en el circuito dispuesto en el sector de Granallas en la comuna de Putaendo, provocando un vac\u00edo dif\u00edcil de llenar entre el mundo tuerca aconcag\u00fcino.<\/p>\n<p>Nuestro medio ha cubierto toda la competencia, por lo que contact\u00f3 a uno de los organizadores del evento para saber si existe una fecha tentativa para el retorno. <em>\u201cPor ahora no hay nada, pero apenas la autoridad confirme, determine que la amenaza del coronavirus est\u00e1 superada, volveremos\u201d,<\/em> afirm\u00f3 <strong>Delia Araya Beltr\u00e1n<\/strong>.<\/p>\n<p>Al momento de la suspensi\u00f3n de la competencia, este era el ranking en las distintas categor\u00edas:<\/p>\n<p>Est\u00e1ndar<\/p>\n<p>1\u00ba.- Mart\u00edn Silva, 47 puntos<\/p>\n<p>2\u00ba.- Pablo Lobos, 39 puntos<\/p>\n<p>3\u00ba.- Marcelo Jara, 34 puntos<\/p>\n<p>Promocional<\/p>\n<p>1\u00ba.- Javier Mu\u00f1oz, 57 puntos<\/p>\n<p>2\u00ba.- Mat\u00edas Silva, 30 puntos<\/p>\n<p>3\u00ba.- Agust\u00edn Jaramillo, 26 puntos<\/p>\n<p>Potenciados<\/p>\n<p>1\u00ba.- Christian Salvo, 34 puntos<\/p>\n<p>2\u00ba.- Jos\u00e9 Barahona, 24 puntos<\/p>\n<p>3\u00ba.- Descalificado por d\u00e9ficits de carreras<\/p>\n<p>&nbsp;<\/p>\n<figure id=\"attachment_97855\" aria-describedby=\"caption-attachment-97855\" style=\"width: 580px\" class=\"wp-caption alignnone\"><img data-recalc-dims=\"1\" loading=\"lazy\" decoding=\"async\" class=\"size-full wp-image-97855\" src=\"https:\/\/i0.wp.com\/www.eltrabajo.cl\/portal\/wp-content\/uploads\/2020\/04\/fiat-600.jpg?resize=580%2C358\" alt=\"Al momento de la suspensi\u00f3n se hab\u00edan corrido 4 fechas del Grand Prix Fiat 600 del valle de Aconcagua.\" width=\"580\" height=\"358\" srcset=\"https:\/\/i0.wp.com\/eltrabajo.cl\/portal\/wp-content\/uploads\/2020\/04\/fiat-600.jpg?w=580&amp;ssl=1 580w, https:\/\/i0.wp.com\/eltrabajo.cl\/portal\/wp-content\/uploads\/2020\/04\/fiat-600.jpg?resize=300%2C185&amp;ssl=1 300w, https:\/\/i0.wp.com\/eltrabajo.cl\/portal\/wp-content\/uploads\/2020\/04\/fiat-600.jpg?resize=200%2C123&amp;ssl=1 200w, https:\/\/i0.wp.com\/eltrabajo.cl\/portal\/wp-content\/uploads\/2020\/04\/fiat-600.jpg?resize=243%2C150&amp;ssl=1 243w, https:\/\/i0.wp.com\/eltrabajo.cl\/portal\/wp-content\/uploads\/2020\/04\/fiat-600.jpg?resize=400%2C247&amp;ssl=1 400w\" sizes=\"auto, (max-width: 580px) 100vw, 580px\" \/><figcaption id=\"caption-attachment-97855\" class=\"wp-caption-text\">Al momento de la suspensi\u00f3n se hab\u00edan corrido 4 fechas del Grand Prix Fiat 600 del valle de Aconcagua.<\/figcaption><\/figure>\n","protected":false},"excerpt":{"rendered":"<p>El torneo Grand Prix Fiat 600 que ya se encontraba bien avanzado en su desarrollo, debi\u00f3 detenerse precisamente en su mejor momento. La pandemia del Coronavirus fue un verdadero frenazo para la&#8230;<\/p>\n","protected":false},"author":482,"featured_media":97855,"comment_status":"open","ping_status":"open","sticky":false,"template":"","format":"standard","meta":{"advanced_seo_description":"","jetpack_seo_html_title":"","jetpack_seo_noindex":false,"_jetpack_memberships_contains_paid_content":false,"footnotes":""},"categories":[19],"tags":[],"class_list":["post-97854","post","type-post","status-publish","format-standard","has-post-thumbnail","hentry","category-deportes"],"jetpack_featured_media_url":"https:\/\/i0.wp.com\/eltrabajo.cl\/portal\/wp-content\/uploads\/2020\/04\/fiat-600.jpg?fit=580%2C358&ssl=1","jetpack_sharing_enabled":true,"jetpack_likes_enabled":true,"jetpack-related-posts":[],"_links":{"self":[{"href":"https:\/\/eltrabajo.cl\/portal\/wp-json\/wp\/v2\/posts\/97854","targetHints":{"allow":["GET"]}}],"collection":[{"href":"https:\/\/eltrabajo.cl\/portal\/wp-json\/wp\/v2\/posts"}],"about":[{"href":"https:\/\/eltrabajo.cl\/portal\/wp-json\/wp\/v2\/types\/post"}],"author":[{"embeddable":true,"href":"https:\/\/eltrabajo.cl\/portal\/wp-json\/wp\/v2\/users\/482"}],"replies":[{"embeddable":true,"href":"https:\/\/eltrabajo.cl\/portal\/wp-json\/wp\/v2\/comments?post=97854"}],"version-history":[{"count":0,"href":"https:\/\/eltrabajo.cl\/portal\/wp-json\/wp\/v2\/posts\/97854\/revisions"}],"wp:featuredmedia":[{"embeddable":true,"href":"https:\/\/eltrabajo.cl\/portal\/wp-json\/wp\/v2\/media\/97855"}],"wp:attachment":[{"href":"https:\/\/eltrabajo.cl\/portal\/wp-json\/wp\/v2\/media?parent=97854"}],"wp:term":[{"taxonomy":"category","embeddable":true,"href":"https:\/\/eltrabajo.cl\/portal\/wp-json\/wp\/v2\/categories?post=97854"},{"taxonomy":"post_tag","embeddable":true,"href":"https:\/\/eltrabajo.cl\/portal\/wp-json\/wp\/v2\/tags?post=97854"}],"curies":[{"name":"wp","href":"https:\/\/api.w.org\/{rel}","templated":true}]}}