{"id":97876,"date":"2020-04-03T05:06:27","date_gmt":"2020-04-03T08:06:27","guid":{"rendered":"http:\/\/www.eltrabajo.cl\/portal\/?p=97876"},"modified":"2020-04-02T20:39:44","modified_gmt":"2020-04-02T23:39:44","slug":"parvularias-sorprenden-a-delincuentes-robando-en-el-establecimiento","status":"publish","type":"post","link":"https:\/\/eltrabajo.cl\/portal\/parvularias-sorprenden-a-delincuentes-robando-en-el-establecimiento\/","title":{"rendered":"Parvularias sorprenden a delincuentes robando en el establecimiento"},"content":{"rendered":"<p><span style=\"color: #c81400;\"><strong>Jard\u00edn Infantil \u2018Creciendo en Las Acacias\u2019:<\/strong><\/span><\/p>\n<p>Ni el Coronavirus para a la delincuencia, porque esta vez delincuentes entraron a robar al jard\u00edn infantil \u2018Creciendo en Las Acacias\u2019 de San Felipe, sustrayendo diferentes especies que solamente les sirven a los propios ni\u00f1os del sector.<\/p>\n<p>La directora del establecimiento, <strong>Marianela Silva Brice\u00f1o<\/strong>, \u00a0dijo a nuestro medio que el hecho qued\u00f3 al descubierto ayer en la ma\u00f1ana cuando estaba en el jard\u00edn junto a otras \u2018t\u00edas\u2019, cuando de pronto sintieron ruidos en el segundo piso del establecimiento. Al proceder a verificar se dieron cuentan que sujetos salieron corriendo del lugar.<\/p>\n<p>\u201c<em>Esta ma\u00f1ana llegamos al jard\u00edn como de costumbre a eso de las ocho de la ma\u00f1ana, y luego de un rato nos percatamos que en el segundo nivel hab\u00edan personas ajenas al recinto. Llamamos a Carabineros para denunciar el robo, lamentando esta situaci\u00f3n porque el material que se robaron va en directo beneficio de nuestras ni\u00f1as y ni\u00f1os, que hoy son necesarios para poder entregarles a las familias para que trabajen en el hogar con los p\u00e1rvulos. Hacemos un llamado a nuestros vecinos para que nos ayuden a cuidar el jard\u00edn infantil. Hoy no atendemos por tema de emergencia, pero en alg\u00fan momento abriremos las puertas para recibir a los ni\u00f1os y ni\u00f1as. Necesitamos ofrecerles las mejores condiciones\u201d,<\/em> dijo la directora del Jard\u00edn, Marianela Silva Brice\u00f1o.<\/p>\n<p>&#8211; <strong>\u00bfQu\u00e9 le robaron?<\/strong><\/p>\n<p>&#8211; Frazadas, colchonetas, materiales de aseo, toallas Nova, papel higi\u00e9nico, \u00fatiles personales de los beb\u00e9s -porque en el segundo piso est\u00e1n las dos salas cunas-, material did\u00e1ctico nuevo que hab\u00edamos entregado esta semana a los niveles y todo eso se lo llevaron.<\/p>\n<p>&#8211; <strong>Ustedes llegan a tomar desayuno, sienten ruidos en el segundo piso, \u00bfc\u00f3mo fue eso?<\/strong><\/p>\n<p>&#8211; Claro, llegamos a hacer una reuni\u00f3n con dos colegas m\u00e1s, porque nosotros tenemos cerrado el jard\u00edn, pero igual hay que hacer algunos trabajos\u2026 tele trabajos. Nos faltaban algunos materiales, los vinimos a buscar, adem\u00e1s abrirle la puerta a los maestros, ellos est\u00e1n haciendo arreglos en estos d\u00edas. Est\u00e1bamos en eso cuando nos damos cuenta, como a la hora y media despu\u00e9s, sentimos bulla y nos percatamos que hab\u00eda gente en el segundo piso, pero en ese momento ellos escaparon y no pudimos ver nada.<\/p>\n<p>&#8211; <strong>\u00bfIngresaron por la parte posterior del jard\u00edn?<\/strong><\/p>\n<p>&#8211; S\u00ed, subieron a un techo y se entraron por una ventana del segundo piso y despu\u00e9s por el tobog\u00e1n lanzaban las cosas que se llevaron.<\/p>\n<p>&#8211; <strong>\u00bfCu\u00e1nto es el aval\u00fao m\u00e1s o menos?<\/strong><\/p>\n<p>&#8211; En plata unos quinientos mil pesos.<\/p>\n<p>&#8211; <strong>\u00bfCu\u00e1nto individuos piensan ustedes que fueron, uno o dos?<\/strong><\/p>\n<p>&#8211; Puede ser, los vecinos dijeron que en la noche sintieron mucha bulla, silbidos, as\u00ed es que yo creo que era m\u00e1s de una persona.<\/p>\n<p>El Jard\u00edn Infantil \u2018Creciendo en Las Acacias\u2019 se encuentra ubicado al costado oriente del Puente Enc\u00f3n o tambi\u00e9n conocido como \u2018Puente Negro\u2019. Atiende a un n\u00famero importante de ni\u00f1os provenientes de sectores aleda\u00f1os.<\/p>\n<p>&nbsp;<\/p>\n<figure id=\"attachment_97877\" aria-describedby=\"caption-attachment-97877\" style=\"width: 580px\" class=\"wp-caption alignnone\"><img data-recalc-dims=\"1\" loading=\"lazy\" decoding=\"async\" class=\"size-full wp-image-97877\" src=\"https:\/\/i0.wp.com\/www.eltrabajo.cl\/portal\/wp-content\/uploads\/2020\/04\/Jardin-2.jpg?resize=580%2C360\" alt=\"Por este lugar, ubicado en la parte posterior del jard\u00edn infantil, se supone que salieron los delincuentes con los elementos robados.\" width=\"580\" height=\"360\" srcset=\"https:\/\/i0.wp.com\/eltrabajo.cl\/portal\/wp-content\/uploads\/2020\/04\/Jardin-2.jpg?w=580&amp;ssl=1 580w, https:\/\/i0.wp.com\/eltrabajo.cl\/portal\/wp-content\/uploads\/2020\/04\/Jardin-2.jpg?resize=300%2C186&amp;ssl=1 300w, https:\/\/i0.wp.com\/eltrabajo.cl\/portal\/wp-content\/uploads\/2020\/04\/Jardin-2.jpg?resize=200%2C124&amp;ssl=1 200w, https:\/\/i0.wp.com\/eltrabajo.cl\/portal\/wp-content\/uploads\/2020\/04\/Jardin-2.jpg?resize=242%2C150&amp;ssl=1 242w, https:\/\/i0.wp.com\/eltrabajo.cl\/portal\/wp-content\/uploads\/2020\/04\/Jardin-2.jpg?resize=400%2C248&amp;ssl=1 400w\" sizes=\"auto, (max-width: 580px) 100vw, 580px\" \/><figcaption id=\"caption-attachment-97877\" class=\"wp-caption-text\">Por este lugar, ubicado en la parte posterior del jard\u00edn infantil, se supone que salieron los delincuentes con los elementos robados.<\/figcaption><\/figure>\n<p>&nbsp;<\/p>\n<figure id=\"attachment_97878\" aria-describedby=\"caption-attachment-97878\" style=\"width: 580px\" class=\"wp-caption alignnone\"><img data-recalc-dims=\"1\" loading=\"lazy\" decoding=\"async\" class=\"size-full wp-image-97878\" src=\"https:\/\/i0.wp.com\/www.eltrabajo.cl\/portal\/wp-content\/uploads\/2020\/04\/Jardin.jpg?resize=580%2C360\" alt=\"Frontis del jard\u00edn, ubicado en Villa Las Acacias de San Felipe.\" width=\"580\" height=\"360\" srcset=\"https:\/\/i0.wp.com\/eltrabajo.cl\/portal\/wp-content\/uploads\/2020\/04\/Jardin.jpg?w=580&amp;ssl=1 580w, https:\/\/i0.wp.com\/eltrabajo.cl\/portal\/wp-content\/uploads\/2020\/04\/Jardin.jpg?resize=300%2C186&amp;ssl=1 300w, https:\/\/i0.wp.com\/eltrabajo.cl\/portal\/wp-content\/uploads\/2020\/04\/Jardin.jpg?resize=200%2C124&amp;ssl=1 200w, https:\/\/i0.wp.com\/eltrabajo.cl\/portal\/wp-content\/uploads\/2020\/04\/Jardin.jpg?resize=242%2C150&amp;ssl=1 242w, https:\/\/i0.wp.com\/eltrabajo.cl\/portal\/wp-content\/uploads\/2020\/04\/Jardin.jpg?resize=400%2C248&amp;ssl=1 400w\" sizes=\"auto, (max-width: 580px) 100vw, 580px\" \/><figcaption id=\"caption-attachment-97878\" class=\"wp-caption-text\">Frontis del jard\u00edn, ubicado en Villa Las Acacias de San Felipe.<\/figcaption><\/figure>\n","protected":false},"excerpt":{"rendered":"<p>Jard\u00edn Infantil \u2018Creciendo en Las Acacias\u2019: Ni el Coronavirus para a la delincuencia, porque esta vez delincuentes entraron a robar al jard\u00edn infantil \u2018Creciendo en Las Acacias\u2019 de San Felipe, sustrayendo diferentes&#8230;<\/p>\n","protected":false},"author":482,"featured_media":97877,"comment_status":"open","ping_status":"open","sticky":false,"template":"","format":"standard","meta":{"advanced_seo_description":"","jetpack_seo_html_title":"","jetpack_seo_noindex":false,"_jetpack_memberships_contains_paid_content":false,"footnotes":""},"categories":[21],"tags":[],"class_list":["post-97876","post","type-post","status-publish","format-standard","has-post-thumbnail","hentry","category-policial"],"jetpack_featured_media_url":"https:\/\/i0.wp.com\/eltrabajo.cl\/portal\/wp-content\/uploads\/2020\/04\/Jardin-2.jpg?fit=580%2C360&ssl=1","jetpack_sharing_enabled":true,"jetpack_likes_enabled":true,"jetpack-related-posts":[],"_links":{"self":[{"href":"https:\/\/eltrabajo.cl\/portal\/wp-json\/wp\/v2\/posts\/97876","targetHints":{"allow":["GET"]}}],"collection":[{"href":"https:\/\/eltrabajo.cl\/portal\/wp-json\/wp\/v2\/posts"}],"about":[{"href":"https:\/\/eltrabajo.cl\/portal\/wp-json\/wp\/v2\/types\/post"}],"author":[{"embeddable":true,"href":"https:\/\/eltrabajo.cl\/portal\/wp-json\/wp\/v2\/users\/482"}],"replies":[{"embeddable":true,"href":"https:\/\/eltrabajo.cl\/portal\/wp-json\/wp\/v2\/comments?post=97876"}],"version-history":[{"count":0,"href":"https:\/\/eltrabajo.cl\/portal\/wp-json\/wp\/v2\/posts\/97876\/revisions"}],"wp:featuredmedia":[{"embeddable":true,"href":"https:\/\/eltrabajo.cl\/portal\/wp-json\/wp\/v2\/media\/97877"}],"wp:attachment":[{"href":"https:\/\/eltrabajo.cl\/portal\/wp-json\/wp\/v2\/media?parent=97876"}],"wp:term":[{"taxonomy":"category","embeddable":true,"href":"https:\/\/eltrabajo.cl\/portal\/wp-json\/wp\/v2\/categories?post=97876"},{"taxonomy":"post_tag","embeddable":true,"href":"https:\/\/eltrabajo.cl\/portal\/wp-json\/wp\/v2\/tags?post=97876"}],"curies":[{"name":"wp","href":"https:\/\/api.w.org\/{rel}","templated":true}]}}