{"id":97891,"date":"2020-04-04T12:42:24","date_gmt":"2020-04-04T15:42:24","guid":{"rendered":"http:\/\/www.eltrabajo.cl\/portal\/?p=97891"},"modified":"2020-04-04T12:42:24","modified_gmt":"2020-04-04T15:42:24","slug":"delincuentes-armados-asaltan-casa-de-cambio-robando-cinco-millones-de-pesos","status":"publish","type":"post","link":"https:\/\/eltrabajo.cl\/portal\/delincuentes-armados-asaltan-casa-de-cambio-robando-cinco-millones-de-pesos\/","title":{"rendered":"Delincuentes armados asaltan casa de cambio robando cinco millones de pesos"},"content":{"rendered":"<p>Alrededor de ocho sujetos que se movilizaban en dos autom\u00f3viles robados, asaltaron a mano armada la casa de cambio <strong>\u2018Change\u2019<\/strong> ubicada en calle Arturo Prat 585 de San Felipe.<\/p>\n<p>El asalto se produjo hoy tipo nueve de la ma\u00f1ana, cuando los delincuentes irrumpieron violentamente con armas de fuego al establecimiento, espec\u00edficamente rev\u00f3lver calibre 38 seg\u00fan lo dicho por el encargado del lugar.<\/p>\n<p>Los dos autom\u00f3viles, seg\u00fan inform\u00f3 Carabineros, registraban encargo por robo en la ciudad de Santiago.<\/p>\n<p>Para evitar que Carabineros los persiguieran, los antisociales lanzaron \u2018miguelitos\u2019\u00a0 a la calzada en la intersecci\u00f3n de Avenida Maip\u00fa con Prat.<\/p>\n<p>El monto total de lo robado alcanza los cinco millones de pesos.<\/p>\n<p>Carabineros y personal de la PDI se hicieron presentes en el lugar, estando a punto de frustrar el robo.<\/p>\n<p>Seg\u00fan lo que pudimos recabar en el sitio del suceso, no hubo personas heridas, s\u00f3lo da\u00f1os al lugar como el cristal de una de las cajas.<\/p>\n<p>Carabineros no entreg\u00f3 informaci\u00f3n sobre el robo, pues justo en ese momento se trasladaban a un lugar donde presuntamente estaba uno de los veh\u00edculos usados en el asalto.<\/p>\n<p>Desde la casa de cambio no quisieron referirse en profundidad al asalto, s\u00f3lo atinaron a decir que eran tipos armados con rev\u00f3lver calibre 38.<\/p>\n<p>Todos los antecedentes fueron puestos a disposici\u00f3n de la fiscal\u00eda local de San Felipe.<\/p>\n<p>&nbsp;<\/p>\n<figure id=\"attachment_97893\" aria-describedby=\"caption-attachment-97893\" style=\"width: 580px\" class=\"wp-caption alignnone\"><img data-recalc-dims=\"1\" loading=\"lazy\" decoding=\"async\" class=\"size-full wp-image-97893\" src=\"https:\/\/i0.wp.com\/www.eltrabajo.cl\/portal\/wp-content\/uploads\/2020\/04\/asalto-change-1.jpg?resize=580%2C360\" alt=\"El asalto se produjo hoy tipo nueve de la ma\u00f1ana, cuando los delincuentes irrumpieron violentamente con armas de fuego a la casa de cambio \u2018Change\u2019 ubicada en calle Arturo Prat 585 de San Felipe.\" width=\"580\" height=\"360\" srcset=\"https:\/\/i0.wp.com\/eltrabajo.cl\/portal\/wp-content\/uploads\/2020\/04\/asalto-change-1.jpg?w=580&amp;ssl=1 580w, https:\/\/i0.wp.com\/eltrabajo.cl\/portal\/wp-content\/uploads\/2020\/04\/asalto-change-1.jpg?resize=300%2C186&amp;ssl=1 300w, https:\/\/i0.wp.com\/eltrabajo.cl\/portal\/wp-content\/uploads\/2020\/04\/asalto-change-1.jpg?resize=200%2C124&amp;ssl=1 200w, https:\/\/i0.wp.com\/eltrabajo.cl\/portal\/wp-content\/uploads\/2020\/04\/asalto-change-1.jpg?resize=242%2C150&amp;ssl=1 242w, https:\/\/i0.wp.com\/eltrabajo.cl\/portal\/wp-content\/uploads\/2020\/04\/asalto-change-1.jpg?resize=400%2C248&amp;ssl=1 400w\" sizes=\"auto, (max-width: 580px) 100vw, 580px\" \/><figcaption id=\"caption-attachment-97893\" class=\"wp-caption-text\">El asalto se produjo hoy tipo nueve de la ma\u00f1ana, cuando los delincuentes irrumpieron violentamente con armas de fuego a la casa de cambio \u2018Change\u2019 ubicada en calle Arturo Prat 585 de San Felipe.<\/figcaption><\/figure>\n<p>&nbsp;<\/p>\n<figure id=\"attachment_97894\" aria-describedby=\"caption-attachment-97894\" style=\"width: 580px\" class=\"wp-caption alignnone\"><img data-recalc-dims=\"1\" loading=\"lazy\" decoding=\"async\" class=\"size-full wp-image-97894\" src=\"https:\/\/i0.wp.com\/www.eltrabajo.cl\/portal\/wp-content\/uploads\/2020\/04\/asalto-change-2.jpg?resize=580%2C360\" alt=\"Carabineros y personal de la PDI se hicieron presentes en el lugar, estando a punto de frustrar el robo.\" width=\"580\" height=\"360\" srcset=\"https:\/\/i0.wp.com\/eltrabajo.cl\/portal\/wp-content\/uploads\/2020\/04\/asalto-change-2.jpg?w=580&amp;ssl=1 580w, https:\/\/i0.wp.com\/eltrabajo.cl\/portal\/wp-content\/uploads\/2020\/04\/asalto-change-2.jpg?resize=300%2C186&amp;ssl=1 300w, https:\/\/i0.wp.com\/eltrabajo.cl\/portal\/wp-content\/uploads\/2020\/04\/asalto-change-2.jpg?resize=200%2C124&amp;ssl=1 200w, https:\/\/i0.wp.com\/eltrabajo.cl\/portal\/wp-content\/uploads\/2020\/04\/asalto-change-2.jpg?resize=242%2C150&amp;ssl=1 242w, https:\/\/i0.wp.com\/eltrabajo.cl\/portal\/wp-content\/uploads\/2020\/04\/asalto-change-2.jpg?resize=400%2C248&amp;ssl=1 400w\" sizes=\"auto, (max-width: 580px) 100vw, 580px\" \/><figcaption id=\"caption-attachment-97894\" class=\"wp-caption-text\">Carabineros y personal de la PDI se hicieron presentes en el lugar, estando a punto de frustrar el robo.<\/figcaption><\/figure>\n<p>&nbsp;<\/p>\n<figure id=\"attachment_97892\" aria-describedby=\"caption-attachment-97892\" style=\"width: 580px\" class=\"wp-caption alignnone\"><img data-recalc-dims=\"1\" loading=\"lazy\" decoding=\"async\" class=\"size-full wp-image-97892\" src=\"https:\/\/i0.wp.com\/www.eltrabajo.cl\/portal\/wp-content\/uploads\/2020\/04\/asalto-change-1-copia.jpg?resize=580%2C359\" alt=\"Desde la casa de cambio no quisieron referirse en profundidad al asalto, s\u00f3lo atinaron a decir que eran tipos armados con rev\u00f3lver calibre 38.\" width=\"580\" height=\"359\" srcset=\"https:\/\/i0.wp.com\/eltrabajo.cl\/portal\/wp-content\/uploads\/2020\/04\/asalto-change-1-copia.jpg?w=580&amp;ssl=1 580w, https:\/\/i0.wp.com\/eltrabajo.cl\/portal\/wp-content\/uploads\/2020\/04\/asalto-change-1-copia.jpg?resize=300%2C186&amp;ssl=1 300w, https:\/\/i0.wp.com\/eltrabajo.cl\/portal\/wp-content\/uploads\/2020\/04\/asalto-change-1-copia.jpg?resize=200%2C124&amp;ssl=1 200w, https:\/\/i0.wp.com\/eltrabajo.cl\/portal\/wp-content\/uploads\/2020\/04\/asalto-change-1-copia.jpg?resize=242%2C150&amp;ssl=1 242w, https:\/\/i0.wp.com\/eltrabajo.cl\/portal\/wp-content\/uploads\/2020\/04\/asalto-change-1-copia.jpg?resize=400%2C248&amp;ssl=1 400w\" sizes=\"auto, (max-width: 580px) 100vw, 580px\" \/><figcaption id=\"caption-attachment-97892\" class=\"wp-caption-text\">Desde la casa de cambio no quisieron referirse en profundidad al asalto, s\u00f3lo atinaron a decir que eran tipos armados con rev\u00f3lver calibre 38.<\/figcaption><\/figure>\n","protected":false},"excerpt":{"rendered":"<p>Alrededor de ocho sujetos que se movilizaban en dos autom\u00f3viles robados, asaltaron a mano armada la casa de cambio \u2018Change\u2019 ubicada en calle Arturo Prat 585 de San Felipe. El asalto se&#8230;<\/p>\n","protected":false},"author":482,"featured_media":97892,"comment_status":"open","ping_status":"open","sticky":false,"template":"","format":"standard","meta":{"advanced_seo_description":"","jetpack_seo_html_title":"","jetpack_seo_noindex":false,"_jetpack_memberships_contains_paid_content":false,"footnotes":""},"categories":[21],"tags":[],"class_list":["post-97891","post","type-post","status-publish","format-standard","has-post-thumbnail","hentry","category-policial"],"jetpack_featured_media_url":"https:\/\/i0.wp.com\/eltrabajo.cl\/portal\/wp-content\/uploads\/2020\/04\/asalto-change-1-copia.jpg?fit=580%2C359&ssl=1","jetpack_sharing_enabled":true,"jetpack_likes_enabled":true,"jetpack-related-posts":[],"_links":{"self":[{"href":"https:\/\/eltrabajo.cl\/portal\/wp-json\/wp\/v2\/posts\/97891","targetHints":{"allow":["GET"]}}],"collection":[{"href":"https:\/\/eltrabajo.cl\/portal\/wp-json\/wp\/v2\/posts"}],"about":[{"href":"https:\/\/eltrabajo.cl\/portal\/wp-json\/wp\/v2\/types\/post"}],"author":[{"embeddable":true,"href":"https:\/\/eltrabajo.cl\/portal\/wp-json\/wp\/v2\/users\/482"}],"replies":[{"embeddable":true,"href":"https:\/\/eltrabajo.cl\/portal\/wp-json\/wp\/v2\/comments?post=97891"}],"version-history":[{"count":0,"href":"https:\/\/eltrabajo.cl\/portal\/wp-json\/wp\/v2\/posts\/97891\/revisions"}],"wp:featuredmedia":[{"embeddable":true,"href":"https:\/\/eltrabajo.cl\/portal\/wp-json\/wp\/v2\/media\/97892"}],"wp:attachment":[{"href":"https:\/\/eltrabajo.cl\/portal\/wp-json\/wp\/v2\/media?parent=97891"}],"wp:term":[{"taxonomy":"category","embeddable":true,"href":"https:\/\/eltrabajo.cl\/portal\/wp-json\/wp\/v2\/categories?post=97891"},{"taxonomy":"post_tag","embeddable":true,"href":"https:\/\/eltrabajo.cl\/portal\/wp-json\/wp\/v2\/tags?post=97891"}],"curies":[{"name":"wp","href":"https:\/\/api.w.org\/{rel}","templated":true}]}}