{"id":97923,"date":"2020-04-06T18:46:35","date_gmt":"2020-04-06T22:46:35","guid":{"rendered":"http:\/\/www.eltrabajo.cl\/portal\/?p=97923"},"modified":"2020-04-06T18:46:35","modified_gmt":"2020-04-06T22:46:35","slug":"comerciantes-sanfelipenos-reactivaran-su-comercio-de-nueve-a-dos-de-la-tarde","status":"publish","type":"post","link":"https:\/\/eltrabajo.cl\/portal\/comerciantes-sanfelipenos-reactivaran-su-comercio-de-nueve-a-dos-de-la-tarde\/","title":{"rendered":"Comerciantes sanfelipe\u00f1os reactivar\u00e1n su comercio de nueve a dos de la tarde"},"content":{"rendered":"<p><span style=\"color: #c81400;\"><strong>A partir del lunes 13 de abril en el centro de la ciudad:<\/strong><\/span><\/p>\n<p>Mientras que los efectos a nivel comercial de la\u00a0 Pandemia mundial que golpea tambi\u00e9n el Valle de Aconcagua y por ende nuestra comuna de San Felipe, sigue generando millonarias p\u00e9rdidas a los comerciantes locales, un grupo de locatarios sanfelipe\u00f1os han querido entrar en sinton\u00eda con la idea del ingeniero <strong>Jaime B\u00f3rquez Espinoza<\/strong>, quien les invit\u00f3 a reabrir sus negocios y continuar con sus actividades comerciales, pero eso s\u00ed, guardando todas las medidas de higiene recomendadas por el Minsal.<\/p>\n<p>&nbsp;<\/p>\n<p><span style=\"color: #c81400;\"><strong>HAY QUE DESPERTAR<\/strong><\/span><\/p>\n<p><strong>Diario El Trabajo<\/strong> habl\u00f3 con este ingeniero de profesi\u00f3n y familia de comerciantes por convicci\u00f3n, para conocer de cerca sobre su idea: <em>\u00abEsta idea la estoy divulgando por los medios de comunicaci\u00f3n radial, escritos y TV, con el fin de ayudar en esta pandemia mundial de Covid19, evitando aglomeraciones y manteniendo los est\u00e1ndares de higiene como uso de mascarillas y lavado frecuente de manos, hemos iniciado esta campa\u00f1a llamada <strong>Todos nos cuidamos en el centro<\/strong><\/em>\u00bb, dijo B\u00f3rquez.<\/p>\n<p>&#8211; <strong>\u00bfA qui\u00e9nes est\u00e1 dirigida esta campa\u00f1a?<\/strong><\/p>\n<p>&#8211; Esta campa\u00f1a est\u00e1 dirigida a todas las personas que de una u otra forma est\u00e1n obligadas a salir de sus hogares, ya sea por trabajo, tr\u00e1mites o compras, cuyo fin es mantener a sus familias, recordando evitar salir con ni\u00f1os, enfermos cr\u00f3nicos y personas de la tercera edad, eso s\u00ed cada uno con mascarilla.<\/p>\n<p>&#8211; <strong>\u00bfPara cu\u00e1ndo quieren los comerciantes de San Felipe implementar estos nuevos horarios de atenci\u00f3n al p\u00fablico?<\/strong><\/p>\n<p>&#8211; Informamos a toda la comunidad de San Felipe y del Valle de Aconcagua, que a partir del lunes 13 de abril comenzar\u00e1 con una abertura de nuestros locales a partir de las 9:00 hasta las 14:00 horas, de lunes a viernes como horario fijo, dejando a los comerciantes con opci\u00f3n de como siempre ha sido, tener su propio horario m\u00e1s all\u00e1 de la hora se\u00f1alada. Entre estos comerciantes est\u00e1n Matices, Frutos secos de Calle Prat, Los Mu\u00f1oz, Deportes Sport, de Portus, Liquidadora Glam, de Merced, y otros m\u00e1s.<\/p>\n<p>&nbsp;<\/p>\n<p><span style=\"color: #c81400;\"><strong>C\u00c1MARA RESPALDA<\/strong><\/span><\/p>\n<p><strong>Diario El Trabajo<\/strong> tambi\u00e9n consult\u00f3 al presidente de la C\u00e1mara de Comercio y Turismo de San Felipe, <strong>Luis Salinas<\/strong>, sobre esta iniciativa: <em>\u00abEl comercio ha sido uno de los sectores m\u00e1s afectados con esta pandemia, y ante esto nada hay que podamos solucionar, pero aunque estamos todos sujetos a esta crisis y el comercio se ve muy golpeado ya con muchos locales cerrados, especialmente la gastronom\u00eda y otros locatarios cerraron por seguridad, creo que lo ideal es esta iniciativa, abrir en un horario de las 9:30 a las 16:00 horas, ser\u00eda una buena medida. De todas maneras apoyamos como C\u00e1mara esta iniciativa de los comerciantes, hago una invitaci\u00f3n a los sanfelipe\u00f1os a que se cuiden, usen mascarilla y el distanciamiento correspondiente<\/em>\u00bb, indic\u00f3 Salinas.<\/p>\n<p><strong>Roberto Gonz\u00e1lez Short<\/strong><\/p>\n<p>&nbsp;<\/p>\n<figure id=\"attachment_97924\" aria-describedby=\"caption-attachment-97924\" style=\"width: 580px\" class=\"wp-caption alignnone\"><img data-recalc-dims=\"1\" loading=\"lazy\" decoding=\"async\" class=\"size-full wp-image-97924\" src=\"https:\/\/i0.wp.com\/www.eltrabajo.cl\/portal\/wp-content\/uploads\/2020\/04\/Comerciantes1.jpg?resize=580%2C359\" alt=\"SAN FELIPE NO SE DETIENE.- As\u00ed luc\u00eda hoy lunes en horas del mediod\u00eda Chile Express en Merced, grandes filas y gente sentada en los asientos al interior del local.\" width=\"580\" height=\"359\" srcset=\"https:\/\/i0.wp.com\/eltrabajo.cl\/portal\/wp-content\/uploads\/2020\/04\/Comerciantes1.jpg?w=580&amp;ssl=1 580w, https:\/\/i0.wp.com\/eltrabajo.cl\/portal\/wp-content\/uploads\/2020\/04\/Comerciantes1.jpg?resize=300%2C186&amp;ssl=1 300w, https:\/\/i0.wp.com\/eltrabajo.cl\/portal\/wp-content\/uploads\/2020\/04\/Comerciantes1.jpg?resize=200%2C124&amp;ssl=1 200w, https:\/\/i0.wp.com\/eltrabajo.cl\/portal\/wp-content\/uploads\/2020\/04\/Comerciantes1.jpg?resize=242%2C150&amp;ssl=1 242w, https:\/\/i0.wp.com\/eltrabajo.cl\/portal\/wp-content\/uploads\/2020\/04\/Comerciantes1.jpg?resize=400%2C248&amp;ssl=1 400w\" sizes=\"auto, (max-width: 580px) 100vw, 580px\" \/><figcaption id=\"caption-attachment-97924\" class=\"wp-caption-text\">SAN FELIPE NO SE DETIENE.- As\u00ed luc\u00eda hoy lunes en horas del mediod\u00eda Chile Express en Merced, grandes filas y gente sentada en los asientos al interior del local.<\/figcaption><\/figure>\n<p>&nbsp;<\/p>\n<figure id=\"attachment_97926\" aria-describedby=\"caption-attachment-97926\" style=\"width: 577px\" class=\"wp-caption alignnone\"><img data-recalc-dims=\"1\" loading=\"lazy\" decoding=\"async\" class=\"size-full wp-image-97926\" src=\"https:\/\/i0.wp.com\/www.eltrabajo.cl\/portal\/wp-content\/uploads\/2020\/04\/Comerciantes_Luis-Salinas.jpg?resize=577%2C600\" alt=\"Presidente de la C\u00e1mara de Comercio y Turismo de San Felipe, Luis Salinas.\" width=\"577\" height=\"600\" srcset=\"https:\/\/i0.wp.com\/eltrabajo.cl\/portal\/wp-content\/uploads\/2020\/04\/Comerciantes_Luis-Salinas.jpg?w=577&amp;ssl=1 577w, https:\/\/i0.wp.com\/eltrabajo.cl\/portal\/wp-content\/uploads\/2020\/04\/Comerciantes_Luis-Salinas.jpg?resize=289%2C300&amp;ssl=1 289w, https:\/\/i0.wp.com\/eltrabajo.cl\/portal\/wp-content\/uploads\/2020\/04\/Comerciantes_Luis-Salinas.jpg?resize=144%2C150&amp;ssl=1 144w, https:\/\/i0.wp.com\/eltrabajo.cl\/portal\/wp-content\/uploads\/2020\/04\/Comerciantes_Luis-Salinas.jpg?resize=400%2C416&amp;ssl=1 400w\" sizes=\"auto, (max-width: 577px) 100vw, 577px\" \/><figcaption id=\"caption-attachment-97926\" class=\"wp-caption-text\">Presidente de la C\u00e1mara de Comercio y Turismo de San Felipe, Luis Salinas.<\/figcaption><\/figure>\n<p>&nbsp;<\/p>\n<figure id=\"attachment_97925\" aria-describedby=\"caption-attachment-97925\" style=\"width: 580px\" class=\"wp-caption alignnone\"><img data-recalc-dims=\"1\" loading=\"lazy\" decoding=\"async\" class=\"size-full wp-image-97925\" src=\"https:\/\/i0.wp.com\/www.eltrabajo.cl\/portal\/wp-content\/uploads\/2020\/04\/Comerciantes_Jaime-Borquez.jpg?resize=580%2C600\" alt=\"Ingeniero Jaime B\u00f3rquez Espinoza, propuso la idea de reactivar su comercio a locatarios de San Felipe.\" width=\"580\" height=\"600\" srcset=\"https:\/\/i0.wp.com\/eltrabajo.cl\/portal\/wp-content\/uploads\/2020\/04\/Comerciantes_Jaime-Borquez.jpg?w=580&amp;ssl=1 580w, https:\/\/i0.wp.com\/eltrabajo.cl\/portal\/wp-content\/uploads\/2020\/04\/Comerciantes_Jaime-Borquez.jpg?resize=290%2C300&amp;ssl=1 290w, https:\/\/i0.wp.com\/eltrabajo.cl\/portal\/wp-content\/uploads\/2020\/04\/Comerciantes_Jaime-Borquez.jpg?resize=145%2C150&amp;ssl=1 145w, https:\/\/i0.wp.com\/eltrabajo.cl\/portal\/wp-content\/uploads\/2020\/04\/Comerciantes_Jaime-Borquez.jpg?resize=400%2C414&amp;ssl=1 400w\" sizes=\"auto, (max-width: 580px) 100vw, 580px\" \/><figcaption id=\"caption-attachment-97925\" class=\"wp-caption-text\">Ingeniero Jaime B\u00f3rquez Espinoza, propuso la idea de reactivar su comercio a locatarios de San Felipe.<\/figcaption><\/figure>\n","protected":false},"excerpt":{"rendered":"<p>A partir del lunes 13 de abril en el centro de la ciudad: Mientras que los efectos a nivel comercial de la\u00a0 Pandemia mundial que golpea tambi\u00e9n el Valle de Aconcagua y&#8230;<\/p>\n","protected":false},"author":482,"featured_media":97924,"comment_status":"open","ping_status":"open","sticky":false,"template":"","format":"standard","meta":{"advanced_seo_description":"","jetpack_seo_html_title":"","jetpack_seo_noindex":false,"_jetpack_memberships_contains_paid_content":false,"footnotes":""},"categories":[15],"tags":[],"class_list":["post-97923","post","type-post","status-publish","format-standard","has-post-thumbnail","hentry","category-comunidad"],"jetpack_featured_media_url":"https:\/\/i0.wp.com\/eltrabajo.cl\/portal\/wp-content\/uploads\/2020\/04\/Comerciantes1.jpg?fit=580%2C359&ssl=1","jetpack_sharing_enabled":true,"jetpack_likes_enabled":true,"jetpack-related-posts":[],"_links":{"self":[{"href":"https:\/\/eltrabajo.cl\/portal\/wp-json\/wp\/v2\/posts\/97923","targetHints":{"allow":["GET"]}}],"collection":[{"href":"https:\/\/eltrabajo.cl\/portal\/wp-json\/wp\/v2\/posts"}],"about":[{"href":"https:\/\/eltrabajo.cl\/portal\/wp-json\/wp\/v2\/types\/post"}],"author":[{"embeddable":true,"href":"https:\/\/eltrabajo.cl\/portal\/wp-json\/wp\/v2\/users\/482"}],"replies":[{"embeddable":true,"href":"https:\/\/eltrabajo.cl\/portal\/wp-json\/wp\/v2\/comments?post=97923"}],"version-history":[{"count":0,"href":"https:\/\/eltrabajo.cl\/portal\/wp-json\/wp\/v2\/posts\/97923\/revisions"}],"wp:featuredmedia":[{"embeddable":true,"href":"https:\/\/eltrabajo.cl\/portal\/wp-json\/wp\/v2\/media\/97924"}],"wp:attachment":[{"href":"https:\/\/eltrabajo.cl\/portal\/wp-json\/wp\/v2\/media?parent=97923"}],"wp:term":[{"taxonomy":"category","embeddable":true,"href":"https:\/\/eltrabajo.cl\/portal\/wp-json\/wp\/v2\/categories?post=97923"},{"taxonomy":"post_tag","embeddable":true,"href":"https:\/\/eltrabajo.cl\/portal\/wp-json\/wp\/v2\/tags?post=97923"}],"curies":[{"name":"wp","href":"https:\/\/api.w.org\/{rel}","templated":true}]}}