{"id":97956,"date":"2020-04-07T17:00:03","date_gmt":"2020-04-07T21:00:03","guid":{"rendered":"http:\/\/www.eltrabajo.cl\/portal\/?p=97956"},"modified":"2020-04-07T19:47:24","modified_gmt":"2020-04-07T23:47:24","slug":"el-amor-a-la-camiseta-2020-llego-a-su-fin","status":"publish","type":"post","link":"https:\/\/eltrabajo.cl\/portal\/el-amor-a-la-camiseta-2020-llego-a-su-fin\/","title":{"rendered":"El &#8216;Amor a la Camiseta&#8217; 2020 lleg\u00f3 a su fin"},"content":{"rendered":"<p>A diferencia de otros torneos como el Afava y la Copa de Campeones, el comit\u00e9 organizador del \u2018Selim Amar Pozo, Por Amor a la Camiseta\u2019, decidi\u00f3 poner fin a su edici\u00f3n 2020.<\/p>\n<p>La informaci\u00f3n fue dada a conocer en horas de la tarde de este lunes por el dirigente <strong>Ra\u00fal Reinoso<\/strong>, quien fue muy claro en se\u00f1alar que era imposible seguir con la competencia a ra\u00edz que ser\u00eda imposible hacer calzar los tiempos, porque cuando se acabe la actual \u00a0emergencia sanitaria, habr\u00e1 que poner todas las fichas en la realizaci\u00f3n de los torneos de asociaciones.<\/p>\n<p>El hist\u00f3rico directivo se mostr\u00f3 muy orgulloso por el hecho de haber podido sostener el torneo. <em>\u201cSe jug\u00f3 apenas una fecha, pero esa fue suficiente para que el \u2018Amor a la Camiseta\u2019 pueda seguir en el tiempo. Estoy seguro que Selim (Amar) estar\u00eda muy orgulloso de lo que hicimos\u201d,<\/em> enfatiz\u00f3 el popular <strong>\u2018Rulo\u2019<\/strong>.<\/p>\n<p>&nbsp;<\/p>\n<figure id=\"attachment_97957\" aria-describedby=\"caption-attachment-97957\" style=\"width: 580px\" class=\"wp-caption alignnone\"><img data-recalc-dims=\"1\" loading=\"lazy\" decoding=\"async\" class=\"size-full wp-image-97957\" src=\"https:\/\/i0.wp.com\/www.eltrabajo.cl\/portal\/wp-content\/uploads\/2020\/04\/amor-camiseta.jpg?resize=580%2C359\" alt=\"Solamente una fecha se alcanz\u00f3 a jugar del \u2018Amor a la Camiseta\u2019, debiendo ponerle t\u00e9rmino debido a la pandemia.\" width=\"580\" height=\"359\" srcset=\"https:\/\/i0.wp.com\/eltrabajo.cl\/portal\/wp-content\/uploads\/2020\/04\/amor-camiseta.jpg?w=580&amp;ssl=1 580w, https:\/\/i0.wp.com\/eltrabajo.cl\/portal\/wp-content\/uploads\/2020\/04\/amor-camiseta.jpg?resize=300%2C186&amp;ssl=1 300w, https:\/\/i0.wp.com\/eltrabajo.cl\/portal\/wp-content\/uploads\/2020\/04\/amor-camiseta.jpg?resize=200%2C124&amp;ssl=1 200w, https:\/\/i0.wp.com\/eltrabajo.cl\/portal\/wp-content\/uploads\/2020\/04\/amor-camiseta.jpg?resize=242%2C150&amp;ssl=1 242w, https:\/\/i0.wp.com\/eltrabajo.cl\/portal\/wp-content\/uploads\/2020\/04\/amor-camiseta.jpg?resize=400%2C248&amp;ssl=1 400w\" sizes=\"auto, (max-width: 580px) 100vw, 580px\" \/><figcaption id=\"caption-attachment-97957\" class=\"wp-caption-text\">Solamente una fecha se alcanz\u00f3 a jugar del \u2018Amor a la Camiseta\u2019, debiendo ponerle t\u00e9rmino debido a la pandemia.<\/figcaption><\/figure>\n","protected":false},"excerpt":{"rendered":"<p>A diferencia de otros torneos como el Afava y la Copa de Campeones, el comit\u00e9 organizador del \u2018Selim Amar Pozo, Por Amor a la Camiseta\u2019, decidi\u00f3 poner fin a su edici\u00f3n 2020&#8230;.<\/p>\n","protected":false},"author":482,"featured_media":97957,"comment_status":"open","ping_status":"open","sticky":false,"template":"","format":"standard","meta":{"advanced_seo_description":"","jetpack_seo_html_title":"","jetpack_seo_noindex":false,"_jetpack_memberships_contains_paid_content":false,"footnotes":""},"categories":[19],"tags":[],"class_list":["post-97956","post","type-post","status-publish","format-standard","has-post-thumbnail","hentry","category-deportes"],"jetpack_featured_media_url":"https:\/\/i0.wp.com\/eltrabajo.cl\/portal\/wp-content\/uploads\/2020\/04\/amor-camiseta.jpg?fit=580%2C359&ssl=1","jetpack_sharing_enabled":true,"jetpack_likes_enabled":true,"jetpack-related-posts":[],"_links":{"self":[{"href":"https:\/\/eltrabajo.cl\/portal\/wp-json\/wp\/v2\/posts\/97956","targetHints":{"allow":["GET"]}}],"collection":[{"href":"https:\/\/eltrabajo.cl\/portal\/wp-json\/wp\/v2\/posts"}],"about":[{"href":"https:\/\/eltrabajo.cl\/portal\/wp-json\/wp\/v2\/types\/post"}],"author":[{"embeddable":true,"href":"https:\/\/eltrabajo.cl\/portal\/wp-json\/wp\/v2\/users\/482"}],"replies":[{"embeddable":true,"href":"https:\/\/eltrabajo.cl\/portal\/wp-json\/wp\/v2\/comments?post=97956"}],"version-history":[{"count":0,"href":"https:\/\/eltrabajo.cl\/portal\/wp-json\/wp\/v2\/posts\/97956\/revisions"}],"wp:featuredmedia":[{"embeddable":true,"href":"https:\/\/eltrabajo.cl\/portal\/wp-json\/wp\/v2\/media\/97957"}],"wp:attachment":[{"href":"https:\/\/eltrabajo.cl\/portal\/wp-json\/wp\/v2\/media?parent=97956"}],"wp:term":[{"taxonomy":"category","embeddable":true,"href":"https:\/\/eltrabajo.cl\/portal\/wp-json\/wp\/v2\/categories?post=97956"},{"taxonomy":"post_tag","embeddable":true,"href":"https:\/\/eltrabajo.cl\/portal\/wp-json\/wp\/v2\/tags?post=97956"}],"curies":[{"name":"wp","href":"https:\/\/api.w.org\/{rel}","templated":true}]}}