{"id":97959,"date":"2020-04-07T17:26:59","date_gmt":"2020-04-07T21:26:59","guid":{"rendered":"http:\/\/www.eltrabajo.cl\/portal\/?p=97959"},"modified":"2020-04-08T18:45:11","modified_gmt":"2020-04-08T22:45:11","slug":"hija-del-sapito-andrade-ya-recorre-orgullosa-todo-san-felipe-como-subteniente-de-carabineros","status":"publish","type":"post","link":"https:\/\/eltrabajo.cl\/portal\/hija-del-sapito-andrade-ya-recorre-orgullosa-todo-san-felipe-como-subteniente-de-carabineros\/","title":{"rendered":"Hija del \u2018Sapito\u2019 Andrade ya recorre orgullosa San Felipe como subteniente de Carabineros"},"content":{"rendered":"<p><span style=\"color: #c81400;\"><strong>Yasmina Andrade habla de sus sue\u00f1os con Diario El Trabajo:<\/strong><\/span><\/p>\n<p>Hoy queremos compartir con nuestros miles de lectores una noticia m\u00e1s que positiva, m\u00e1s bien podr\u00edamos asegurar que se trata de una \u2018inyecci\u00f3n\u2019 de energ\u00eda para aquellos que no creen que los sue\u00f1os acompa\u00f1ados de esfuerzo se puedan cumplir.<\/p>\n<p>Se trata de la historia de una ejemplar sanfelipe\u00f1a muy querida por todos en el Valle de Aconcagua, <strong>Yasmina Andrade Rea<\/strong>, hija del profesor <strong>V\u00edctor Hugo \u2018Sapito\u2019 Andrade<\/strong>, quien desde el mes de diciembre egres\u00f3 de la Escuela de Oficiales de Carabineros, ya transformada en una joven y radiante subteniente de dicha instituci\u00f3n policial.<\/p>\n<p>Es importante recordar que sus logros personales y profesionales no los alcanz\u00f3 sola, su padre V\u00edctor Hugo y su madre <strong>Sonia<\/strong> siempre estuvieron a su lado respald\u00e1ndola y anim\u00e1ndola a llegar a sus metas, y lo logr\u00f3, y aunque su amado padre falleci\u00f3 a finales de agosto de 2019 y no la pudo ver titulada, ella hoy comparte con nosotros la alegr\u00eda de saberse realizada gracias a su esfuerzo personal y el de sus padres.<\/p>\n<p>&nbsp;<\/p>\n<p><span style=\"color: #c81400;\"><strong>CUMPLI\u00d3 SUS SUE\u00d1OS<\/strong><\/span><\/p>\n<p>Yasmina tiene 26 a\u00f1os de edad, es soltera, egres\u00f3 en 2019 de la Escuela de Carabineros y desde diciembre recorre las avenidas y poblaciones de nuestra comuna al servicio de la comunidad como una oficial de Carabineros.<\/p>\n<p>&#8211; <strong>\u00bfC\u00f3mo fue tu infancia y d\u00f3nde cursaste tus estudios?<\/strong><\/p>\n<p>&#8211; De peque\u00f1a estudi\u00e9 mi B\u00e1sica y Media en el Liceo de Ni\u00f1as de San Felipe, posterior a eso estudi\u00e9 T\u00e9cnico en Enfermer\u00eda en el AIEP, pero mi vocaci\u00f3n siempre fue ser carabinera, se necesit\u00f3 mucho esfuerzo m\u00edo y de mis padres, a quienes siempre los tuve para todo y para lograr tambi\u00e9n este objetivo, por lo que me siento muy orgullosa de estar donde estoy hoy d\u00eda.<\/p>\n<p>&#8211; <strong>\u00bfQu\u00e9 clase de ni\u00f1a y joven fuiste en tu edad de estudiante?<\/strong><\/p>\n<p>&#8211; Me gustaba mucho la m\u00fasica, ten\u00eda tambi\u00e9n muchas amigas, compart\u00eda harto con ellas; tambi\u00e9n recuerdo que cuando era m\u00e1s chica yo acompa\u00f1aba a mi pap\u00e1 a las canchas de f\u00fatbol que eran su pasi\u00f3n. En general tengo muy lindos recuerdos de mi infancia.<\/p>\n<p>&#8211; <strong>\u00bfConcejos para los ni\u00f1os y j\u00f3venes que ven muy lejanas sus metas?<\/strong><\/p>\n<p>&#8211; Yo creo que lo principal ante cualquier carrera en realidad no solamente para ser un carabinero, es tener la convicci\u00f3n y motivaci\u00f3n. Creo que uno mismo tiene que ponerse sus objetivos y no rendirse hasta cumplirlos, si yo desde peque\u00f1a quise ser carabinera, me cost\u00f3 mucho, y lo logr\u00e9. Creo que esto es un ejemplo para cualquier ni\u00f1o o joven que quiera cumplir cualquiera de sus sue\u00f1os.<\/p>\n<p>&#8211; <strong>\u00bfQu\u00e9 tan duros son los ejercicios y entrenamientos que hiciste para llegar a ser carabinera?<\/strong><\/p>\n<p>&#8211; En realidad todos los ejercicios que exige Carabineros no son algo fuera de lo normal, que cualquier ser humano no pueda cumplir; s\u00ed hay metas y objetivos, pero con un buen entrenamiento que se cumple en todas las escuelas de formaci\u00f3n, cualquier persona podr\u00eda cumplir esos objetivos. Para todo hay una preparaci\u00f3n b\u00e1sica.<\/p>\n<p>&#8211; <strong>\u00bfQu\u00e9 opinas del peligro que se corre en esta carrera en Carabineros?<\/strong><\/p>\n<p>&#8211; Lo que pasa es que la gente tiene un mal concepto de nosotros y piensan que por vestir nuestro uniforme dejamos ya de ser personas. Pero yo corro los mismos riesgos que cualquier persona y m\u00e1s con este uniforme, aun as\u00ed nosotros tomamos todas las medidas de seguridad para que mi vida y la de mis carabineros siempre est\u00e9n a resguardo, saliendo y regresando en las mejores condiciones.<\/p>\n<p>&#8211; <strong>\u00bfC\u00f3mo te sentiste durante el estallido social con el tema de los insultos y ataques de la gente hacia Carabineros?<\/strong><\/p>\n<p>&#8211; Cuando ocurri\u00f3 el estallido social yo estaba terminando mi curso de formaci\u00f3n en la comuna de Vitacura. En ese lugar la situaci\u00f3n fue totalmente distinta a otros sectores que s\u00ed se vivi\u00f3 de manera m\u00e1s violenta, pero tengo compa\u00f1eros que en Plaza Italia y dem\u00e1s sectores de Santiago el estallido fue bastante complicado. Debemos tener mucha tolerancia, ah\u00ed es donde entra en juego tambi\u00e9n nuestra vocaci\u00f3n, ah\u00ed nos demostramos qu\u00e9 tanto queremos estar ac\u00e1, yo creo que todos estamos ac\u00e1 dando lo mejor de cada uno.<\/p>\n<p>&#8211; <strong>\u00bfQu\u00e9 siente al recorrer las calles de San Felipe siendo ya una carabinera y muy querida por los vecinos?<\/strong><\/p>\n<p>&#8211; La verdad es que yo a San Felipe le tengo un cari\u00f1o enorme, toda mi vida la he pasado ac\u00e1, ahora que por casualidad estoy laborando ac\u00e1 me siento muy feliz, estoy al lado de mam\u00e1 despu\u00e9s del duelo que vivimos y eso es lo que me importa.<\/p>\n<p>&#8211; <strong>\u00bfQu\u00e9 significa ser una Subteniente de Carabineros?<\/strong><\/p>\n<p>&#8211; Ser subteniente significa estar en un proceso de formaci\u00f3n de cuatro a\u00f1os en el escalaf\u00f3n de Orden y Seguridad de la Escuela de Oficiales de Carabineros, ah\u00ed uno atraviesa distintos ramos, distintas materias, y el \u00faltimo a\u00f1o de formaci\u00f3n es pr\u00e1ctico, como Aspirante uno lo hace pr\u00e1ctico. Yo mi a\u00f1o de pr\u00e1ctica lo hice en la comuna de Vitacura el a\u00f1o pasado, despu\u00e9s de esto uno egresa ya como Subteniente de Carabineros, perteneciendo a partir de ah\u00ed al escalaf\u00f3n de Oficiales de Carabineros.<\/p>\n<p>&#8211; <strong>\u00bfEl legado m\u00e1s importante que te dej\u00f3 tu padre?<\/strong><\/p>\n<p>&#8211; De mi padre, la bondad, la solidaridad, y yo creo que no puedo decir en particular un legado espec\u00edfico, porque \u00e9l fue un hombre tan bueno, tan querido, que yo ahora trabajando ac\u00e1 lo veo, la gente me dice \u00a1Oh usted es la hija del Sapito Andrade!\u2019, y me hablan maravillas de \u00e9l, y \u00e9l sin esperar algo a cambio ayudaba a las personas, yo lo sab\u00eda, pero ahora me confirman la calidad de persona que fue mi padre. Por eso mi motivaci\u00f3n es llegar a ser como \u00e9l, una buena persona, luchadora, la verdad es que yo de mi pap\u00e1 nada malo tengo que decir, fue un hombre espectacular, buen padre, buen esposo, yo lamento todos los d\u00edas su muerte, pero Dios sabe por qu\u00e9 hace las cosas, ahora tengo la tranquilidad y s\u00e9 que \u00e9l est\u00e1 bien.<\/p>\n<p><strong>Roberto Gonz\u00e1lez Short<\/strong><\/p>\n<p>&nbsp;<\/p>\n<figure id=\"attachment_97960\" aria-describedby=\"caption-attachment-97960\" style=\"width: 580px\" class=\"wp-caption alignnone\"><img data-recalc-dims=\"1\" loading=\"lazy\" decoding=\"async\" class=\"size-full wp-image-97960\" src=\"https:\/\/i0.wp.com\/www.eltrabajo.cl\/portal\/wp-content\/uploads\/2020\/04\/Carabinera2.jpg?resize=580%2C359\" alt=\"BIEN RESPALDADA.- Aqu\u00ed vemos a la flamante carabinera al lado de su ahora difunto padre V\u00edctor Hugo Andrade y do\u00f1a Sonia Rea.\" width=\"580\" height=\"359\" srcset=\"https:\/\/i0.wp.com\/eltrabajo.cl\/portal\/wp-content\/uploads\/2020\/04\/Carabinera2.jpg?w=580&amp;ssl=1 580w, https:\/\/i0.wp.com\/eltrabajo.cl\/portal\/wp-content\/uploads\/2020\/04\/Carabinera2.jpg?resize=300%2C186&amp;ssl=1 300w, https:\/\/i0.wp.com\/eltrabajo.cl\/portal\/wp-content\/uploads\/2020\/04\/Carabinera2.jpg?resize=200%2C124&amp;ssl=1 200w, https:\/\/i0.wp.com\/eltrabajo.cl\/portal\/wp-content\/uploads\/2020\/04\/Carabinera2.jpg?resize=242%2C150&amp;ssl=1 242w, https:\/\/i0.wp.com\/eltrabajo.cl\/portal\/wp-content\/uploads\/2020\/04\/Carabinera2.jpg?resize=400%2C248&amp;ssl=1 400w\" sizes=\"auto, (max-width: 580px) 100vw, 580px\" \/><figcaption id=\"caption-attachment-97960\" class=\"wp-caption-text\">BIEN RESPALDADA.- Aqu\u00ed vemos a la flamante carabinera al lado de su ahora difunto padre V\u00edctor Hugo Andrade y do\u00f1a Sonia Rea.<\/figcaption><\/figure>\n<p>&nbsp;<\/p>\n<figure id=\"attachment_97961\" aria-describedby=\"caption-attachment-97961\" style=\"width: 580px\" class=\"wp-caption alignnone\"><img data-recalc-dims=\"1\" loading=\"lazy\" decoding=\"async\" class=\"size-full wp-image-97961\" src=\"https:\/\/i0.wp.com\/www.eltrabajo.cl\/portal\/wp-content\/uploads\/2020\/04\/Carabinera-1.jpg?resize=580%2C359\" alt=\"MUY REGALONEADA.- Aqu\u00ed vemos a Yasmina con su amado padre V\u00edctor Hugo Andrade, disfrutando del cari\u00f1o y tiempo del Sapito para ella, a la edad de 7 a\u00f1os.\" width=\"580\" height=\"359\" srcset=\"https:\/\/i0.wp.com\/eltrabajo.cl\/portal\/wp-content\/uploads\/2020\/04\/Carabinera-1.jpg?w=580&amp;ssl=1 580w, https:\/\/i0.wp.com\/eltrabajo.cl\/portal\/wp-content\/uploads\/2020\/04\/Carabinera-1.jpg?resize=300%2C186&amp;ssl=1 300w, https:\/\/i0.wp.com\/eltrabajo.cl\/portal\/wp-content\/uploads\/2020\/04\/Carabinera-1.jpg?resize=200%2C124&amp;ssl=1 200w, https:\/\/i0.wp.com\/eltrabajo.cl\/portal\/wp-content\/uploads\/2020\/04\/Carabinera-1.jpg?resize=242%2C150&amp;ssl=1 242w, https:\/\/i0.wp.com\/eltrabajo.cl\/portal\/wp-content\/uploads\/2020\/04\/Carabinera-1.jpg?resize=400%2C248&amp;ssl=1 400w\" sizes=\"auto, (max-width: 580px) 100vw, 580px\" \/><figcaption id=\"caption-attachment-97961\" class=\"wp-caption-text\">MUY REGALONEADA.- Aqu\u00ed vemos a Yasmina con su amado padre V\u00edctor Hugo Andrade, disfrutando del cari\u00f1o y tiempo del Sapito para ella, a la edad de 7 a\u00f1os.<\/figcaption><\/figure>\n<p>&nbsp;<\/p>\n<figure id=\"attachment_97962\" aria-describedby=\"caption-attachment-97962\" style=\"width: 580px\" class=\"wp-caption alignnone\"><img data-recalc-dims=\"1\" loading=\"lazy\" decoding=\"async\" class=\"size-full wp-image-97962\" src=\"https:\/\/i0.wp.com\/www.eltrabajo.cl\/portal\/wp-content\/uploads\/2020\/04\/Carabinera_Yasmina-Andrade-Rea.jpg?resize=580%2C600\" alt=\"MUY QUERIDA EN ACONCAGUA.- Yasmina Andrade Rea, subteniente de Carabineros, ejemplar sanfelipe\u00f1a que con mucho esfuerzo suyo y de sus padres logr\u00f3 cumplir sus metas.\" width=\"580\" height=\"600\" srcset=\"https:\/\/i0.wp.com\/eltrabajo.cl\/portal\/wp-content\/uploads\/2020\/04\/Carabinera_Yasmina-Andrade-Rea.jpg?w=580&amp;ssl=1 580w, https:\/\/i0.wp.com\/eltrabajo.cl\/portal\/wp-content\/uploads\/2020\/04\/Carabinera_Yasmina-Andrade-Rea.jpg?resize=290%2C300&amp;ssl=1 290w, https:\/\/i0.wp.com\/eltrabajo.cl\/portal\/wp-content\/uploads\/2020\/04\/Carabinera_Yasmina-Andrade-Rea.jpg?resize=145%2C150&amp;ssl=1 145w, https:\/\/i0.wp.com\/eltrabajo.cl\/portal\/wp-content\/uploads\/2020\/04\/Carabinera_Yasmina-Andrade-Rea.jpg?resize=400%2C414&amp;ssl=1 400w\" sizes=\"auto, (max-width: 580px) 100vw, 580px\" \/><figcaption id=\"caption-attachment-97962\" class=\"wp-caption-text\">MUY QUERIDA EN ACONCAGUA.- Yasmina Andrade Rea, subteniente de Carabineros, ejemplar sanfelipe\u00f1a que con mucho esfuerzo suyo y de sus padres logr\u00f3 cumplir sus metas.<\/figcaption><\/figure>\n","protected":false},"excerpt":{"rendered":"<p>Yasmina Andrade habla de sus sue\u00f1os con Diario El Trabajo: Hoy queremos compartir con nuestros miles de lectores una noticia m\u00e1s que positiva, m\u00e1s bien podr\u00edamos asegurar que se trata de una&#8230;<\/p>\n","protected":false},"author":482,"featured_media":97960,"comment_status":"closed","ping_status":"open","sticky":false,"template":"","format":"standard","meta":{"advanced_seo_description":"","jetpack_seo_html_title":"","jetpack_seo_noindex":false,"_jetpack_memberships_contains_paid_content":false,"footnotes":""},"categories":[15],"tags":[],"class_list":["post-97959","post","type-post","status-publish","format-standard","has-post-thumbnail","hentry","category-comunidad"],"jetpack_featured_media_url":"https:\/\/i0.wp.com\/eltrabajo.cl\/portal\/wp-content\/uploads\/2020\/04\/Carabinera2.jpg?fit=580%2C359&ssl=1","jetpack_sharing_enabled":true,"jetpack_likes_enabled":true,"jetpack-related-posts":[],"_links":{"self":[{"href":"https:\/\/eltrabajo.cl\/portal\/wp-json\/wp\/v2\/posts\/97959","targetHints":{"allow":["GET"]}}],"collection":[{"href":"https:\/\/eltrabajo.cl\/portal\/wp-json\/wp\/v2\/posts"}],"about":[{"href":"https:\/\/eltrabajo.cl\/portal\/wp-json\/wp\/v2\/types\/post"}],"author":[{"embeddable":true,"href":"https:\/\/eltrabajo.cl\/portal\/wp-json\/wp\/v2\/users\/482"}],"replies":[{"embeddable":true,"href":"https:\/\/eltrabajo.cl\/portal\/wp-json\/wp\/v2\/comments?post=97959"}],"version-history":[{"count":0,"href":"https:\/\/eltrabajo.cl\/portal\/wp-json\/wp\/v2\/posts\/97959\/revisions"}],"wp:featuredmedia":[{"embeddable":true,"href":"https:\/\/eltrabajo.cl\/portal\/wp-json\/wp\/v2\/media\/97960"}],"wp:attachment":[{"href":"https:\/\/eltrabajo.cl\/portal\/wp-json\/wp\/v2\/media?parent=97959"}],"wp:term":[{"taxonomy":"category","embeddable":true,"href":"https:\/\/eltrabajo.cl\/portal\/wp-json\/wp\/v2\/categories?post=97959"},{"taxonomy":"post_tag","embeddable":true,"href":"https:\/\/eltrabajo.cl\/portal\/wp-json\/wp\/v2\/tags?post=97959"}],"curies":[{"name":"wp","href":"https:\/\/api.w.org\/{rel}","templated":true}]}}