{"id":97973,"date":"2020-04-07T17:11:45","date_gmt":"2020-04-07T21:11:45","guid":{"rendered":"http:\/\/www.eltrabajo.cl\/portal\/?p=97973"},"modified":"2020-04-07T19:47:37","modified_gmt":"2020-04-07T23:47:37","slug":"entrenador-del-uni-uni-dice-seguir-tranquilo-pese-al-prolongado-receso","status":"publish","type":"post","link":"https:\/\/eltrabajo.cl\/portal\/entrenador-del-uni-uni-dice-seguir-tranquilo-pese-al-prolongado-receso\/","title":{"rendered":"Entrenador del Un\u00ed Un\u00ed dice seguir tranquilo pese al prolongado receso"},"content":{"rendered":"<p>El entrenador de Uni\u00f3n San Felipe, <strong>Erwin Dur\u00e1n<\/strong>, le rest\u00f3 dramatismo al prolongado receso del f\u00fatbol profesional. Dur\u00e1n no tiene la menor duda que una vez que vuelva la actividad, sus dirigidos r\u00e1pidamente podr\u00e1n ponerse a tono en lo futbol\u00edstico. <em>\u201cCuando un futbolista de alto rendimiento est\u00e1 bien en lo f\u00edsico y mental, no es complicado ponerlo bien en ese aspecto. As\u00ed que tengo completa tranquilidad respecto a eso\u201d,<\/em> coment\u00f3 el profesional.<\/p>\n<p>Por medio de una conversaci\u00f3n telef\u00f3nica que el coach sostuvo con nuestro medio desde su hogar, lugar donde se encuentra haciendo cuarentena mientras dura esta emergencia sanitaria, asegur\u00f3 que sus dirigidos est\u00e1n trabajando bien. <em>\u201cLa verdad estoy feliz por la respuesta de los jugadores. Han mostrado mucho profesionalismo en un momento donde hay mucha incertidumbre. Todos los d\u00edas nos env\u00edan los videos para que nosotros los analicemos, as\u00ed que podemos estar tranquilos por el compromiso de cada uno de ellos\u201d,<\/em> cont\u00f3.<\/p>\n<p>En la charla el t\u00e9cnico reconoci\u00f3 que <em>\u201clos jugadores sufrir\u00e1n mermas en el aspecto f\u00edsico. Es evidente que los jugadores perder\u00e1n fuerza y velocidad, que son las condiciones fisiol\u00f3gicas que disminuyen m\u00e1s r\u00e1pidamente en las actuales circunstancias. Ac\u00e1 (Uni\u00f3n San Felipe) ahora apuntamos a que esas p\u00e9rdidas sean las menos posibles\u201d,<\/em> concluy\u00f3.<\/p>\n<p>&nbsp;<\/p>\n<figure id=\"attachment_97978\" aria-describedby=\"caption-attachment-97978\" style=\"width: 580px\" class=\"wp-caption alignnone\"><img data-recalc-dims=\"1\" loading=\"lazy\" decoding=\"async\" class=\"size-full wp-image-97978\" src=\"https:\/\/i0.wp.com\/www.eltrabajo.cl\/portal\/wp-content\/uploads\/2020\/04\/Erwin-Duran.jpg?resize=580%2C359\" alt=\"El DT Erwin Dur\u00e1n le rest\u00f3 importancia al prolongado receso del f\u00fatbol profesional, asegurando que cuando vuelva la actividad, sus dirigidos r\u00e1pidamente podr\u00e1n ponerse a tono en lo futbol\u00edstico.\" width=\"580\" height=\"359\" srcset=\"https:\/\/i0.wp.com\/eltrabajo.cl\/portal\/wp-content\/uploads\/2020\/04\/Erwin-Duran.jpg?w=580&amp;ssl=1 580w, https:\/\/i0.wp.com\/eltrabajo.cl\/portal\/wp-content\/uploads\/2020\/04\/Erwin-Duran.jpg?resize=300%2C186&amp;ssl=1 300w, https:\/\/i0.wp.com\/eltrabajo.cl\/portal\/wp-content\/uploads\/2020\/04\/Erwin-Duran.jpg?resize=200%2C124&amp;ssl=1 200w, https:\/\/i0.wp.com\/eltrabajo.cl\/portal\/wp-content\/uploads\/2020\/04\/Erwin-Duran.jpg?resize=242%2C150&amp;ssl=1 242w, https:\/\/i0.wp.com\/eltrabajo.cl\/portal\/wp-content\/uploads\/2020\/04\/Erwin-Duran.jpg?resize=400%2C248&amp;ssl=1 400w\" sizes=\"auto, (max-width: 580px) 100vw, 580px\" \/><figcaption id=\"caption-attachment-97978\" class=\"wp-caption-text\">El DT Erwin Dur\u00e1n le rest\u00f3 importancia al prolongado receso del f\u00fatbol profesional, asegurando que cuando vuelva la actividad, sus dirigidos r\u00e1pidamente podr\u00e1n ponerse a tono en lo futbol\u00edstico.<\/figcaption><\/figure>\n","protected":false},"excerpt":{"rendered":"<p>El entrenador de Uni\u00f3n San Felipe, Erwin Dur\u00e1n, le rest\u00f3 dramatismo al prolongado receso del f\u00fatbol profesional. Dur\u00e1n no tiene la menor duda que una vez que vuelva la actividad, sus dirigidos&#8230;<\/p>\n","protected":false},"author":482,"featured_media":97978,"comment_status":"open","ping_status":"open","sticky":false,"template":"","format":"standard","meta":{"advanced_seo_description":"","jetpack_seo_html_title":"","jetpack_seo_noindex":false,"_jetpack_memberships_contains_paid_content":false,"footnotes":""},"categories":[19],"tags":[],"class_list":["post-97973","post","type-post","status-publish","format-standard","has-post-thumbnail","hentry","category-deportes"],"jetpack_featured_media_url":"https:\/\/i0.wp.com\/eltrabajo.cl\/portal\/wp-content\/uploads\/2020\/04\/Erwin-Duran.jpg?fit=580%2C359&ssl=1","jetpack_sharing_enabled":true,"jetpack_likes_enabled":true,"jetpack-related-posts":[],"_links":{"self":[{"href":"https:\/\/eltrabajo.cl\/portal\/wp-json\/wp\/v2\/posts\/97973","targetHints":{"allow":["GET"]}}],"collection":[{"href":"https:\/\/eltrabajo.cl\/portal\/wp-json\/wp\/v2\/posts"}],"about":[{"href":"https:\/\/eltrabajo.cl\/portal\/wp-json\/wp\/v2\/types\/post"}],"author":[{"embeddable":true,"href":"https:\/\/eltrabajo.cl\/portal\/wp-json\/wp\/v2\/users\/482"}],"replies":[{"embeddable":true,"href":"https:\/\/eltrabajo.cl\/portal\/wp-json\/wp\/v2\/comments?post=97973"}],"version-history":[{"count":0,"href":"https:\/\/eltrabajo.cl\/portal\/wp-json\/wp\/v2\/posts\/97973\/revisions"}],"wp:featuredmedia":[{"embeddable":true,"href":"https:\/\/eltrabajo.cl\/portal\/wp-json\/wp\/v2\/media\/97978"}],"wp:attachment":[{"href":"https:\/\/eltrabajo.cl\/portal\/wp-json\/wp\/v2\/media?parent=97973"}],"wp:term":[{"taxonomy":"category","embeddable":true,"href":"https:\/\/eltrabajo.cl\/portal\/wp-json\/wp\/v2\/categories?post=97973"},{"taxonomy":"post_tag","embeddable":true,"href":"https:\/\/eltrabajo.cl\/portal\/wp-json\/wp\/v2\/tags?post=97973"}],"curies":[{"name":"wp","href":"https:\/\/api.w.org\/{rel}","templated":true}]}}