{"id":97985,"date":"2020-04-07T22:55:49","date_gmt":"2020-04-08T02:55:49","guid":{"rendered":"http:\/\/www.eltrabajo.cl\/portal\/?p=97985"},"modified":"2020-04-07T22:55:49","modified_gmt":"2020-04-08T02:55:49","slug":"arde-en-llamas-frondoso-bosque-aledano-a-la-plaza-de-tierras-blancas","status":"publish","type":"post","link":"https:\/\/eltrabajo.cl\/portal\/arde-en-llamas-frondoso-bosque-aledano-a-la-plaza-de-tierras-blancas\/","title":{"rendered":"Arde en llamas frondoso bosque aleda\u00f1o a la plaza de Tierras Blancas"},"content":{"rendered":"<p>Un incendio de gigantescas dimensiones es el que se desat\u00f3 la noche de este martes en una propiedad contigua a la plaza deportiva de Tierras Blancas. Fueron los mismos vecinos del lugar quienes llamaron a Bomberos, lo que gener\u00f3 la llegada de varias unidades de distintas compa\u00f1\u00edas bomberiles de San Felipe.<\/p>\n<p>Las c\u00e1maras de <strong>Diario El Trabajo<\/strong> estuvieron en el lugar durante el siniestro en desarrollo, captando tambi\u00e9n la labor de los bomberos y vecinos de la misma comunidad, quienes ayudaron a llevar las pesadas mangueras y pitones hacia el bosque ardiendo. Las llamas por algunos instantes subieron como lenguas de fuego en \u00e1rboles de hasta 30 metros de altura, quem\u00e1ndose tambi\u00e9n todo el forraje propio del mediano bosque.<\/p>\n<p>El incendio inici\u00f3 a las 21:00 horas, finalmente fue intervenido a las 21:30 horas y terminadas las faenas bomberiles cerca de las 10 de la noche. Hasta el cierre de esta nota period\u00edstica no se registraban heridos ni casas afectadas.<\/p>\n<p><strong>Roberto Gonz\u00e1lez Short<\/strong><\/p>\n<p>&nbsp;<\/p>\n<figure id=\"attachment_97986\" aria-describedby=\"caption-attachment-97986\" style=\"width: 580px\" class=\"wp-caption alignnone\"><img data-recalc-dims=\"1\" loading=\"lazy\" decoding=\"async\" class=\"size-full wp-image-97986\" src=\"https:\/\/i0.wp.com\/www.eltrabajo.cl\/portal\/wp-content\/uploads\/2020\/04\/Bosque1.jpg?resize=580%2C359\" alt=\"CALCINADO EN MINUTOS.- As\u00ed ardi\u00f3 en pocos minutos la mayor parte del mediano y frondoso bosque a un costado de la plaza deportiva de Tierras Blancas.\" width=\"580\" height=\"359\" srcset=\"https:\/\/i0.wp.com\/eltrabajo.cl\/portal\/wp-content\/uploads\/2020\/04\/Bosque1.jpg?w=580&amp;ssl=1 580w, https:\/\/i0.wp.com\/eltrabajo.cl\/portal\/wp-content\/uploads\/2020\/04\/Bosque1.jpg?resize=300%2C186&amp;ssl=1 300w, https:\/\/i0.wp.com\/eltrabajo.cl\/portal\/wp-content\/uploads\/2020\/04\/Bosque1.jpg?resize=200%2C124&amp;ssl=1 200w, https:\/\/i0.wp.com\/eltrabajo.cl\/portal\/wp-content\/uploads\/2020\/04\/Bosque1.jpg?resize=242%2C150&amp;ssl=1 242w, https:\/\/i0.wp.com\/eltrabajo.cl\/portal\/wp-content\/uploads\/2020\/04\/Bosque1.jpg?resize=400%2C248&amp;ssl=1 400w\" sizes=\"auto, (max-width: 580px) 100vw, 580px\" \/><figcaption id=\"caption-attachment-97986\" class=\"wp-caption-text\">CALCINADO EN MINUTOS.- As\u00ed ardi\u00f3 en pocos minutos la mayor parte del mediano y frondoso bosque a un costado de la plaza deportiva de Tierras Blancas.<\/figcaption><\/figure>\n<p>&nbsp;<\/p>\n<figure id=\"attachment_97987\" aria-describedby=\"caption-attachment-97987\" style=\"width: 580px\" class=\"wp-caption alignnone\"><img data-recalc-dims=\"1\" loading=\"lazy\" decoding=\"async\" class=\"size-full wp-image-97987\" src=\"https:\/\/i0.wp.com\/www.eltrabajo.cl\/portal\/wp-content\/uploads\/2020\/04\/Bosque2.jpg?resize=580%2C359\" alt=\"\u00bfFUEGO PROVOCADO?- Es muy posible que todos los animales que en ese bosque viv\u00edan y sobrevivieron al fuego, quedaron sin hogar y fuente de alimentaci\u00f3n.\" width=\"580\" height=\"359\" srcset=\"https:\/\/i0.wp.com\/eltrabajo.cl\/portal\/wp-content\/uploads\/2020\/04\/Bosque2.jpg?w=580&amp;ssl=1 580w, https:\/\/i0.wp.com\/eltrabajo.cl\/portal\/wp-content\/uploads\/2020\/04\/Bosque2.jpg?resize=300%2C186&amp;ssl=1 300w, https:\/\/i0.wp.com\/eltrabajo.cl\/portal\/wp-content\/uploads\/2020\/04\/Bosque2.jpg?resize=200%2C124&amp;ssl=1 200w, https:\/\/i0.wp.com\/eltrabajo.cl\/portal\/wp-content\/uploads\/2020\/04\/Bosque2.jpg?resize=242%2C150&amp;ssl=1 242w, https:\/\/i0.wp.com\/eltrabajo.cl\/portal\/wp-content\/uploads\/2020\/04\/Bosque2.jpg?resize=400%2C248&amp;ssl=1 400w\" sizes=\"auto, (max-width: 580px) 100vw, 580px\" \/><figcaption id=\"caption-attachment-97987\" class=\"wp-caption-text\">\u00bfFUEGO PROVOCADO?- Es muy posible que todos los animales que en ese bosque viv\u00edan y sobrevivieron al fuego, quedaron sin hogar y fuente de alimentaci\u00f3n.<\/figcaption><\/figure>\n<p>&nbsp;<\/p>\n<figure id=\"attachment_97989\" aria-describedby=\"caption-attachment-97989\" style=\"width: 580px\" class=\"wp-caption alignnone\"><img data-recalc-dims=\"1\" loading=\"lazy\" decoding=\"async\" class=\"size-full wp-image-97989\" src=\"https:\/\/i0.wp.com\/www.eltrabajo.cl\/portal\/wp-content\/uploads\/2020\/04\/Bosque4.jpg?resize=580%2C359\" alt=\"VIGILANTES.- Varias compa\u00f1\u00edas de Bomberos de San Felipe acudieron al lugar para controlar el siniestro.\" width=\"580\" height=\"359\" srcset=\"https:\/\/i0.wp.com\/eltrabajo.cl\/portal\/wp-content\/uploads\/2020\/04\/Bosque4.jpg?w=580&amp;ssl=1 580w, https:\/\/i0.wp.com\/eltrabajo.cl\/portal\/wp-content\/uploads\/2020\/04\/Bosque4.jpg?resize=300%2C186&amp;ssl=1 300w, https:\/\/i0.wp.com\/eltrabajo.cl\/portal\/wp-content\/uploads\/2020\/04\/Bosque4.jpg?resize=200%2C124&amp;ssl=1 200w, https:\/\/i0.wp.com\/eltrabajo.cl\/portal\/wp-content\/uploads\/2020\/04\/Bosque4.jpg?resize=242%2C150&amp;ssl=1 242w, https:\/\/i0.wp.com\/eltrabajo.cl\/portal\/wp-content\/uploads\/2020\/04\/Bosque4.jpg?resize=400%2C248&amp;ssl=1 400w\" sizes=\"auto, (max-width: 580px) 100vw, 580px\" \/><figcaption id=\"caption-attachment-97989\" class=\"wp-caption-text\">VIGILANTES.- Varias compa\u00f1\u00edas de Bomberos de San Felipe acudieron al lugar para controlar el siniestro.<\/figcaption><\/figure>\n<p>&nbsp;<\/p>\n<figure id=\"attachment_97988\" aria-describedby=\"caption-attachment-97988\" style=\"width: 580px\" class=\"wp-caption alignnone\"><img data-recalc-dims=\"1\" loading=\"lazy\" decoding=\"async\" class=\"size-full wp-image-97988\" src=\"https:\/\/i0.wp.com\/www.eltrabajo.cl\/portal\/wp-content\/uploads\/2020\/04\/Bosque3.jpg?resize=580%2C530\" alt=\"SIEMPRE BOMBEROS.- Cada bombero se tuvo que emplear a fondo para controlar finalmente el infernal escenario.\" width=\"580\" height=\"530\" srcset=\"https:\/\/i0.wp.com\/eltrabajo.cl\/portal\/wp-content\/uploads\/2020\/04\/Bosque3.jpg?w=580&amp;ssl=1 580w, https:\/\/i0.wp.com\/eltrabajo.cl\/portal\/wp-content\/uploads\/2020\/04\/Bosque3.jpg?resize=300%2C274&amp;ssl=1 300w, https:\/\/i0.wp.com\/eltrabajo.cl\/portal\/wp-content\/uploads\/2020\/04\/Bosque3.jpg?resize=164%2C150&amp;ssl=1 164w, https:\/\/i0.wp.com\/eltrabajo.cl\/portal\/wp-content\/uploads\/2020\/04\/Bosque3.jpg?resize=400%2C366&amp;ssl=1 400w\" sizes=\"auto, (max-width: 580px) 100vw, 580px\" \/><figcaption id=\"caption-attachment-97988\" class=\"wp-caption-text\">SIEMPRE BOMBEROS.- Cada bombero se tuvo que emplear a fondo para controlar finalmente el infernal escenario.<\/figcaption><\/figure>\n","protected":false},"excerpt":{"rendered":"<p>Un incendio de gigantescas dimensiones es el que se desat\u00f3 la noche de este martes en una propiedad contigua a la plaza deportiva de Tierras Blancas. Fueron los mismos vecinos del lugar&#8230;<\/p>\n","protected":false},"author":482,"featured_media":97987,"comment_status":"open","ping_status":"open","sticky":false,"template":"","format":"standard","meta":{"advanced_seo_description":"","jetpack_seo_html_title":"","jetpack_seo_noindex":false,"_jetpack_memberships_contains_paid_content":false,"footnotes":""},"categories":[21],"tags":[],"class_list":["post-97985","post","type-post","status-publish","format-standard","has-post-thumbnail","hentry","category-policial"],"jetpack_featured_media_url":"https:\/\/i0.wp.com\/eltrabajo.cl\/portal\/wp-content\/uploads\/2020\/04\/Bosque2.jpg?fit=580%2C359&ssl=1","jetpack_sharing_enabled":true,"jetpack_likes_enabled":true,"jetpack-related-posts":[],"_links":{"self":[{"href":"https:\/\/eltrabajo.cl\/portal\/wp-json\/wp\/v2\/posts\/97985","targetHints":{"allow":["GET"]}}],"collection":[{"href":"https:\/\/eltrabajo.cl\/portal\/wp-json\/wp\/v2\/posts"}],"about":[{"href":"https:\/\/eltrabajo.cl\/portal\/wp-json\/wp\/v2\/types\/post"}],"author":[{"embeddable":true,"href":"https:\/\/eltrabajo.cl\/portal\/wp-json\/wp\/v2\/users\/482"}],"replies":[{"embeddable":true,"href":"https:\/\/eltrabajo.cl\/portal\/wp-json\/wp\/v2\/comments?post=97985"}],"version-history":[{"count":0,"href":"https:\/\/eltrabajo.cl\/portal\/wp-json\/wp\/v2\/posts\/97985\/revisions"}],"wp:featuredmedia":[{"embeddable":true,"href":"https:\/\/eltrabajo.cl\/portal\/wp-json\/wp\/v2\/media\/97987"}],"wp:attachment":[{"href":"https:\/\/eltrabajo.cl\/portal\/wp-json\/wp\/v2\/media?parent=97985"}],"wp:term":[{"taxonomy":"category","embeddable":true,"href":"https:\/\/eltrabajo.cl\/portal\/wp-json\/wp\/v2\/categories?post=97985"},{"taxonomy":"post_tag","embeddable":true,"href":"https:\/\/eltrabajo.cl\/portal\/wp-json\/wp\/v2\/tags?post=97985"}],"curies":[{"name":"wp","href":"https:\/\/api.w.org\/{rel}","templated":true}]}}