{"id":98007,"date":"2020-04-08T18:48:32","date_gmt":"2020-04-08T22:48:32","guid":{"rendered":"http:\/\/www.eltrabajo.cl\/portal\/?p=98007"},"modified":"2020-04-08T18:48:32","modified_gmt":"2020-04-08T22:48:32","slug":"el-angel-del-gol-hace-un-llamado-al-autocuidado","status":"publish","type":"post","link":"https:\/\/eltrabajo.cl\/portal\/el-angel-del-gol-hace-un-llamado-al-autocuidado\/","title":{"rendered":"El \u2018\u00c1ngel del Gol\u2019 hace un llamado al autocuidado"},"content":{"rendered":"<p>Uno de los jugadores m\u00e1s importantes del \u00faltimo tiempo de Uni\u00f3n San Felipe, <strong>\u00c1ngel Vildozo<\/strong>, realiz\u00f3 un urgente llamado para que la gente de San Felipe y todo el valle de Aconcagua no salga de sus casas, y se tome en serio la gravedad que implica la Pandemia del Coronavirus Covid\u201319.<\/p>\n<p>El delantero que colg\u00f3 los botines el a\u00f1o pasado, dijo desde Buenos Aires a <strong>El Trabajo Deportivo<\/strong>: <em>\u201cLes pido por favor que se cuiden. Ac\u00e1 (Argentina) se han tomado medidas muy dr\u00e1sticas y a\u00fan as\u00ed hay gente dando vueltas en las calles. Esto hay que tom\u00e1rselo muy en serio, porque si no hacemos caso a las recomendaciones, ponemos en riesgo a nuestros mayores que son nuestros padres, abuelos y t\u00edos. Debemos cuidarnos para cuidarlos a ellos, as\u00ed que si podemos estar en nuestras casas, hag\u00e1moslo, y salir solo si es necesario. Quiero mucho a la gente de San Felipe y toda esa zona, por lo que me dar\u00eda mucha tristeza si sufren da\u00f1os a su salud\u201d. <\/em><\/p>\n<p>&nbsp;<\/p>\n<figure id=\"attachment_98008\" aria-describedby=\"caption-attachment-98008\" style=\"width: 580px\" class=\"wp-caption alignnone\"><img data-recalc-dims=\"1\" loading=\"lazy\" decoding=\"async\" class=\"size-full wp-image-98008\" src=\"https:\/\/i0.wp.com\/www.eltrabajo.cl\/portal\/wp-content\/uploads\/2020\/04\/Angel-Vildozo-desde-argentina.jpg?resize=580%2C359\" alt=\"El ex delantero del Un\u00ed Un\u00ed se encuentra en cuarentena. En la imagen junto a una de sus hijas.\" width=\"580\" height=\"359\" srcset=\"https:\/\/i0.wp.com\/eltrabajo.cl\/portal\/wp-content\/uploads\/2020\/04\/Angel-Vildozo-desde-argentina.jpg?w=580&amp;ssl=1 580w, https:\/\/i0.wp.com\/eltrabajo.cl\/portal\/wp-content\/uploads\/2020\/04\/Angel-Vildozo-desde-argentina.jpg?resize=300%2C186&amp;ssl=1 300w, https:\/\/i0.wp.com\/eltrabajo.cl\/portal\/wp-content\/uploads\/2020\/04\/Angel-Vildozo-desde-argentina.jpg?resize=200%2C124&amp;ssl=1 200w, https:\/\/i0.wp.com\/eltrabajo.cl\/portal\/wp-content\/uploads\/2020\/04\/Angel-Vildozo-desde-argentina.jpg?resize=242%2C150&amp;ssl=1 242w, https:\/\/i0.wp.com\/eltrabajo.cl\/portal\/wp-content\/uploads\/2020\/04\/Angel-Vildozo-desde-argentina.jpg?resize=400%2C248&amp;ssl=1 400w\" sizes=\"auto, (max-width: 580px) 100vw, 580px\" \/><figcaption id=\"caption-attachment-98008\" class=\"wp-caption-text\">El ex delantero del Un\u00ed Un\u00ed se encuentra en cuarentena. En la imagen junto a una de sus hijas.<\/figcaption><\/figure>\n","protected":false},"excerpt":{"rendered":"<p>Uno de los jugadores m\u00e1s importantes del \u00faltimo tiempo de Uni\u00f3n San Felipe, \u00c1ngel Vildozo, realiz\u00f3 un urgente llamado para que la gente de San Felipe y todo el valle de Aconcagua&#8230;<\/p>\n","protected":false},"author":482,"featured_media":98008,"comment_status":"open","ping_status":"open","sticky":false,"template":"","format":"standard","meta":{"advanced_seo_description":"","jetpack_seo_html_title":"","jetpack_seo_noindex":false,"_jetpack_memberships_contains_paid_content":false,"footnotes":""},"categories":[19],"tags":[],"class_list":["post-98007","post","type-post","status-publish","format-standard","has-post-thumbnail","hentry","category-deportes"],"jetpack_featured_media_url":"https:\/\/i0.wp.com\/eltrabajo.cl\/portal\/wp-content\/uploads\/2020\/04\/Angel-Vildozo-desde-argentina.jpg?fit=580%2C359&ssl=1","jetpack_sharing_enabled":true,"jetpack_likes_enabled":true,"jetpack-related-posts":[],"_links":{"self":[{"href":"https:\/\/eltrabajo.cl\/portal\/wp-json\/wp\/v2\/posts\/98007","targetHints":{"allow":["GET"]}}],"collection":[{"href":"https:\/\/eltrabajo.cl\/portal\/wp-json\/wp\/v2\/posts"}],"about":[{"href":"https:\/\/eltrabajo.cl\/portal\/wp-json\/wp\/v2\/types\/post"}],"author":[{"embeddable":true,"href":"https:\/\/eltrabajo.cl\/portal\/wp-json\/wp\/v2\/users\/482"}],"replies":[{"embeddable":true,"href":"https:\/\/eltrabajo.cl\/portal\/wp-json\/wp\/v2\/comments?post=98007"}],"version-history":[{"count":0,"href":"https:\/\/eltrabajo.cl\/portal\/wp-json\/wp\/v2\/posts\/98007\/revisions"}],"wp:featuredmedia":[{"embeddable":true,"href":"https:\/\/eltrabajo.cl\/portal\/wp-json\/wp\/v2\/media\/98008"}],"wp:attachment":[{"href":"https:\/\/eltrabajo.cl\/portal\/wp-json\/wp\/v2\/media?parent=98007"}],"wp:term":[{"taxonomy":"category","embeddable":true,"href":"https:\/\/eltrabajo.cl\/portal\/wp-json\/wp\/v2\/categories?post=98007"},{"taxonomy":"post_tag","embeddable":true,"href":"https:\/\/eltrabajo.cl\/portal\/wp-json\/wp\/v2\/tags?post=98007"}],"curies":[{"name":"wp","href":"https:\/\/api.w.org\/{rel}","templated":true}]}}