{"id":98021,"date":"2020-04-08T19:02:54","date_gmt":"2020-04-08T23:02:54","guid":{"rendered":"http:\/\/www.eltrabajo.cl\/portal\/?p=98021"},"modified":"2020-04-08T19:38:54","modified_gmt":"2020-04-08T23:38:54","slug":"grave-en-el-san-camilo-operario-de-apr-la-troya-tras-ser-atropellado","status":"publish","type":"post","link":"https:\/\/eltrabajo.cl\/portal\/grave-en-el-san-camilo-operario-de-apr-la-troya-tras-ser-atropellado\/","title":{"rendered":"Grave en el San Camilo operario de APR La Troya tras ser atropellado"},"content":{"rendered":"<p><span style=\"color: #c81400;\"><strong>Confusi\u00f3n en la v\u00eda gener\u00f3 el m\u00faltiple accidente:<\/strong><\/span><\/p>\n<p>Un confuso accidente en el que participaron dos autos menores y una bicicleta es el que ocurri\u00f3 la tarde de este mi\u00e9rcoles a las 17:00 horas en La Troya. Producto del mismo result\u00f3 herido de gravedad el operador de la Cooperativa de Agua Potable La Troya, <strong>Hern\u00e1n <\/strong><strong>Alegr\u00eda<\/strong> (64), funcionario de dicho APR.<\/p>\n<p>El percance ocurri\u00f3 cuando ambos autom\u00f3viles colisionaron por evitar atropellar al ciclista, quedando de todas maneras \u00e9ste debajo de uno de los veh\u00edculos. Las c\u00e1maras de <strong>Diario El Trabajo<\/strong> estuvieron en el lugar y tomaron el respectivo registro gr\u00e1fico.<\/p>\n<p>&nbsp;<\/p>\n<p><span style=\"color: #c81400;\"><strong>UN HERIDO GRAVE<\/strong><\/span><\/p>\n<p>Los autos involucrados son un furg\u00f3n blanco patente UP 67 46, y el KIA GT VZ 58, de quien su conductor, <strong>Benjam\u00edn Ibaceta Monasterio<\/strong>, convers\u00f3 con nuestro medio: <em>\u00abYo ven\u00eda por mi pista hacia la Universidad Valpara\u00edso y ven\u00eda un caballero en bicicleta. El caballero ven\u00eda s\u00faper despacito y el del cami\u00f3n como que intent\u00f3 hacerle el quite, y yo como hab\u00eda harta gente aqu\u00ed en el negocio que est\u00e1 ah\u00ed atr\u00e1s, yo tambi\u00e9n intent\u00e9 hacerle el quite al caballero y me vine para ac\u00e1 (un lado izquierdo de la carretera en direcci\u00f3n a la U. Valpara\u00edso). Cuando le hice el quite no lo vi bien y ah\u00ed me pas\u00e9 al caballero de la bici<\/em> (\u2026) <em>al ciclista lo golpe\u00e9 por quitarme al cami\u00f3n y el se\u00f1or qued\u00f3 debajo de mi auto, qued\u00f3 muy herido, si se lo llev\u00f3 la ambulancia. Yo no lo vi porque ven\u00eda detr\u00e1s del cami\u00f3n <\/em>(el ciclista)\u00bb, coment\u00f3 Ibaceta a <strong>Diario El Trabajo<\/strong>.<\/p>\n<p>Nuestro medio habl\u00f3 telef\u00f3nicamente con <strong>Humberto Gonz\u00e1lez<\/strong>, gerente de la Cooperativa, quien desde Urgencias del Hospital San Camilo nos coment\u00f3 que <em>\u00abs\u00ed, est\u00e1 muy grave, los m\u00e9dicos intentan reanimarlo, lleg\u00f3 inconsciente y con varias fracturas, desconozco si en la cabeza o en qu\u00e9 parte de su cuerpo<\/em>\u00bb, dijo Gonz\u00e1lez.<\/p>\n<p>Carabineros se hizo cargo de la escena del accidente. Tambi\u00e9n Bomberos hizo la respectiva desconexi\u00f3n de las bater\u00edas de los autos afectados.<\/p>\n<p><strong>Roberto Gonz\u00e1lez Short<\/strong><\/p>\n<p>&nbsp;<\/p>\n<figure id=\"attachment_98022\" aria-describedby=\"caption-attachment-98022\" style=\"width: 580px\" class=\"wp-caption alignnone\"><img data-recalc-dims=\"1\" loading=\"lazy\" decoding=\"async\" class=\"size-full wp-image-98022\" src=\"https:\/\/i0.wp.com\/www.eltrabajo.cl\/portal\/wp-content\/uploads\/2020\/04\/Grave1.jpg?resize=580%2C360\" alt=\"CONTIN\u00daA GRAVE.- Aqu\u00ed vemos la bicicleta de don Hern\u00e1n Alegr\u00eda, \u00e9l qued\u00f3 debajo del veh\u00edculo que se observa al fondo.\" width=\"580\" height=\"360\" srcset=\"https:\/\/i0.wp.com\/eltrabajo.cl\/portal\/wp-content\/uploads\/2020\/04\/Grave1.jpg?w=580&amp;ssl=1 580w, https:\/\/i0.wp.com\/eltrabajo.cl\/portal\/wp-content\/uploads\/2020\/04\/Grave1.jpg?resize=300%2C186&amp;ssl=1 300w, https:\/\/i0.wp.com\/eltrabajo.cl\/portal\/wp-content\/uploads\/2020\/04\/Grave1.jpg?resize=200%2C124&amp;ssl=1 200w, https:\/\/i0.wp.com\/eltrabajo.cl\/portal\/wp-content\/uploads\/2020\/04\/Grave1.jpg?resize=242%2C150&amp;ssl=1 242w, https:\/\/i0.wp.com\/eltrabajo.cl\/portal\/wp-content\/uploads\/2020\/04\/Grave1.jpg?resize=400%2C248&amp;ssl=1 400w\" sizes=\"auto, (max-width: 580px) 100vw, 580px\" \/><figcaption id=\"caption-attachment-98022\" class=\"wp-caption-text\">CONTIN\u00daA GRAVE.- Aqu\u00ed vemos la bicicleta de don Hern\u00e1n Alegr\u00eda, \u00e9l qued\u00f3 debajo del veh\u00edculo que se observa al fondo.<\/figcaption><\/figure>\n<p>&nbsp;<\/p>\n<figure id=\"attachment_98023\" aria-describedby=\"caption-attachment-98023\" style=\"width: 580px\" class=\"wp-caption alignnone\"><img data-recalc-dims=\"1\" loading=\"lazy\" decoding=\"async\" class=\"size-full wp-image-98023\" src=\"https:\/\/i0.wp.com\/www.eltrabajo.cl\/portal\/wp-content\/uploads\/2020\/04\/Grave2.jpg?resize=580%2C359\" alt=\"ESQUIV\u00d3 AL CICLISTA.- Este es el cami\u00f3n mediano que se pas\u00f3 al carril contrario, tambi\u00e9n para esquivar al adulto mayor.\" width=\"580\" height=\"359\" srcset=\"https:\/\/i0.wp.com\/eltrabajo.cl\/portal\/wp-content\/uploads\/2020\/04\/Grave2.jpg?w=580&amp;ssl=1 580w, https:\/\/i0.wp.com\/eltrabajo.cl\/portal\/wp-content\/uploads\/2020\/04\/Grave2.jpg?resize=300%2C186&amp;ssl=1 300w, https:\/\/i0.wp.com\/eltrabajo.cl\/portal\/wp-content\/uploads\/2020\/04\/Grave2.jpg?resize=200%2C124&amp;ssl=1 200w, https:\/\/i0.wp.com\/eltrabajo.cl\/portal\/wp-content\/uploads\/2020\/04\/Grave2.jpg?resize=242%2C150&amp;ssl=1 242w, https:\/\/i0.wp.com\/eltrabajo.cl\/portal\/wp-content\/uploads\/2020\/04\/Grave2.jpg?resize=400%2C248&amp;ssl=1 400w\" sizes=\"auto, (max-width: 580px) 100vw, 580px\" \/><figcaption id=\"caption-attachment-98023\" class=\"wp-caption-text\">ESQUIV\u00d3 AL CICLISTA.- Este es el cami\u00f3n mediano que se pas\u00f3 al carril contrario, tambi\u00e9n para esquivar al adulto mayor.<\/figcaption><\/figure>\n<p>&nbsp;<\/p>\n<figure id=\"attachment_98024\" aria-describedby=\"caption-attachment-98024\" style=\"width: 580px\" class=\"wp-caption alignnone\"><img data-recalc-dims=\"1\" loading=\"lazy\" decoding=\"async\" class=\"size-full wp-image-98024\" src=\"https:\/\/i0.wp.com\/www.eltrabajo.cl\/portal\/wp-content\/uploads\/2020\/04\/Grave3.jpg?resize=580%2C359\" alt=\"EFECTO MIR\u00d3N.- La gran aglomeraci\u00f3n de vecinos fue inmediata, generando riesgo de contagio por la pandemia presente.\" width=\"580\" height=\"359\" srcset=\"https:\/\/i0.wp.com\/eltrabajo.cl\/portal\/wp-content\/uploads\/2020\/04\/Grave3.jpg?w=580&amp;ssl=1 580w, https:\/\/i0.wp.com\/eltrabajo.cl\/portal\/wp-content\/uploads\/2020\/04\/Grave3.jpg?resize=300%2C186&amp;ssl=1 300w, https:\/\/i0.wp.com\/eltrabajo.cl\/portal\/wp-content\/uploads\/2020\/04\/Grave3.jpg?resize=200%2C124&amp;ssl=1 200w, https:\/\/i0.wp.com\/eltrabajo.cl\/portal\/wp-content\/uploads\/2020\/04\/Grave3.jpg?resize=242%2C150&amp;ssl=1 242w, https:\/\/i0.wp.com\/eltrabajo.cl\/portal\/wp-content\/uploads\/2020\/04\/Grave3.jpg?resize=400%2C248&amp;ssl=1 400w\" sizes=\"auto, (max-width: 580px) 100vw, 580px\" \/><figcaption id=\"caption-attachment-98024\" class=\"wp-caption-text\">EFECTO MIR\u00d3N.- La gran aglomeraci\u00f3n de vecinos fue inmediata, generando riesgo de contagio por la pandemia presente.<\/figcaption><\/figure>\n<p>&nbsp;<\/p>\n<figure id=\"attachment_98025\" aria-describedby=\"caption-attachment-98025\" style=\"width: 580px\" class=\"wp-caption alignnone\"><img data-recalc-dims=\"1\" loading=\"lazy\" decoding=\"async\" class=\"size-full wp-image-98025\" src=\"https:\/\/i0.wp.com\/www.eltrabajo.cl\/portal\/wp-content\/uploads\/2020\/04\/Grave4.jpg?resize=580%2C359\" alt=\"TRAGEDIA EN EL BARRIO.- Debajo de este veh\u00edculo qued\u00f3 mal herido el operario de la Cooperativa de Agua Potable La Troya, Hern\u00e1n Alegr\u00eda.\" width=\"580\" height=\"359\" srcset=\"https:\/\/i0.wp.com\/eltrabajo.cl\/portal\/wp-content\/uploads\/2020\/04\/Grave4.jpg?w=580&amp;ssl=1 580w, https:\/\/i0.wp.com\/eltrabajo.cl\/portal\/wp-content\/uploads\/2020\/04\/Grave4.jpg?resize=300%2C186&amp;ssl=1 300w, https:\/\/i0.wp.com\/eltrabajo.cl\/portal\/wp-content\/uploads\/2020\/04\/Grave4.jpg?resize=200%2C124&amp;ssl=1 200w, https:\/\/i0.wp.com\/eltrabajo.cl\/portal\/wp-content\/uploads\/2020\/04\/Grave4.jpg?resize=242%2C150&amp;ssl=1 242w, https:\/\/i0.wp.com\/eltrabajo.cl\/portal\/wp-content\/uploads\/2020\/04\/Grave4.jpg?resize=400%2C248&amp;ssl=1 400w\" sizes=\"auto, (max-width: 580px) 100vw, 580px\" \/><figcaption id=\"caption-attachment-98025\" class=\"wp-caption-text\">TRAGEDIA EN EL BARRIO.- Debajo de este veh\u00edculo qued\u00f3 mal herido el operario de la Cooperativa de Agua Potable La Troya, Hern\u00e1n Alegr\u00eda.<\/figcaption><\/figure>\n<p>&nbsp;<\/p>\n<figure id=\"attachment_98026\" aria-describedby=\"caption-attachment-98026\" style=\"width: 579px\" class=\"wp-caption alignnone\"><img data-recalc-dims=\"1\" loading=\"lazy\" decoding=\"async\" class=\"size-full wp-image-98026\" src=\"https:\/\/i0.wp.com\/www.eltrabajo.cl\/portal\/wp-content\/uploads\/2020\/04\/Grave_Benjamin-Ibaceta.jpg?resize=579%2C523\" alt=\"Benjam\u00edn Ibaceta, atropell\u00f3 involuntariamente a un ciclista.\" width=\"579\" height=\"523\" srcset=\"https:\/\/i0.wp.com\/eltrabajo.cl\/portal\/wp-content\/uploads\/2020\/04\/Grave_Benjamin-Ibaceta.jpg?w=579&amp;ssl=1 579w, https:\/\/i0.wp.com\/eltrabajo.cl\/portal\/wp-content\/uploads\/2020\/04\/Grave_Benjamin-Ibaceta.jpg?resize=300%2C271&amp;ssl=1 300w, https:\/\/i0.wp.com\/eltrabajo.cl\/portal\/wp-content\/uploads\/2020\/04\/Grave_Benjamin-Ibaceta.jpg?resize=166%2C150&amp;ssl=1 166w, https:\/\/i0.wp.com\/eltrabajo.cl\/portal\/wp-content\/uploads\/2020\/04\/Grave_Benjamin-Ibaceta.jpg?resize=400%2C361&amp;ssl=1 400w\" sizes=\"auto, (max-width: 579px) 100vw, 579px\" \/><figcaption id=\"caption-attachment-98026\" class=\"wp-caption-text\">Benjam\u00edn Ibaceta, atropell\u00f3 involuntariamente a un ciclista.<\/figcaption><\/figure>\n","protected":false},"excerpt":{"rendered":"<p>Confusi\u00f3n en la v\u00eda gener\u00f3 el m\u00faltiple accidente: Un confuso accidente en el que participaron dos autos menores y una bicicleta es el que ocurri\u00f3 la tarde de este mi\u00e9rcoles a las&#8230;<\/p>\n","protected":false},"author":482,"featured_media":98022,"comment_status":"open","ping_status":"open","sticky":false,"template":"","format":"standard","meta":{"advanced_seo_description":"","jetpack_seo_html_title":"","jetpack_seo_noindex":false,"_jetpack_memberships_contains_paid_content":false,"footnotes":""},"categories":[21],"tags":[],"class_list":["post-98021","post","type-post","status-publish","format-standard","has-post-thumbnail","hentry","category-policial"],"jetpack_featured_media_url":"https:\/\/i0.wp.com\/eltrabajo.cl\/portal\/wp-content\/uploads\/2020\/04\/Grave1.jpg?fit=580%2C360&ssl=1","jetpack_sharing_enabled":true,"jetpack_likes_enabled":true,"jetpack-related-posts":[],"_links":{"self":[{"href":"https:\/\/eltrabajo.cl\/portal\/wp-json\/wp\/v2\/posts\/98021","targetHints":{"allow":["GET"]}}],"collection":[{"href":"https:\/\/eltrabajo.cl\/portal\/wp-json\/wp\/v2\/posts"}],"about":[{"href":"https:\/\/eltrabajo.cl\/portal\/wp-json\/wp\/v2\/types\/post"}],"author":[{"embeddable":true,"href":"https:\/\/eltrabajo.cl\/portal\/wp-json\/wp\/v2\/users\/482"}],"replies":[{"embeddable":true,"href":"https:\/\/eltrabajo.cl\/portal\/wp-json\/wp\/v2\/comments?post=98021"}],"version-history":[{"count":0,"href":"https:\/\/eltrabajo.cl\/portal\/wp-json\/wp\/v2\/posts\/98021\/revisions"}],"wp:featuredmedia":[{"embeddable":true,"href":"https:\/\/eltrabajo.cl\/portal\/wp-json\/wp\/v2\/media\/98022"}],"wp:attachment":[{"href":"https:\/\/eltrabajo.cl\/portal\/wp-json\/wp\/v2\/media?parent=98021"}],"wp:term":[{"taxonomy":"category","embeddable":true,"href":"https:\/\/eltrabajo.cl\/portal\/wp-json\/wp\/v2\/categories?post=98021"},{"taxonomy":"post_tag","embeddable":true,"href":"https:\/\/eltrabajo.cl\/portal\/wp-json\/wp\/v2\/tags?post=98021"}],"curies":[{"name":"wp","href":"https:\/\/api.w.org\/{rel}","templated":true}]}}