{"id":98033,"date":"2020-04-08T18:51:18","date_gmt":"2020-04-08T22:51:18","guid":{"rendered":"http:\/\/www.eltrabajo.cl\/portal\/?p=98033"},"modified":"2020-04-08T19:43:57","modified_gmt":"2020-04-08T23:43:57","slug":"pesar-por-fallecimiento-de-alumna-de-escuela-buen-pastor","status":"publish","type":"post","link":"https:\/\/eltrabajo.cl\/portal\/pesar-por-fallecimiento-de-alumna-de-escuela-buen-pastor\/","title":{"rendered":"Pesar por fallecimiento de alumna de Escuela Buen Pastor"},"content":{"rendered":"<p>A la edad de 12 a\u00f1os y sin poder cumplir el c\u00famulo de sue\u00f1os y metas que se ten\u00eda propuesto, hoy en la madrugada nos dej\u00f3 para siempre nuestra amiguita <strong>Danitza Fern\u00e1ndez Torres<\/strong>, quien falleci\u00f3 en el Hospital San Camilo. Ella era estudiante de 6\u00b0 B\u00e1sico de la Escuela Buen Pastor. Su muerte ocurri\u00f3 tras sufrir complicaciones cardiacas que le afectaban desde su nacimiento.<\/p>\n<p>Su velatorio se est\u00e1 realizando en Villa El Descanso, calle San Miguel 1147, y sus funerales ser\u00e1n este Jueves Santo a las 12:00 del d\u00eda en el Cementerio Parque Almendral en La Troya. En ese mismo lugar, amigos de la familia le acompa\u00f1ar\u00e1n con un culto evang\u00e9lico para despedirla.<\/p>\n<p>Todo el personal que laboramos en <strong>Diario El Trabajo<\/strong> hoy acompa\u00f1amos a su familia y en especial a su madre <strong>Patricia Torres<\/strong> en su dif\u00edcil momento. <strong>Fuerza y Fortaleza<\/strong>.<\/p>\n<p>&nbsp;<\/p>\n<figure id=\"attachment_98035\" aria-describedby=\"caption-attachment-98035\" style=\"width: 579px\" class=\"wp-caption alignnone\"><img data-recalc-dims=\"1\" loading=\"lazy\" decoding=\"async\" class=\"size-full wp-image-98035\" src=\"https:\/\/i0.wp.com\/www.eltrabajo.cl\/portal\/wp-content\/uploads\/2020\/04\/Danitza-Fernandez-Torres.jpg?resize=579%2C671\" alt=\"Danitza Fern\u00e1ndez Torres, ma\u00f1ana ser\u00e1 sepultada al mediod\u00eda.\" width=\"579\" height=\"671\" srcset=\"https:\/\/i0.wp.com\/eltrabajo.cl\/portal\/wp-content\/uploads\/2020\/04\/Danitza-Fernandez-Torres.jpg?w=579&amp;ssl=1 579w, https:\/\/i0.wp.com\/eltrabajo.cl\/portal\/wp-content\/uploads\/2020\/04\/Danitza-Fernandez-Torres.jpg?resize=259%2C300&amp;ssl=1 259w, https:\/\/i0.wp.com\/eltrabajo.cl\/portal\/wp-content\/uploads\/2020\/04\/Danitza-Fernandez-Torres.jpg?resize=129%2C150&amp;ssl=1 129w, https:\/\/i0.wp.com\/eltrabajo.cl\/portal\/wp-content\/uploads\/2020\/04\/Danitza-Fernandez-Torres.jpg?resize=400%2C464&amp;ssl=1 400w\" sizes=\"auto, (max-width: 579px) 100vw, 579px\" \/><figcaption id=\"caption-attachment-98035\" class=\"wp-caption-text\">Danitza Fern\u00e1ndez Torres, ma\u00f1ana ser\u00e1 sepultada al mediod\u00eda.<\/figcaption><\/figure>\n","protected":false},"excerpt":{"rendered":"<p>A la edad de 12 a\u00f1os y sin poder cumplir el c\u00famulo de sue\u00f1os y metas que se ten\u00eda propuesto, hoy en la madrugada nos dej\u00f3 para siempre nuestra amiguita Danitza Fern\u00e1ndez&#8230;<\/p>\n","protected":false},"author":482,"featured_media":98034,"comment_status":"open","ping_status":"open","sticky":false,"template":"","format":"standard","meta":{"advanced_seo_description":"","jetpack_seo_html_title":"","jetpack_seo_noindex":false,"_jetpack_memberships_contains_paid_content":false,"footnotes":""},"categories":[15],"tags":[],"class_list":["post-98033","post","type-post","status-publish","format-standard","has-post-thumbnail","hentry","category-comunidad"],"jetpack_featured_media_url":"https:\/\/i0.wp.com\/eltrabajo.cl\/portal\/wp-content\/uploads\/2020\/04\/Danitza-Fernandez-Torres-copia.jpg?fit=580%2C359&ssl=1","jetpack_sharing_enabled":true,"jetpack_likes_enabled":true,"jetpack-related-posts":[],"_links":{"self":[{"href":"https:\/\/eltrabajo.cl\/portal\/wp-json\/wp\/v2\/posts\/98033","targetHints":{"allow":["GET"]}}],"collection":[{"href":"https:\/\/eltrabajo.cl\/portal\/wp-json\/wp\/v2\/posts"}],"about":[{"href":"https:\/\/eltrabajo.cl\/portal\/wp-json\/wp\/v2\/types\/post"}],"author":[{"embeddable":true,"href":"https:\/\/eltrabajo.cl\/portal\/wp-json\/wp\/v2\/users\/482"}],"replies":[{"embeddable":true,"href":"https:\/\/eltrabajo.cl\/portal\/wp-json\/wp\/v2\/comments?post=98033"}],"version-history":[{"count":0,"href":"https:\/\/eltrabajo.cl\/portal\/wp-json\/wp\/v2\/posts\/98033\/revisions"}],"wp:featuredmedia":[{"embeddable":true,"href":"https:\/\/eltrabajo.cl\/portal\/wp-json\/wp\/v2\/media\/98034"}],"wp:attachment":[{"href":"https:\/\/eltrabajo.cl\/portal\/wp-json\/wp\/v2\/media?parent=98033"}],"wp:term":[{"taxonomy":"category","embeddable":true,"href":"https:\/\/eltrabajo.cl\/portal\/wp-json\/wp\/v2\/categories?post=98033"},{"taxonomy":"post_tag","embeddable":true,"href":"https:\/\/eltrabajo.cl\/portal\/wp-json\/wp\/v2\/tags?post=98033"}],"curies":[{"name":"wp","href":"https:\/\/api.w.org\/{rel}","templated":true}]}}