{"id":98037,"date":"2020-04-09T18:02:59","date_gmt":"2020-04-09T22:02:59","guid":{"rendered":"http:\/\/www.eltrabajo.cl\/portal\/?p=98037"},"modified":"2020-04-09T18:02:59","modified_gmt":"2020-04-09T22:02:59","slug":"parroco-de-andacollo-se-reinventa-y-por-internet-transmite-sus-misas","status":"publish","type":"post","link":"https:\/\/eltrabajo.cl\/portal\/parroco-de-andacollo-se-reinventa-y-por-internet-transmite-sus-misas\/","title":{"rendered":"P\u00e1rroco de Andacollo se \u2018reinventa\u2019 y por Internet transmite sus Misas"},"content":{"rendered":"<p><span style=\"color: #c81400;\"><strong>Miles de fieles le siguen para no perderse sus actividades:<\/strong><\/span><\/p>\n<p>Cada quien tiene que adaptarse a las circunstancias y desaf\u00edos que se viven hoy en d\u00eda, o desaparecer, \u00e9se es el caso de la Iglesia Cat\u00f3lica a nivel mundial, tomando como referencia que estamos en Semana Santa y en todo el mundo no se podr\u00e1n realizar romer\u00edas, procesiones, misas ni alguna actividad masiva a ra\u00edz de la pandemia que asola todo el planeta. Es por ello que tambi\u00e9n en el Valle de Aconcagua las celebraciones de Semana Santa ser\u00e1n Online.<\/p>\n<p>&nbsp;<\/p>\n<p><span style=\"color: #c81400;\"><strong>AUSENTE CERCAN\u00cdA<\/strong><\/span><\/p>\n<p>As\u00ed lo hizo saber a <strong>Diario El Trabajo<\/strong> el titular de la parroquia de Nuestra Se\u00f1ora del Rosario de Andacollo, <strong>Luis Felipe Vergara<\/strong>, quien lleva ya 26 a\u00f1os de sacerdocio y tiene 58 a\u00f1os de edad; \u00e9l nos explic\u00f3 detalladamente c\u00f3mo se las ha ingeniado la familia clerical en la Di\u00f3cesis de Aconcagua, pero puntualmente en su parroquia.<\/p>\n<p><em>\u00abComo ya se sabe y buscando ser respetuosos de las normas vigentes establecidas en el pa\u00eds por el Obispado de San Felipe y por supuesto por el Gobierno de nuestro pa\u00eds, buscamos no exponer a nadie en esta Semana Santa y que lo tengamos que lamentar con el tema del Coronavirus. Ya nosotros desde el a\u00f1o pasado venimos realizando actividades religiosas por Internet, y nos sumamos ahora ya hace tres semanas con las Misas, Rosarios, Viacrucis, Adoraci\u00f3n al Sant\u00edsimo durante la semana, todo por Internet en redes sociales\u00bb,<\/em> coment\u00f3 el p\u00e1rroco.<\/p>\n<p>&#8211; <strong>\u00bfCree usted que los feligreses de su parroquia est\u00e1n respetando los protocolos de Cuarentena Preventiva?<\/strong><\/p>\n<p>&#8211; S\u00ed. Yo creo que la gente nuestra est\u00e1 siendo muy respetuosa con respecto a quedarnos en casa. La gente espont\u00e1neamente dej\u00f3 de venir a la parroquia, no hubo necesidad de decirles que no vinieran o de cerrar el port\u00f3n para no dejarles entrar. La gente lo entendi\u00f3 inmediatamente. Cuando el Gobierno llam\u00f3 y los obispos nos pidieron la prudencia y que se suspendiera todo, en ese aspecto de forma obediente atendimos esa situaci\u00f3n.<\/p>\n<p>&#8211; <strong>\u00bfCu\u00e1nto tiempo se lleva en oficiar una Misa?<\/strong><\/p>\n<p>&#8211; Aproximadamente una hora, porque le hemos agregado himnos a la Misa.<\/p>\n<p>&#8211; <strong>\u00bfC\u00f3mo hacen con el tema de la comuni\u00f3n?<\/strong><\/p>\n<p>&#8211; En esta modalidad Online lo que se hace es una comuni\u00f3n espiritual, que es cuando una persona no est\u00e1 en condiciones de comulgar, entonces yo puedo hacerlo de forma espiritual, y esa es la que hacemos todos los d\u00edas antes de comulgar quienes estamos ac\u00e1 presencialmente.<\/p>\n<p>&#8211; <strong>\u00bfSabe usted si a nivel de Chile hay sacerdotes afectados por la pandemia?<\/strong><\/p>\n<p>&#8211; Siempre estamos comunicados todos en la Iglesia, hasta el momento no tengo conocimiento de que en Chile alg\u00fan sacerdote est\u00e9 afectado por la pandemia. Aunque s\u00ed sabemos que en Italia han muerto m\u00e1s de 30 sacerdotes y m\u00e1s de 50 religiosas.<\/p>\n<p>&#8211; <strong>\u00bfC\u00f3mo es que graban o producen la transmisi\u00f3n desde la parroquia?<\/strong><\/p>\n<p>&#8211; Yo soy poco experto en temas de tecnolog\u00eda, pero nuestros colaboradores, que son como cinco personas, seis conmigo, ellos instalan las c\u00e1maras en la iglesia, yo oficio la Misa y as\u00ed es que llegamos a miles de personas instant\u00e1neamente.<\/p>\n<p>&nbsp;<\/p>\n<p><span style=\"color: #c81400;\"><strong>LAS ACTIVIDADES<\/strong><\/span><\/p>\n<p>Para que nuestros lectores puedan participar de las actividades de esta parroquia, pueden ingresar a \u2018<strong>En vivo con fe<\/strong>\u2019, en Facebook, las actividades son las siguientes para esta Semana Santa:<\/p>\n<p>Mi\u00e9rcoles Misa a las 7 de la tarde; Jueves Santo Misa tambi\u00e9n a las 7 de la tarde; el Viernes Santo la Misa de Adoraci\u00f3n a la Cruz ser\u00e1 a las 18:00 horas, y seguidamente a las 7 de la tarde el Santo Viacrucis. Para el S\u00e1bado Santo a las 20:00 horas se transmitir\u00e1 la Vigilia Pascual, y el Domingo de Resurrecci\u00f3n habr\u00e1 dos actividades, a las 11 de la ma\u00f1ana el Santo Rosario y a las 12:00 medio d\u00eda.<\/p>\n<p><strong>Roberto Gonz\u00e1lez Short<\/strong><\/p>\n<p>&nbsp;<\/p>\n<figure id=\"attachment_98038\" aria-describedby=\"caption-attachment-98038\" style=\"width: 580px\" class=\"wp-caption alignnone\"><img data-recalc-dims=\"1\" loading=\"lazy\" decoding=\"async\" class=\"size-full wp-image-98038\" src=\"https:\/\/i0.wp.com\/www.eltrabajo.cl\/portal\/wp-content\/uploads\/2020\/04\/Santa-1-1.jpg?resize=580%2C360\" alt=\"CRISTO EN SOLITARIO.- Estas im\u00e1genes vividas en 2018 en el Cristo de Rinconada de Silva, este a\u00f1o no estar\u00e1n, pues la pandemia del Coronavirus lo impide.\" width=\"580\" height=\"360\" srcset=\"https:\/\/i0.wp.com\/eltrabajo.cl\/portal\/wp-content\/uploads\/2020\/04\/Santa-1-1.jpg?w=580&amp;ssl=1 580w, https:\/\/i0.wp.com\/eltrabajo.cl\/portal\/wp-content\/uploads\/2020\/04\/Santa-1-1.jpg?resize=300%2C186&amp;ssl=1 300w, https:\/\/i0.wp.com\/eltrabajo.cl\/portal\/wp-content\/uploads\/2020\/04\/Santa-1-1.jpg?resize=200%2C124&amp;ssl=1 200w, https:\/\/i0.wp.com\/eltrabajo.cl\/portal\/wp-content\/uploads\/2020\/04\/Santa-1-1.jpg?resize=242%2C150&amp;ssl=1 242w, https:\/\/i0.wp.com\/eltrabajo.cl\/portal\/wp-content\/uploads\/2020\/04\/Santa-1-1.jpg?resize=400%2C248&amp;ssl=1 400w\" sizes=\"auto, (max-width: 580px) 100vw, 580px\" \/><figcaption id=\"caption-attachment-98038\" class=\"wp-caption-text\">CRISTO EN SOLITARIO.- Estas im\u00e1genes vividas en 2018 en el Cristo de Rinconada de Silva, este a\u00f1o no estar\u00e1n, pues la pandemia del Coronavirus lo impide.<\/figcaption><\/figure>\n<p>&nbsp;<\/p>\n<figure id=\"attachment_98039\" aria-describedby=\"caption-attachment-98039\" style=\"width: 580px\" class=\"wp-caption alignnone\"><img data-recalc-dims=\"1\" loading=\"lazy\" decoding=\"async\" class=\"size-full wp-image-98039\" src=\"https:\/\/i0.wp.com\/www.eltrabajo.cl\/portal\/wp-content\/uploads\/2020\/04\/Santa-2-1.jpg?resize=580%2C359\" alt=\"SEMANA SANTA EN CASA.- Miles de aconcag\u00fcinos se re\u00fanen todos los a\u00f1os en distintos lugares del valle para celebrar sus actividades de Semana Santa. Este a\u00f1o ser\u00e1 en casa.\" width=\"580\" height=\"359\" srcset=\"https:\/\/i0.wp.com\/eltrabajo.cl\/portal\/wp-content\/uploads\/2020\/04\/Santa-2-1.jpg?w=580&amp;ssl=1 580w, https:\/\/i0.wp.com\/eltrabajo.cl\/portal\/wp-content\/uploads\/2020\/04\/Santa-2-1.jpg?resize=300%2C186&amp;ssl=1 300w, https:\/\/i0.wp.com\/eltrabajo.cl\/portal\/wp-content\/uploads\/2020\/04\/Santa-2-1.jpg?resize=200%2C124&amp;ssl=1 200w, https:\/\/i0.wp.com\/eltrabajo.cl\/portal\/wp-content\/uploads\/2020\/04\/Santa-2-1.jpg?resize=242%2C150&amp;ssl=1 242w, https:\/\/i0.wp.com\/eltrabajo.cl\/portal\/wp-content\/uploads\/2020\/04\/Santa-2-1.jpg?resize=400%2C248&amp;ssl=1 400w\" sizes=\"auto, (max-width: 580px) 100vw, 580px\" \/><figcaption id=\"caption-attachment-98039\" class=\"wp-caption-text\">SEMANA SANTA EN CASA.- Miles de aconcag\u00fcinos se re\u00fanen todos los a\u00f1os en distintos lugares del valle para celebrar sus actividades de Semana Santa. Este a\u00f1o ser\u00e1 en casa.<\/figcaption><\/figure>\n<p>&nbsp;<\/p>\n<figure id=\"attachment_98040\" aria-describedby=\"caption-attachment-98040\" style=\"width: 579px\" class=\"wp-caption alignnone\"><img data-recalc-dims=\"1\" loading=\"lazy\" decoding=\"async\" class=\"size-full wp-image-98040\" src=\"https:\/\/i0.wp.com\/www.eltrabajo.cl\/portal\/wp-content\/uploads\/2020\/04\/Santa_Luis-Felipe-Vergara-1.jpg?resize=579%2C600\" alt=\"Titular de la parroquia de Nuestra Se\u00f1ora del Rosario de Andacollo, Luis Felipe Vergara.\" width=\"579\" height=\"600\" srcset=\"https:\/\/i0.wp.com\/eltrabajo.cl\/portal\/wp-content\/uploads\/2020\/04\/Santa_Luis-Felipe-Vergara-1.jpg?w=579&amp;ssl=1 579w, https:\/\/i0.wp.com\/eltrabajo.cl\/portal\/wp-content\/uploads\/2020\/04\/Santa_Luis-Felipe-Vergara-1.jpg?resize=290%2C300&amp;ssl=1 290w, https:\/\/i0.wp.com\/eltrabajo.cl\/portal\/wp-content\/uploads\/2020\/04\/Santa_Luis-Felipe-Vergara-1.jpg?resize=145%2C150&amp;ssl=1 145w, https:\/\/i0.wp.com\/eltrabajo.cl\/portal\/wp-content\/uploads\/2020\/04\/Santa_Luis-Felipe-Vergara-1.jpg?resize=400%2C415&amp;ssl=1 400w\" sizes=\"auto, (max-width: 579px) 100vw, 579px\" \/><figcaption id=\"caption-attachment-98040\" class=\"wp-caption-text\">Titular de la parroquia de Nuestra Se\u00f1ora del Rosario de Andacollo, Luis Felipe Vergara.<\/figcaption><\/figure>\n<p>&nbsp;<\/p>\n<figure id=\"attachment_98041\" aria-describedby=\"caption-attachment-98041\" style=\"width: 580px\" class=\"wp-caption alignnone\"><img data-recalc-dims=\"1\" loading=\"lazy\" decoding=\"async\" class=\"size-full wp-image-98041\" src=\"https:\/\/i0.wp.com\/www.eltrabajo.cl\/portal\/wp-content\/uploads\/2020\/04\/Santa3.jpg?resize=580%2C580\" alt=\"Estas son las actividades y horarios que ser\u00e1n transmitidas por Facebook, por la parroquia Andacollo en esta Semana Santa.\" width=\"580\" height=\"580\" srcset=\"https:\/\/i0.wp.com\/eltrabajo.cl\/portal\/wp-content\/uploads\/2020\/04\/Santa3.jpg?w=580&amp;ssl=1 580w, https:\/\/i0.wp.com\/eltrabajo.cl\/portal\/wp-content\/uploads\/2020\/04\/Santa3.jpg?resize=300%2C300&amp;ssl=1 300w, https:\/\/i0.wp.com\/eltrabajo.cl\/portal\/wp-content\/uploads\/2020\/04\/Santa3.jpg?resize=150%2C150&amp;ssl=1 150w, https:\/\/i0.wp.com\/eltrabajo.cl\/portal\/wp-content\/uploads\/2020\/04\/Santa3.jpg?resize=400%2C400&amp;ssl=1 400w, https:\/\/i0.wp.com\/eltrabajo.cl\/portal\/wp-content\/uploads\/2020\/04\/Santa3.jpg?resize=144%2C144&amp;ssl=1 144w\" sizes=\"auto, (max-width: 580px) 100vw, 580px\" \/><figcaption id=\"caption-attachment-98041\" class=\"wp-caption-text\">Estas son las actividades y horarios que ser\u00e1n transmitidas por Facebook, por la parroquia Andacollo en esta Semana Santa.<\/figcaption><\/figure>\n","protected":false},"excerpt":{"rendered":"<p>Miles de fieles le siguen para no perderse sus actividades: Cada quien tiene que adaptarse a las circunstancias y desaf\u00edos que se viven hoy en d\u00eda, o desaparecer, \u00e9se es el caso&#8230;<\/p>\n","protected":false},"author":482,"featured_media":98038,"comment_status":"open","ping_status":"open","sticky":false,"template":"","format":"standard","meta":{"advanced_seo_description":"","jetpack_seo_html_title":"","jetpack_seo_noindex":false,"_jetpack_memberships_contains_paid_content":false,"footnotes":""},"categories":[15],"tags":[],"class_list":["post-98037","post","type-post","status-publish","format-standard","has-post-thumbnail","hentry","category-comunidad"],"jetpack_featured_media_url":"https:\/\/i0.wp.com\/eltrabajo.cl\/portal\/wp-content\/uploads\/2020\/04\/Santa-1-1.jpg?fit=580%2C360&ssl=1","jetpack_sharing_enabled":true,"jetpack_likes_enabled":true,"jetpack-related-posts":[],"_links":{"self":[{"href":"https:\/\/eltrabajo.cl\/portal\/wp-json\/wp\/v2\/posts\/98037","targetHints":{"allow":["GET"]}}],"collection":[{"href":"https:\/\/eltrabajo.cl\/portal\/wp-json\/wp\/v2\/posts"}],"about":[{"href":"https:\/\/eltrabajo.cl\/portal\/wp-json\/wp\/v2\/types\/post"}],"author":[{"embeddable":true,"href":"https:\/\/eltrabajo.cl\/portal\/wp-json\/wp\/v2\/users\/482"}],"replies":[{"embeddable":true,"href":"https:\/\/eltrabajo.cl\/portal\/wp-json\/wp\/v2\/comments?post=98037"}],"version-history":[{"count":0,"href":"https:\/\/eltrabajo.cl\/portal\/wp-json\/wp\/v2\/posts\/98037\/revisions"}],"wp:featuredmedia":[{"embeddable":true,"href":"https:\/\/eltrabajo.cl\/portal\/wp-json\/wp\/v2\/media\/98038"}],"wp:attachment":[{"href":"https:\/\/eltrabajo.cl\/portal\/wp-json\/wp\/v2\/media?parent=98037"}],"wp:term":[{"taxonomy":"category","embeddable":true,"href":"https:\/\/eltrabajo.cl\/portal\/wp-json\/wp\/v2\/categories?post=98037"},{"taxonomy":"post_tag","embeddable":true,"href":"https:\/\/eltrabajo.cl\/portal\/wp-json\/wp\/v2\/tags?post=98037"}],"curies":[{"name":"wp","href":"https:\/\/api.w.org\/{rel}","templated":true}]}}